
{"id":1,"date":"2016-06-14T09:37:45","date_gmt":"2016-06-14T09:37:45","guid":{"rendered":"http:\/\/blog.baque.com\/?p=1"},"modified":"2018-03-21T14:31:25","modified_gmt":"2018-03-21T14:31:25","slug":"cafe-euskadi-cafe-baque","status":"publish","type":"post","link":"https:\/\/www.baque.com\/es\/blog\/cafe-euskadi-cafe-baque\/","title":{"rendered":"Aqu\u00ed, caf\u00e9 se dice Baqu\u00e9"},"content":{"rendered":"<p class='entradilla'>Siempre hemos sido una empresa que despierta emociones, que <strong>busca algo m\u00e1s que servirte un buen caf\u00e9<\/strong>.<\/p>\n<p>Nuestra \u00faltima campa\u00f1a publicitaria fortalece nuestros valores de marca y transmite la emoci\u00f3n que sentimos quienes formamos parte de Caf\u00e9s Baqu\u00e9. Cada d\u00eda son m\u00e1s los clientes satisfechos que disfrutan de un caf\u00e9 de nuestra marca en su hogar o en locales de hosteler\u00eda. \u00a0Pero\u00a0nosotros seguimos pensando que <strong>t\u00fa eres lo importante<\/strong>.<\/p>\n<p><iframe loading=\"lazy\" src=\"https:\/\/www.youtube.com\/embed\/CMz5jsDfFuI\" width=\"100%\" height=\"450\" frameborder=\"0\" allowfullscreen=\"allowfullscreen\"><\/iframe><\/p>\n<p>Por eso, nuestra campa\u00f1a est\u00e1 centrada en las personas. En personas como t\u00fa, como tu vecino, como tu mejor amiga, como el hostelero que te sirve el caf\u00e9 en el bar.<\/p>\n<p>Somos una empresa familiar y eso se traduce en un trato personal. En una historia sincera. En una historia de aqu\u00ed, de la tierra, que la sientes como tuya, que es cercana y te lo demuestra.<\/p>\n<p>Desde principios del siglo XX, cuando <strong>la empresa surge en Iurreta (Bizkaia)<\/strong> hasta hoy, hemos pasado crisis econ\u00f3micas, pero siempre hemos mantenido la ilusi\u00f3n por lo que hacemos.<\/p>\n<p>Nuestros granos de caf\u00e9 est\u00e1n cuidadosamente seleccionados para que puedas disfrutar en tu hogar, en la calle o en la oficina de un gran sabor, pero tambi\u00e9n de algo m\u00e1s.<\/p>\n<p>Un caf\u00e9 \u00fanico, un caf\u00e9 de aqu\u00ed.<\/p>\n<h3>Innovaci\u00f3n para mejorar cada d\u00eda nuestro caf\u00e9<\/h3>\n<p><iframe loading=\"lazy\" src=\"https:\/\/www.youtube.com\/embed\/Vi5JtQnUoss\" width=\"100%\" height=\"450\" frameborder=\"0\" allowfullscreen=\"allowfullscreen\"><\/iframe><\/p>\n<p>En Caf\u00e9s Baqu\u00e9 siempre <strong>apostamos por la innovaci\u00f3n constante<\/strong> para conseguir la excelencia en el producto y el servicio que te ofrecemos. Creemos que a\u00fan nos queda mucho camino por recorrer y queremos seguir acompa\u00f1\u00e1ndote en tu d\u00eda a d\u00eda.<\/p>\n<p>Nuestro objetivo es que t\u00fa sigas pensando que aqu\u00ed, caf\u00e9 se dice Baqu\u00e9.<\/p>\n<p><a href=\"http:\/\/www.capsulasbaque.com\/ficha_articulo.php\/id_articulo\/188\/gran_aroma_60_capsulas\" target=\"_blank\" rel=\"noopener\"><img loading=\"lazy\" decoding=\"async\" class=\"alignnone wp-image-56 size-full\" title=\"C\u00e1psulas Caf\u00e9 Baqu\u00e9\" src=\"http:\/\/www.baque.com\/wp-content\/uploads\/2016\/06\/banners-baque-blog2.png\" alt=\"C\u00e1psulas Caf\u00e9 Baqu\u00e9\" width=\"70\" height=\"450\" \/><\/a><\/p>\n<p>&nbsp;<\/p>\n","protected":false},"excerpt":{"rendered":"<p>Nuestra \u00faltima campa\u00f1a publicitaria fortalece nuestros valores de marca y transmite la emoci\u00f3n que sentimos quienes formamos parte de Caf\u00e9s Baqu\u00e9. Cada d\u00eda son m\u00e1s los clientes satisfechos que disfrutan de un caf\u00e9 de nuestra marca en su hogar o en locales de hosteler\u00eda.  Pero nosotros seguimos pensando que t\u00fa eres lo importante.<\/p>\n","protected":false},"author":1,"featured_media":2457,"comment_status":"open","ping_status":"open","sticky":false,"template":"","format":"standard","meta":{"_acf_changed":false,"footnotes":""},"categories":[19],"tags":[16,17,18],"class_list":["post-1","post","type-post","status-publish","format-standard","has-post-thumbnail","hentry","category-de-aqui","tag-cafe-en-casa","tag-cafe-en-el-bar","tag-cafe-euskadi"],"acf":[],"yoast_head":"<!-- This site is optimized with the Yoast SEO plugin v27.3 - https:\/\/yoast.com\/product\/yoast-seo-wordpress\/ -->\n<title>El caf\u00e9 de aqu\u00ed, es caf\u00e9 Baqu\u00e9<\/title>\n<meta name=\"description\" content=\"Disfruta del mejor caf\u00e9 de Euskadi, un caf\u00e9 hecho en la tierra, por y para ti. Somos una empresa familiar y eso se traduce en un trato personal.\" \/>\n<meta name=\"robots\" content=\"index, follow, max-snippet:-1, max-image-preview:large, max-video-preview:-1\" \/>\n<meta property=\"og:locale\" content=\"es_ES\" \/>\n<meta property=\"og:type\" content=\"article\" \/>\n<meta property=\"og:title\" content=\"El caf\u00e9 de aqu\u00ed, es caf\u00e9 Baqu\u00e9\" \/>\n<meta property=\"og:description\" content=\"Disfruta del mejor caf\u00e9 de Euskadi, un caf\u00e9 hecho en la tierra, por y para ti. Somos una empresa familiar y eso se traduce en un trato personal.\" \/>\n<meta property=\"og:url\" content=\"https:\/\/www.baque.com\/es\/blog\/cafe-euskadi-cafe-baque\/\" \/>\n<meta property=\"og:site_name\" content=\"Caf\u00e9s Baqu\u00e9\" \/>\n<meta property=\"article:published_time\" content=\"2016-06-14T09:37:45+00:00\" \/>\n<meta property=\"article:modified_time\" content=\"2018-03-21T14:31:25+00:00\" \/>\n<meta property=\"og:image\" content=\"https:\/\/www.baque.com\/wp-content\/uploads\/2016\/06\/cafe-de-Euskadi.jpg\" \/>\n\t<meta property=\"og:image:width\" content=\"1300\" \/>\n\t<meta property=\"og:image:height\" content=\"655\" \/>\n\t<meta property=\"og:image:type\" content=\"image\/jpeg\" \/>\n<meta name=\"author\" content=\"baque\" \/>\n<meta name=\"twitter:card\" content=\"summary_large_image\" \/>\n<meta name=\"twitter:label1\" content=\"Escrito por\" \/>\n\t<meta name=\"twitter:data1\" content=\"baque\" \/>\n\t<meta name=\"twitter:label2\" content=\"Tiempo de lectura\" \/>\n\t<meta name=\"twitter:data2\" content=\"1 minuto\" \/>\n<script type=\"application\/ld+json\" class=\"yoast-schema-graph\">{\"@context\":\"https:\\\/\\\/schema.org\",\"@graph\":[{\"@type\":\"Article\",\"@id\":\"https:\\\/\\\/www.baque.com\\\/es\\\/blog\\\/cafe-euskadi-cafe-baque\\\/#article\",\"isPartOf\":{\"@id\":\"https:\\\/\\\/www.baque.com\\\/es\\\/blog\\\/cafe-euskadi-cafe-baque\\\/\"},\"author\":{\"name\":\"baque\",\"@id\":\"https:\\\/\\\/www.baque.com\\\/es\\\/#\\\/schema\\\/person\\\/32c8c583e6573818274e39ba0178ea0c\"},\"headline\":\"Aqu\u00ed, caf\u00e9 se dice Baqu\u00e9\",\"datePublished\":\"2016-06-14T09:37:45+00:00\",\"dateModified\":\"2018-03-21T14:31:25+00:00\",\"mainEntityOfPage\":{\"@id\":\"https:\\\/\\\/www.baque.com\\\/es\\\/blog\\\/cafe-euskadi-cafe-baque\\\/\"},\"wordCount\":291,\"commentCount\":2,\"image\":{\"@id\":\"https:\\\/\\\/www.baque.com\\\/es\\\/blog\\\/cafe-euskadi-cafe-baque\\\/#primaryimage\"},\"thumbnailUrl\":\"https:\\\/\\\/www.baque.com\\\/wp-content\\\/uploads\\\/2016\\\/06\\\/cafe-de-Euskadi.jpg\",\"keywords\":[\"caf\u00e9 en casa\",\"caf\u00e9 en el bar\",\"caf\u00e9 euskadi\"],\"articleSection\":[\"De aqu\u00ed\"],\"inLanguage\":\"es\",\"potentialAction\":[{\"@type\":\"CommentAction\",\"name\":\"Comment\",\"target\":[\"https:\\\/\\\/www.baque.com\\\/es\\\/blog\\\/cafe-euskadi-cafe-baque\\\/#respond\"]}]},{\"@type\":\"WebPage\",\"@id\":\"https:\\\/\\\/www.baque.com\\\/es\\\/blog\\\/cafe-euskadi-cafe-baque\\\/\",\"url\":\"https:\\\/\\\/www.baque.com\\\/es\\\/blog\\\/cafe-euskadi-cafe-baque\\\/\",\"name\":\"El caf\u00e9 de aqu\u00ed, es caf\u00e9 Baqu\u00e9\",\"isPartOf\":{\"@id\":\"https:\\\/\\\/www.baque.com\\\/es\\\/#website\"},\"primaryImageOfPage\":{\"@id\":\"https:\\\/\\\/www.baque.com\\\/es\\\/blog\\\/cafe-euskadi-cafe-baque\\\/#primaryimage\"},\"image\":{\"@id\":\"https:\\\/\\\/www.baque.com\\\/es\\\/blog\\\/cafe-euskadi-cafe-baque\\\/#primaryimage\"},\"thumbnailUrl\":\"https:\\\/\\\/www.baque.com\\\/wp-content\\\/uploads\\\/2016\\\/06\\\/cafe-de-Euskadi.jpg\",\"datePublished\":\"2016-06-14T09:37:45+00:00\",\"dateModified\":\"2018-03-21T14:31:25+00:00\",\"author\":{\"@id\":\"https:\\\/\\\/www.baque.com\\\/es\\\/#\\\/schema\\\/person\\\/32c8c583e6573818274e39ba0178ea0c\"},\"description\":\"Disfruta del mejor caf\u00e9 de Euskadi, un caf\u00e9 hecho en la tierra, por y para ti. Somos una empresa familiar y eso se traduce en un trato personal.\",\"breadcrumb\":{\"@id\":\"https:\\\/\\\/www.baque.com\\\/es\\\/blog\\\/cafe-euskadi-cafe-baque\\\/#breadcrumb\"},\"inLanguage\":\"es\",\"potentialAction\":[{\"@type\":\"ReadAction\",\"target\":[\"https:\\\/\\\/www.baque.com\\\/es\\\/blog\\\/cafe-euskadi-cafe-baque\\\/\"]}]},{\"@type\":\"ImageObject\",\"inLanguage\":\"es\",\"@id\":\"https:\\\/\\\/www.baque.com\\\/es\\\/blog\\\/cafe-euskadi-cafe-baque\\\/#primaryimage\",\"url\":\"https:\\\/\\\/www.baque.com\\\/wp-content\\\/uploads\\\/2016\\\/06\\\/cafe-de-Euskadi.jpg\",\"contentUrl\":\"https:\\\/\\\/www.baque.com\\\/wp-content\\\/uploads\\\/2016\\\/06\\\/cafe-de-Euskadi.jpg\",\"width\":1300,\"height\":655,\"caption\":\"caf\u00e9 de Euskadi\"},{\"@type\":\"BreadcrumbList\",\"@id\":\"https:\\\/\\\/www.baque.com\\\/es\\\/blog\\\/cafe-euskadi-cafe-baque\\\/#breadcrumb\",\"itemListElement\":[{\"@type\":\"ListItem\",\"position\":1,\"name\":\"Portada\",\"item\":\"https:\\\/\\\/www.baque.com\\\/es\\\/\"},{\"@type\":\"ListItem\",\"position\":2,\"name\":\"Aqu\u00ed, caf\u00e9 se dice Baqu\u00e9\"}]},{\"@type\":\"WebSite\",\"@id\":\"https:\\\/\\\/www.baque.com\\\/es\\\/#website\",\"url\":\"https:\\\/\\\/www.baque.com\\\/es\\\/\",\"name\":\"Caf\u00e9s Baqu\u00e9\",\"description\":\"Somos l\u00edderes en hosteler\u00eda en Pa\u00eds Vasco y La Rioja y una de las marcas m\u00e1s reconocidas en el mercado nacional. Somos una empresa familiar en constante innovaci\u00f3n en el producto. Tostamos y distribuimos caf\u00e9 molido, en grano y c\u00e1psulas para disfrutar en casa, en el bar y en la oficina.\",\"potentialAction\":[{\"@type\":\"SearchAction\",\"target\":{\"@type\":\"EntryPoint\",\"urlTemplate\":\"https:\\\/\\\/www.baque.com\\\/es\\\/?s={search_term_string}\"},\"query-input\":{\"@type\":\"PropertyValueSpecification\",\"valueRequired\":true,\"valueName\":\"search_term_string\"}}],\"inLanguage\":\"es\"},{\"@type\":\"Person\",\"@id\":\"https:\\\/\\\/www.baque.com\\\/es\\\/#\\\/schema\\\/person\\\/32c8c583e6573818274e39ba0178ea0c\",\"name\":\"baque\",\"image\":{\"@type\":\"ImageObject\",\"inLanguage\":\"es\",\"@id\":\"https:\\\/\\\/secure.gravatar.com\\\/avatar\\\/e662fd223ca8a44ab1e60e541b95b68e1a42729b8396361e1232af01ddb23e51?s=96&d=mm&r=g\",\"url\":\"https:\\\/\\\/secure.gravatar.com\\\/avatar\\\/e662fd223ca8a44ab1e60e541b95b68e1a42729b8396361e1232af01ddb23e51?s=96&d=mm&r=g\",\"contentUrl\":\"https:\\\/\\\/secure.gravatar.com\\\/avatar\\\/e662fd223ca8a44ab1e60e541b95b68e1a42729b8396361e1232af01ddb23e51?s=96&d=mm&r=g\",\"caption\":\"baque\"}}]}<\/script>\n<!-- \/ Yoast SEO plugin. -->","yoast_head_json":{"title":"El caf\u00e9 de aqu\u00ed, es caf\u00e9 Baqu\u00e9","description":"Disfruta del mejor caf\u00e9 de Euskadi, un caf\u00e9 hecho en la tierra, por y para ti. Somos una empresa familiar y eso se traduce en un trato personal.","robots":{"index":"index","follow":"follow","max-snippet":"max-snippet:-1","max-image-preview":"max-image-preview:large","max-video-preview":"max-video-preview:-1"},"og_locale":"es_ES","og_type":"article","og_title":"El caf\u00e9 de aqu\u00ed, es caf\u00e9 Baqu\u00e9","og_description":"Disfruta del mejor caf\u00e9 de Euskadi, un caf\u00e9 hecho en la tierra, por y para ti. Somos una empresa familiar y eso se traduce en un trato personal.","og_url":"https:\/\/www.baque.com\/es\/blog\/cafe-euskadi-cafe-baque\/","og_site_name":"Caf\u00e9s Baqu\u00e9","article_published_time":"2016-06-14T09:37:45+00:00","article_modified_time":"2018-03-21T14:31:25+00:00","og_image":[{"width":1300,"height":655,"url":"https:\/\/www.baque.com\/wp-content\/uploads\/2016\/06\/cafe-de-Euskadi.jpg","type":"image\/jpeg"}],"author":"baque","twitter_card":"summary_large_image","twitter_misc":{"Escrito por":"baque","Tiempo de lectura":"1 minuto"},"schema":{"@context":"https:\/\/schema.org","@graph":[{"@type":"Article","@id":"https:\/\/www.baque.com\/es\/blog\/cafe-euskadi-cafe-baque\/#article","isPartOf":{"@id":"https:\/\/www.baque.com\/es\/blog\/cafe-euskadi-cafe-baque\/"},"author":{"name":"baque","@id":"https:\/\/www.baque.com\/es\/#\/schema\/person\/32c8c583e6573818274e39ba0178ea0c"},"headline":"Aqu\u00ed, caf\u00e9 se dice Baqu\u00e9","datePublished":"2016-06-14T09:37:45+00:00","dateModified":"2018-03-21T14:31:25+00:00","mainEntityOfPage":{"@id":"https:\/\/www.baque.com\/es\/blog\/cafe-euskadi-cafe-baque\/"},"wordCount":291,"commentCount":2,"image":{"@id":"https:\/\/www.baque.com\/es\/blog\/cafe-euskadi-cafe-baque\/#primaryimage"},"thumbnailUrl":"https:\/\/www.baque.com\/wp-content\/uploads\/2016\/06\/cafe-de-Euskadi.jpg","keywords":["caf\u00e9 en casa","caf\u00e9 en el bar","caf\u00e9 euskadi"],"articleSection":["De aqu\u00ed"],"inLanguage":"es","potentialAction":[{"@type":"CommentAction","name":"Comment","target":["https:\/\/www.baque.com\/es\/blog\/cafe-euskadi-cafe-baque\/#respond"]}]},{"@type":"WebPage","@id":"https:\/\/www.baque.com\/es\/blog\/cafe-euskadi-cafe-baque\/","url":"https:\/\/www.baque.com\/es\/blog\/cafe-euskadi-cafe-baque\/","name":"El caf\u00e9 de aqu\u00ed, es caf\u00e9 Baqu\u00e9","isPartOf":{"@id":"https:\/\/www.baque.com\/es\/#website"},"primaryImageOfPage":{"@id":"https:\/\/www.baque.com\/es\/blog\/cafe-euskadi-cafe-baque\/#primaryimage"},"image":{"@id":"https:\/\/www.baque.com\/es\/blog\/cafe-euskadi-cafe-baque\/#primaryimage"},"thumbnailUrl":"https:\/\/www.baque.com\/wp-content\/uploads\/2016\/06\/cafe-de-Euskadi.jpg","datePublished":"2016-06-14T09:37:45+00:00","dateModified":"2018-03-21T14:31:25+00:00","author":{"@id":"https:\/\/www.baque.com\/es\/#\/schema\/person\/32c8c583e6573818274e39ba0178ea0c"},"description":"Disfruta del mejor caf\u00e9 de Euskadi, un caf\u00e9 hecho en la tierra, por y para ti. Somos una empresa familiar y eso se traduce en un trato personal.","breadcrumb":{"@id":"https:\/\/www.baque.com\/es\/blog\/cafe-euskadi-cafe-baque\/#breadcrumb"},"inLanguage":"es","potentialAction":[{"@type":"ReadAction","target":["https:\/\/www.baque.com\/es\/blog\/cafe-euskadi-cafe-baque\/"]}]},{"@type":"ImageObject","inLanguage":"es","@id":"https:\/\/www.baque.com\/es\/blog\/cafe-euskadi-cafe-baque\/#primaryimage","url":"https:\/\/www.baque.com\/wp-content\/uploads\/2016\/06\/cafe-de-Euskadi.jpg","contentUrl":"https:\/\/www.baque.com\/wp-content\/uploads\/2016\/06\/cafe-de-Euskadi.jpg","width":1300,"height":655,"caption":"caf\u00e9 de Euskadi"},{"@type":"BreadcrumbList","@id":"https:\/\/www.baque.com\/es\/blog\/cafe-euskadi-cafe-baque\/#breadcrumb","itemListElement":[{"@type":"ListItem","position":1,"name":"Portada","item":"https:\/\/www.baque.com\/es\/"},{"@type":"ListItem","position":2,"name":"Aqu\u00ed, caf\u00e9 se dice Baqu\u00e9"}]},{"@type":"WebSite","@id":"https:\/\/www.baque.com\/es\/#website","url":"https:\/\/www.baque.com\/es\/","name":"Caf\u00e9s Baqu\u00e9","description":"Somos l\u00edderes en hosteler\u00eda en Pa\u00eds Vasco y La Rioja y una de las marcas m\u00e1s reconocidas en el mercado nacional. Somos una empresa familiar en constante innovaci\u00f3n en el producto. Tostamos y distribuimos caf\u00e9 molido, en grano y c\u00e1psulas para disfrutar en casa, en el bar y en la oficina.","potentialAction":[{"@type":"SearchAction","target":{"@type":"EntryPoint","urlTemplate":"https:\/\/www.baque.com\/es\/?s={search_term_string}"},"query-input":{"@type":"PropertyValueSpecification","valueRequired":true,"valueName":"search_term_string"}}],"inLanguage":"es"},{"@type":"Person","@id":"https:\/\/www.baque.com\/es\/#\/schema\/person\/32c8c583e6573818274e39ba0178ea0c","name":"baque","image":{"@type":"ImageObject","inLanguage":"es","@id":"https:\/\/secure.gravatar.com\/avatar\/e662fd223ca8a44ab1e60e541b95b68e1a42729b8396361e1232af01ddb23e51?s=96&d=mm&r=g","url":"https:\/\/secure.gravatar.com\/avatar\/e662fd223ca8a44ab1e60e541b95b68e1a42729b8396361e1232af01ddb23e51?s=96&d=mm&r=g","contentUrl":"https:\/\/secure.gravatar.com\/avatar\/e662fd223ca8a44ab1e60e541b95b68e1a42729b8396361e1232af01ddb23e51?s=96&d=mm&r=g","caption":"baque"}}]}},"_links":{"self":[{"href":"https:\/\/www.baque.com\/es\/wp-json\/wp\/v2\/posts\/1","targetHints":{"allow":["GET"]}}],"collection":[{"href":"https:\/\/www.baque.com\/es\/wp-json\/wp\/v2\/posts"}],"about":[{"href":"https:\/\/www.baque.com\/es\/wp-json\/wp\/v2\/types\/post"}],"author":[{"embeddable":true,"href":"https:\/\/www.baque.com\/es\/wp-json\/wp\/v2\/users\/1"}],"replies":[{"embeddable":true,"href":"https:\/\/www.baque.com\/es\/wp-json\/wp\/v2\/comments?post=1"}],"version-history":[{"count":0,"href":"https:\/\/www.baque.com\/es\/wp-json\/wp\/v2\/posts\/1\/revisions"}],"wp:featuredmedia":[{"embeddable":true,"href":"https:\/\/www.baque.com\/es\/wp-json\/wp\/v2\/media\/2457"}],"wp:attachment":[{"href":"https:\/\/www.baque.com\/es\/wp-json\/wp\/v2\/media?parent=1"}],"wp:term":[{"taxonomy":"category","embeddable":true,"href":"https:\/\/www.baque.com\/es\/wp-json\/wp\/v2\/categories?post=1"},{"taxonomy":"post_tag","embeddable":true,"href":"https:\/\/www.baque.com\/es\/wp-json\/wp\/v2\/tags?post=1"}],"curies":[{"name":"wp","href":"https:\/\/api.w.org\/{rel}","templated":true}]}}