
{"id":1013930,"date":"2022-09-15T13:26:41","date_gmt":"2022-09-15T11:26:41","guid":{"rendered":"https:\/\/www.baque.com\/?p=1013930"},"modified":"2022-09-15T13:26:41","modified_gmt":"2022-09-15T11:26:41","slug":"consejos-como-conservar-cafe-en-grano-y-molido","status":"publish","type":"post","link":"https:\/\/www.baque.com\/es\/blog\/consejos-como-conservar-cafe-en-grano-y-molido\/","title":{"rendered":"Trucos y consejos para conservar el caf\u00e9 en grano y molido"},"content":{"rendered":"<p>El aroma, la variedad del grano, el sabor, el color que luce tras su tueste\u2026 Existen diversos tipos de caf\u00e9 y al hablar de \u00e9l tambi\u00e9n hay que diferenciar entre si es en grano o molido. La raz\u00f3n es que las propiedades del producto son muy diferentes en funci\u00f3n de c\u00f3mo lo adquieras o de la clase que sea. Y por ese mismo motivo tambi\u00e9n es fundamental saber <a href=\"https:\/\/www.baque.com\/es\/para-casa\/cafe\/molido-grano\/\">c\u00f3mo conservar el caf\u00e9<\/a> \u00bfEl objetivo? Que no pierda esas propiedades que lo hacen tan especial.<\/p>\n<h3>C\u00f3mo conservar el caf\u00e9 y evitar que se ponga malo<\/h3>\n<p>Como sucede con otros alimentos, el paso del tiempo o una mala conservaci\u00f3n puede da\u00f1ar el caf\u00e9. O, m\u00e1s bien, hacer que pierda sus propiedades. El sabor y el aroma pueden cambiar al cabo de unos <strong>7-10 d\u00edas<\/strong>, sobre todo, si no se siguen ciertas <strong>recomendaciones sobre c\u00f3mo conservar el caf\u00e9.<\/strong> Para ello, debes saber que hay cuatro principales enemigos del caf\u00e9 y sus singulares caracter\u00edsticas:<\/p>\n<ul>\n<li>El <strong>ox\u00edgeno,<\/strong> ya que, como su propio indica, oxigenar\u00e1 el alimento y puede hacer que el color del caf\u00e9 y su sabor se vuelva m\u00e1s \u00e1cido.<\/li>\n<li>La <strong>humedad,<\/strong> puesto que puede generar moho y, mayormente con el caf\u00e9 en grano, \u00e9ste fermente y sus propiedades cambien.<\/li>\n<li>La <strong>luz solar<\/strong>, porque la irradiaci\u00f3n es capaz de generar mayor oxidaci\u00f3n y una reacci\u00f3n qu\u00edmica que modifica y perjudica el sabor.<\/li>\n<li>Las <strong>altas temperaturas,<\/strong> ya que ciertos aceites se pueden evaporar y hacer que el aroma sea diferente, sin poder recuperar dichos matices.<\/li>\n<\/ul>\n<p>Estos factores que acabamos de enumerar afectan mayormente al grano. No obstante, la mayor\u00eda de ellos tambi\u00e9n tendr\u00e1n efectos igualmente negativos tanto en el caf\u00e9 ya preparado como en el molido.<\/p>\n<p>C\u00f3mo conservar el caf\u00e9 en grano<\/p>\n<p>Los granos de caf\u00e9 tostado tienen un mayor tiempo de conservaci\u00f3n que el caf\u00e9 molido. Sabiendo esto, una buena recomendaci\u00f3n es que los conserves en <strong>espacios frescos <\/strong>o, incluso, en la nevera. El objetivo es reducir la oxidaci\u00f3n y su exposici\u00f3n al calor.<\/p>\n<p>A su vez, tambi\u00e9n es recomendable que guardes los granos de caf\u00e9 en un <strong>recipiente de vidrio y con cierre herm\u00e9tico.<\/strong> Botellas y frascos, siempre y cuando est\u00e9n bien lavados para no da\u00f1ar el aroma, son buenos ejemplos. Y, l\u00f3gicamente, no abras el paquete en el que hayas comprado los granos hasta que lo vayas a preparar.<\/p>\n<p>&nbsp;<\/p>\n<h3>C\u00f3mo proteger y guardar el caf\u00e9 molido<\/h3>\n<p>Para <strong>conservar el caf\u00e9 molido<\/strong> y sus propiedades hay que desterrar la humedad y el calor. Por eso, se recomienda guardar el <strong>paquete en lugares con temperaturas entre los 15 y los 25 grados<\/strong>. En caso de que el paquete de caf\u00e9 est\u00e9 abierto, <strong>ci\u00e9rralo<\/strong> <strong>utilizando pinzas<\/strong> para evitar que entre aire y se oxide.<\/p>\n<p>A diferencia del caf\u00e9 en grano, para conservar el caf\u00e9 molido <strong>no se aconseja la utilizaci\u00f3n de la nevera<\/strong>. <strong>Tampoco es recomendable cambiar de envoltorio o envase,<\/strong> no solo por <a href=\"https:\/\/www.baque.com\/es\/blog\/baque-da-nuevos-pasos-en-su-plan-de-sostenibilidad\/\">una cuesti\u00f3n de sostenibilidad<\/a>, sino porque en esos paquetes originales el aroma se conservar\u00e1 mejor.<\/p>\n<p>Por \u00faltimo, destacar que, aunque no conserves correctamente el caf\u00e9, <strong>es muy complicado que \u00e9ste caduque y que por ello tenga efectos negativos en tu salud.<\/strong> Sin embargo, las propiedades del caf\u00e9 cambiar\u00e1n y no podr\u00e1s disfrutar al 100% del aroma y el sabor de un producto maravilloso como el que tenemos en <strong>Caf\u00e9s Baqu\u00e9.<\/strong><\/p>\n<p>&nbsp;<\/p>\n<p>&nbsp;<\/p>\n","protected":false},"excerpt":{"rendered":"<p>El aroma, la variedad del grano, el sabor, el color que luce tras su tueste\u2026 Existen diversos tipos de caf\u00e9 y al hablar de \u00e9l tambi\u00e9n hay que diferenciar entre si es en grano o molido. La raz\u00f3n es que las propiedades del producto son muy diferentes en funci\u00f3n de c\u00f3mo lo adquieras o de [&hellip;]<\/p>\n","protected":false},"author":5116,"featured_media":1013946,"comment_status":"open","ping_status":"open","sticky":false,"template":"","format":"standard","meta":{"_acf_changed":false,"footnotes":""},"categories":[34],"tags":[],"class_list":["post-1013930","post","type-post","status-publish","format-standard","has-post-thumbnail","hentry","category-nos-gusta-el-cafe"],"acf":[],"yoast_head":"<!-- This site is optimized with the Yoast SEO plugin v27.3 - https:\/\/yoast.com\/product\/yoast-seo-wordpress\/ -->\n<title>Trucos y consejos para conservar el caf\u00e9 en grano y molido - Caf\u00e9s Baqu\u00e9<\/title>\n<meta name=\"description\" content=\"El calor, la humedad, la luz solar... Son los principales enemigos del caf\u00e9 molido y en grano. Te damos recomendaciones para conservarlo en el mejor estado.\" \/>\n<meta name=\"robots\" content=\"index, follow, max-snippet:-1, max-image-preview:large, max-video-preview:-1\" \/>\n<meta property=\"og:locale\" content=\"es_ES\" \/>\n<meta property=\"og:type\" content=\"article\" \/>\n<meta property=\"og:title\" content=\"Trucos y consejos para conservar el caf\u00e9 en grano y molido - Caf\u00e9s Baqu\u00e9\" \/>\n<meta property=\"og:description\" content=\"El calor, la humedad, la luz solar... Son los principales enemigos del caf\u00e9 molido y en grano. Te damos recomendaciones para conservarlo en el mejor estado.\" \/>\n<meta property=\"og:url\" content=\"https:\/\/www.baque.com\/es\/blog\/consejos-como-conservar-cafe-en-grano-y-molido\/\" \/>\n<meta property=\"og:site_name\" content=\"Caf\u00e9s Baqu\u00e9\" \/>\n<meta property=\"article:published_time\" content=\"2022-09-15T11:26:41+00:00\" \/>\n<meta property=\"og:image\" content=\"https:\/\/www.baque.com\/wp-content\/uploads\/2022\/09\/3A0A4616-scaled.jpg\" \/>\n\t<meta property=\"og:image:width\" content=\"2560\" \/>\n\t<meta property=\"og:image:height\" content=\"1707\" \/>\n\t<meta property=\"og:image:type\" content=\"image\/jpeg\" \/>\n<meta name=\"author\" content=\"Ruben Sirope\" \/>\n<meta name=\"twitter:card\" content=\"summary_large_image\" \/>\n<meta name=\"twitter:label1\" content=\"Escrito por\" \/>\n\t<meta name=\"twitter:data1\" content=\"Ruben Sirope\" \/>\n\t<meta name=\"twitter:label2\" content=\"Tiempo de lectura\" \/>\n\t<meta name=\"twitter:data2\" content=\"3 minutos\" \/>\n<script type=\"application\/ld+json\" class=\"yoast-schema-graph\">{\"@context\":\"https:\\\/\\\/schema.org\",\"@graph\":[{\"@type\":\"Article\",\"@id\":\"https:\\\/\\\/www.baque.com\\\/es\\\/blog\\\/consejos-como-conservar-cafe-en-grano-y-molido\\\/#article\",\"isPartOf\":{\"@id\":\"https:\\\/\\\/www.baque.com\\\/es\\\/blog\\\/consejos-como-conservar-cafe-en-grano-y-molido\\\/\"},\"author\":{\"name\":\"Ruben Sirope\",\"@id\":\"https:\\\/\\\/www.baque.com\\\/es\\\/#\\\/schema\\\/person\\\/eeebcc1a7829805bd03294e88a225b36\"},\"headline\":\"Trucos y consejos para conservar el caf\u00e9 en grano y molido\",\"datePublished\":\"2022-09-15T11:26:41+00:00\",\"mainEntityOfPage\":{\"@id\":\"https:\\\/\\\/www.baque.com\\\/es\\\/blog\\\/consejos-como-conservar-cafe-en-grano-y-molido\\\/\"},\"wordCount\":599,\"commentCount\":0,\"image\":{\"@id\":\"https:\\\/\\\/www.baque.com\\\/es\\\/blog\\\/consejos-como-conservar-cafe-en-grano-y-molido\\\/#primaryimage\"},\"thumbnailUrl\":\"https:\\\/\\\/www.baque.com\\\/wp-content\\\/uploads\\\/2022\\\/09\\\/3A0A4616-scaled.jpg\",\"articleSection\":[\"Nos gusta el caf\u00e9\"],\"inLanguage\":\"es\",\"potentialAction\":[{\"@type\":\"CommentAction\",\"name\":\"Comment\",\"target\":[\"https:\\\/\\\/www.baque.com\\\/es\\\/blog\\\/consejos-como-conservar-cafe-en-grano-y-molido\\\/#respond\"]}]},{\"@type\":\"WebPage\",\"@id\":\"https:\\\/\\\/www.baque.com\\\/es\\\/blog\\\/consejos-como-conservar-cafe-en-grano-y-molido\\\/\",\"url\":\"https:\\\/\\\/www.baque.com\\\/es\\\/blog\\\/consejos-como-conservar-cafe-en-grano-y-molido\\\/\",\"name\":\"Trucos y consejos para conservar el caf\u00e9 en grano y molido - Caf\u00e9s Baqu\u00e9\",\"isPartOf\":{\"@id\":\"https:\\\/\\\/www.baque.com\\\/es\\\/#website\"},\"primaryImageOfPage\":{\"@id\":\"https:\\\/\\\/www.baque.com\\\/es\\\/blog\\\/consejos-como-conservar-cafe-en-grano-y-molido\\\/#primaryimage\"},\"image\":{\"@id\":\"https:\\\/\\\/www.baque.com\\\/es\\\/blog\\\/consejos-como-conservar-cafe-en-grano-y-molido\\\/#primaryimage\"},\"thumbnailUrl\":\"https:\\\/\\\/www.baque.com\\\/wp-content\\\/uploads\\\/2022\\\/09\\\/3A0A4616-scaled.jpg\",\"datePublished\":\"2022-09-15T11:26:41+00:00\",\"author\":{\"@id\":\"https:\\\/\\\/www.baque.com\\\/es\\\/#\\\/schema\\\/person\\\/eeebcc1a7829805bd03294e88a225b36\"},\"description\":\"El calor, la humedad, la luz solar... Son los principales enemigos del caf\u00e9 molido y en grano. Te damos recomendaciones para conservarlo en el mejor estado.\",\"breadcrumb\":{\"@id\":\"https:\\\/\\\/www.baque.com\\\/es\\\/blog\\\/consejos-como-conservar-cafe-en-grano-y-molido\\\/#breadcrumb\"},\"inLanguage\":\"es\",\"potentialAction\":[{\"@type\":\"ReadAction\",\"target\":[\"https:\\\/\\\/www.baque.com\\\/es\\\/blog\\\/consejos-como-conservar-cafe-en-grano-y-molido\\\/\"]}]},{\"@type\":\"ImageObject\",\"inLanguage\":\"es\",\"@id\":\"https:\\\/\\\/www.baque.com\\\/es\\\/blog\\\/consejos-como-conservar-cafe-en-grano-y-molido\\\/#primaryimage\",\"url\":\"https:\\\/\\\/www.baque.com\\\/wp-content\\\/uploads\\\/2022\\\/09\\\/3A0A4616-scaled.jpg\",\"contentUrl\":\"https:\\\/\\\/www.baque.com\\\/wp-content\\\/uploads\\\/2022\\\/09\\\/3A0A4616-scaled.jpg\",\"width\":2560,\"height\":1707},{\"@type\":\"BreadcrumbList\",\"@id\":\"https:\\\/\\\/www.baque.com\\\/es\\\/blog\\\/consejos-como-conservar-cafe-en-grano-y-molido\\\/#breadcrumb\",\"itemListElement\":[{\"@type\":\"ListItem\",\"position\":1,\"name\":\"Portada\",\"item\":\"https:\\\/\\\/www.baque.com\\\/es\\\/\"},{\"@type\":\"ListItem\",\"position\":2,\"name\":\"Trucos y consejos para conservar el caf\u00e9 en grano y molido\"}]},{\"@type\":\"WebSite\",\"@id\":\"https:\\\/\\\/www.baque.com\\\/es\\\/#website\",\"url\":\"https:\\\/\\\/www.baque.com\\\/es\\\/\",\"name\":\"Caf\u00e9s Baqu\u00e9\",\"description\":\"Somos l\u00edderes en hosteler\u00eda en Pa\u00eds Vasco y La Rioja y una de las marcas m\u00e1s reconocidas en el mercado nacional. Somos una empresa familiar en constante innovaci\u00f3n en el producto. Tostamos y distribuimos caf\u00e9 molido, en grano y c\u00e1psulas para disfrutar en casa, en el bar y en la oficina.\",\"potentialAction\":[{\"@type\":\"SearchAction\",\"target\":{\"@type\":\"EntryPoint\",\"urlTemplate\":\"https:\\\/\\\/www.baque.com\\\/es\\\/?s={search_term_string}\"},\"query-input\":{\"@type\":\"PropertyValueSpecification\",\"valueRequired\":true,\"valueName\":\"search_term_string\"}}],\"inLanguage\":\"es\"},{\"@type\":\"Person\",\"@id\":\"https:\\\/\\\/www.baque.com\\\/es\\\/#\\\/schema\\\/person\\\/eeebcc1a7829805bd03294e88a225b36\",\"name\":\"Ruben Sirope\",\"image\":{\"@type\":\"ImageObject\",\"inLanguage\":\"es\",\"@id\":\"https:\\\/\\\/secure.gravatar.com\\\/avatar\\\/dffc3f6ecfda9ed054a85500c427b0583cbccbffee91c9116649fbd61a94081e?s=96&d=mm&r=g\",\"url\":\"https:\\\/\\\/secure.gravatar.com\\\/avatar\\\/dffc3f6ecfda9ed054a85500c427b0583cbccbffee91c9116649fbd61a94081e?s=96&d=mm&r=g\",\"contentUrl\":\"https:\\\/\\\/secure.gravatar.com\\\/avatar\\\/dffc3f6ecfda9ed054a85500c427b0583cbccbffee91c9116649fbd61a94081e?s=96&d=mm&r=g\",\"caption\":\"Ruben Sirope\"}}]}<\/script>\n<!-- \/ Yoast SEO plugin. -->","yoast_head_json":{"title":"Trucos y consejos para conservar el caf\u00e9 en grano y molido - Caf\u00e9s Baqu\u00e9","description":"El calor, la humedad, la luz solar... Son los principales enemigos del caf\u00e9 molido y en grano. Te damos recomendaciones para conservarlo en el mejor estado.","robots":{"index":"index","follow":"follow","max-snippet":"max-snippet:-1","max-image-preview":"max-image-preview:large","max-video-preview":"max-video-preview:-1"},"og_locale":"es_ES","og_type":"article","og_title":"Trucos y consejos para conservar el caf\u00e9 en grano y molido - Caf\u00e9s Baqu\u00e9","og_description":"El calor, la humedad, la luz solar... Son los principales enemigos del caf\u00e9 molido y en grano. Te damos recomendaciones para conservarlo en el mejor estado.","og_url":"https:\/\/www.baque.com\/es\/blog\/consejos-como-conservar-cafe-en-grano-y-molido\/","og_site_name":"Caf\u00e9s Baqu\u00e9","article_published_time":"2022-09-15T11:26:41+00:00","og_image":[{"width":2560,"height":1707,"url":"https:\/\/www.baque.com\/wp-content\/uploads\/2022\/09\/3A0A4616-scaled.jpg","type":"image\/jpeg"}],"author":"Ruben Sirope","twitter_card":"summary_large_image","twitter_misc":{"Escrito por":"Ruben Sirope","Tiempo de lectura":"3 minutos"},"schema":{"@context":"https:\/\/schema.org","@graph":[{"@type":"Article","@id":"https:\/\/www.baque.com\/es\/blog\/consejos-como-conservar-cafe-en-grano-y-molido\/#article","isPartOf":{"@id":"https:\/\/www.baque.com\/es\/blog\/consejos-como-conservar-cafe-en-grano-y-molido\/"},"author":{"name":"Ruben Sirope","@id":"https:\/\/www.baque.com\/es\/#\/schema\/person\/eeebcc1a7829805bd03294e88a225b36"},"headline":"Trucos y consejos para conservar el caf\u00e9 en grano y molido","datePublished":"2022-09-15T11:26:41+00:00","mainEntityOfPage":{"@id":"https:\/\/www.baque.com\/es\/blog\/consejos-como-conservar-cafe-en-grano-y-molido\/"},"wordCount":599,"commentCount":0,"image":{"@id":"https:\/\/www.baque.com\/es\/blog\/consejos-como-conservar-cafe-en-grano-y-molido\/#primaryimage"},"thumbnailUrl":"https:\/\/www.baque.com\/wp-content\/uploads\/2022\/09\/3A0A4616-scaled.jpg","articleSection":["Nos gusta el caf\u00e9"],"inLanguage":"es","potentialAction":[{"@type":"CommentAction","name":"Comment","target":["https:\/\/www.baque.com\/es\/blog\/consejos-como-conservar-cafe-en-grano-y-molido\/#respond"]}]},{"@type":"WebPage","@id":"https:\/\/www.baque.com\/es\/blog\/consejos-como-conservar-cafe-en-grano-y-molido\/","url":"https:\/\/www.baque.com\/es\/blog\/consejos-como-conservar-cafe-en-grano-y-molido\/","name":"Trucos y consejos para conservar el caf\u00e9 en grano y molido - Caf\u00e9s Baqu\u00e9","isPartOf":{"@id":"https:\/\/www.baque.com\/es\/#website"},"primaryImageOfPage":{"@id":"https:\/\/www.baque.com\/es\/blog\/consejos-como-conservar-cafe-en-grano-y-molido\/#primaryimage"},"image":{"@id":"https:\/\/www.baque.com\/es\/blog\/consejos-como-conservar-cafe-en-grano-y-molido\/#primaryimage"},"thumbnailUrl":"https:\/\/www.baque.com\/wp-content\/uploads\/2022\/09\/3A0A4616-scaled.jpg","datePublished":"2022-09-15T11:26:41+00:00","author":{"@id":"https:\/\/www.baque.com\/es\/#\/schema\/person\/eeebcc1a7829805bd03294e88a225b36"},"description":"El calor, la humedad, la luz solar... Son los principales enemigos del caf\u00e9 molido y en grano. Te damos recomendaciones para conservarlo en el mejor estado.","breadcrumb":{"@id":"https:\/\/www.baque.com\/es\/blog\/consejos-como-conservar-cafe-en-grano-y-molido\/#breadcrumb"},"inLanguage":"es","potentialAction":[{"@type":"ReadAction","target":["https:\/\/www.baque.com\/es\/blog\/consejos-como-conservar-cafe-en-grano-y-molido\/"]}]},{"@type":"ImageObject","inLanguage":"es","@id":"https:\/\/www.baque.com\/es\/blog\/consejos-como-conservar-cafe-en-grano-y-molido\/#primaryimage","url":"https:\/\/www.baque.com\/wp-content\/uploads\/2022\/09\/3A0A4616-scaled.jpg","contentUrl":"https:\/\/www.baque.com\/wp-content\/uploads\/2022\/09\/3A0A4616-scaled.jpg","width":2560,"height":1707},{"@type":"BreadcrumbList","@id":"https:\/\/www.baque.com\/es\/blog\/consejos-como-conservar-cafe-en-grano-y-molido\/#breadcrumb","itemListElement":[{"@type":"ListItem","position":1,"name":"Portada","item":"https:\/\/www.baque.com\/es\/"},{"@type":"ListItem","position":2,"name":"Trucos y consejos para conservar el caf\u00e9 en grano y molido"}]},{"@type":"WebSite","@id":"https:\/\/www.baque.com\/es\/#website","url":"https:\/\/www.baque.com\/es\/","name":"Caf\u00e9s Baqu\u00e9","description":"Somos l\u00edderes en hosteler\u00eda en Pa\u00eds Vasco y La Rioja y una de las marcas m\u00e1s reconocidas en el mercado nacional. Somos una empresa familiar en constante innovaci\u00f3n en el producto. Tostamos y distribuimos caf\u00e9 molido, en grano y c\u00e1psulas para disfrutar en casa, en el bar y en la oficina.","potentialAction":[{"@type":"SearchAction","target":{"@type":"EntryPoint","urlTemplate":"https:\/\/www.baque.com\/es\/?s={search_term_string}"},"query-input":{"@type":"PropertyValueSpecification","valueRequired":true,"valueName":"search_term_string"}}],"inLanguage":"es"},{"@type":"Person","@id":"https:\/\/www.baque.com\/es\/#\/schema\/person\/eeebcc1a7829805bd03294e88a225b36","name":"Ruben Sirope","image":{"@type":"ImageObject","inLanguage":"es","@id":"https:\/\/secure.gravatar.com\/avatar\/dffc3f6ecfda9ed054a85500c427b0583cbccbffee91c9116649fbd61a94081e?s=96&d=mm&r=g","url":"https:\/\/secure.gravatar.com\/avatar\/dffc3f6ecfda9ed054a85500c427b0583cbccbffee91c9116649fbd61a94081e?s=96&d=mm&r=g","contentUrl":"https:\/\/secure.gravatar.com\/avatar\/dffc3f6ecfda9ed054a85500c427b0583cbccbffee91c9116649fbd61a94081e?s=96&d=mm&r=g","caption":"Ruben Sirope"}}]}},"_links":{"self":[{"href":"https:\/\/www.baque.com\/es\/wp-json\/wp\/v2\/posts\/1013930","targetHints":{"allow":["GET"]}}],"collection":[{"href":"https:\/\/www.baque.com\/es\/wp-json\/wp\/v2\/posts"}],"about":[{"href":"https:\/\/www.baque.com\/es\/wp-json\/wp\/v2\/types\/post"}],"author":[{"embeddable":true,"href":"https:\/\/www.baque.com\/es\/wp-json\/wp\/v2\/users\/5116"}],"replies":[{"embeddable":true,"href":"https:\/\/www.baque.com\/es\/wp-json\/wp\/v2\/comments?post=1013930"}],"version-history":[{"count":3,"href":"https:\/\/www.baque.com\/es\/wp-json\/wp\/v2\/posts\/1013930\/revisions"}],"predecessor-version":[{"id":1013962,"href":"https:\/\/www.baque.com\/es\/wp-json\/wp\/v2\/posts\/1013930\/revisions\/1013962"}],"wp:featuredmedia":[{"embeddable":true,"href":"https:\/\/www.baque.com\/es\/wp-json\/wp\/v2\/media\/1013946"}],"wp:attachment":[{"href":"https:\/\/www.baque.com\/es\/wp-json\/wp\/v2\/media?parent=1013930"}],"wp:term":[{"taxonomy":"category","embeddable":true,"href":"https:\/\/www.baque.com\/es\/wp-json\/wp\/v2\/categories?post=1013930"},{"taxonomy":"post_tag","embeddable":true,"href":"https:\/\/www.baque.com\/es\/wp-json\/wp\/v2\/tags?post=1013930"}],"curies":[{"name":"wp","href":"https:\/\/api.w.org\/{rel}","templated":true}]}}