
{"id":1532895,"date":"2023-06-19T09:08:02","date_gmt":"2023-06-19T07:08:02","guid":{"rendered":"https:\/\/www.baque.com\/?p=1532895"},"modified":"2023-06-19T10:58:53","modified_gmt":"2023-06-19T08:58:53","slug":"arte-y-cafe-como-el-cafe-ha-influenciado-a-la-cultura-y-al-arte","status":"publish","type":"post","link":"https:\/\/www.baque.com\/es\/blog\/arte-y-cafe-como-el-cafe-ha-influenciado-a-la-cultura-y-al-arte\/","title":{"rendered":"Arte y caf\u00e9: c\u00f3mo el caf\u00e9 ha influenciado a la cultura y al arte"},"content":{"rendered":"<p>El caf\u00e9 es una de las bebidas m\u00e1s populares <a href=\"https:\/\/www.baque.com\/es\/blog\/el-cafe-alrededor-del-mundo\/\">en todo el mundo<\/a> y <strong>ha sido una fuente de inspiraci\u00f3n para artistas y creativos<\/strong> a lo largo de la historia. En este art\u00edculo, exploraremos c\u00f3mo el caf\u00e9 ha influido en la cultura y el arte.<\/p>\n<p>Descubriremos c\u00f3mo esta deliciosa y arom\u00e1tica bebida ha estimulado la creatividad y ha dejado su huella en diversas formas de expresi\u00f3n art\u00edstica.<\/p>\n<h2><strong>El caf\u00e9, un punto de encuentro cultural<\/strong><\/h2>\n<p>El caf\u00e9 ha desempe\u00f1ado un papel fundamental como punto de encuentro cultural a lo largo de la historia. Desde sus primeras apariciones en el siglo XVI en el mundo \u00e1rabe, el caf\u00e9 se convirti\u00f3 en un lugar donde las personas se reun\u00edan para <strong>socializar, intercambiar ideas y establecer conexiones.<\/strong><\/p>\n<p>En Europa, especialmente en ciudades como Par\u00eds, Viena o Londres, los caf\u00e9s se convirtieron en puntos de encuentro para intelectuales, artistas y pensadores de la \u00e9poca. Estos establecimientos eran conocidos como \u00abcaf\u00e9s literarios\u00bb o \u00abcaf\u00e9s bohemios\u00bb y se convirtieron en verdaderos centros culturales.<\/p>\n<p>En los caf\u00e9s literarios, se celebraban tertulias intelectuales donde los escritores, poetas y fil\u00f3sofos se reun\u00edan para discutir sobre literatura, pol\u00edtica, arte y filosof\u00eda. Muchos escritores famosos, como <strong>Voltaire, Jean-Paul Sartre y Simone de Beauvoir<\/strong>, frecuentaban los caf\u00e9s literarios en busca de inspiraci\u00f3n y compa\u00f1\u00eda intelectual.<\/p>\n<p>Los caf\u00e9s bohemios, por su parte, eran refugios para artistas, m\u00fasicos y bohemios. Estos lugares ofrec\u00edan un ambiente relajado y estimulante, propicio para la creatividad y la libre expresi\u00f3n. Algunos caf\u00e9s bohemios se convirtieron en verdaderos iconos culturales, como el <strong>Caf\u00e9 de Flore y Les Deux Magots en Par\u00eds<\/strong>, que fueron frecuentados por artistas y escritores famosos del siglo XX, como <strong>Pablo Picasso, Ernest Hemingway y Jean-Paul Sartre<\/strong>.<\/p>\n<p>Hoy en d\u00eda, aunque la forma en que nos relacionamos ha cambiado con el auge de la tecnolog\u00eda y las redes sociales, los caf\u00e9s siguen siendo espacios importantes de encuentro cultural.<\/p>\n<h2><strong>El caf\u00e9 como musa art\u00edstica<\/strong><\/h2>\n<p>El caf\u00e9 ha sido una musa constante para numerosos artistas a lo largo de la historia. Su presencia en el arte abarca diversas formas de expresi\u00f3n, tanto en la pintura como en la literatura. El caf\u00e9 ha despertado la imaginaci\u00f3n de los artistas y ha sido representado de diversas maneras en sus obras.<\/p>\n<p>En la pintura, el caf\u00e9 ha sido un tema recurrente. Desde las escenas cotidianas en caf\u00e9s hasta los bodegones que incluyen tazas y vasijas de caf\u00e9, los artistas han capturado la esencia del caf\u00e9 y su atm\u00f3sfera \u00fanica. <strong>Pintores como <a href=\"https:\/\/historia-arte.com\/obras\/la-lechera-de-vermeer\">Johannes Vermeer en \u00abLa lechera\u00bb<\/a> y \u00c9douard Manet en \u00abUn bar en las Folies-Berg\u00e8re\u00bb<\/strong> han retratado la vida en los caf\u00e9s, capturando la interacci\u00f3n social y el ambiente caracter\u00edstico de estos lugares. A trav\u00e9s de su paleta de colores y su estilo art\u00edstico, estos pintores han transmitido la <strong>sensualidad y la vitalidad asociadas al caf\u00e9.<\/strong><\/p>\n<p>En la literatura, el caf\u00e9 ha sido mencionado y descrito en numerosas obras literarias. Autores como Honor\u00e9 de Balzac en \u00abLa Comedia Humana\u00bb y Gabriel Garc\u00eda M\u00e1rquez en \u00abCien a\u00f1os de soledad\u00bb han utilizado el caf\u00e9 como un elemento evocador y simb\u00f3lico en sus narraciones. El caf\u00e9 ha sido retratado como un espacio de encuentro, un estimulante para la conversaci\u00f3n y una fuente de inspiraci\u00f3n para los personajes literarios. Adem\u00e1s, algunos escritores han creado personajes con una relaci\u00f3n \u00edntima con el caf\u00e9, convirti\u00e9ndolo en una parte integral de su identidad y rutina diaria.<\/p>\n<h2><strong>El caf\u00e9, una expresi\u00f3n art\u00edstica propia<\/strong><\/h2>\n<p>Adem\u00e1s de inspirar obras de arte, el caf\u00e9 tambi\u00e9n se ha convertido en una forma de expresi\u00f3n art\u00edstica en s\u00ed misma. El arte latte y el barismo son ejemplos de c\u00f3mo los baristas transforman la preparaci\u00f3n del caf\u00e9 en un verdadero espect\u00e1culo visual.<\/p>\n<p>Con habilidad y destreza, crean dise\u00f1os ef\u00edmeros en la superficie del caf\u00e9, convirti\u00e9ndolo en una obra de arte fugaz. Asimismo, algunos artistas han utilizado el caf\u00e9 como medio para crear esculturas y obras tridimensionales, experimentando con su textura y tonalidades \u00fanicas.<\/p>\n<p>En este contexto, en Caf\u00e9s Baqu\u00e9 hemos sido un referente en la promoci\u00f3n de la cultura del caf\u00e9 y su conexi\u00f3n con el arte. A trav\u00e9s de nuestro compromiso con la calidad y la excelencia, hemos brindado a los amantes del caf\u00e9 una experiencia sensorial \u00fanica, enriqueciendo la relaci\u00f3n entre el caf\u00e9 y la cultura.<\/p>\n<p>Nuestra participaci\u00f3n en la escena cafetera ha contribuido a mantener vivo el legado de los caf\u00e9s como lugares de encuentro cultural y ha apoyado la expresi\u00f3n art\u00edstica en todas sus formas. A trav\u00e9s de nuestro compromiso con la excelencia en cada taza, hemos ayudado a despertar la creatividad de artistas y a nutrir la pasi\u00f3n de los amantes del caf\u00e9.<\/p>\n","protected":false},"excerpt":{"rendered":"<p>El caf\u00e9 es una de las bebidas m\u00e1s populares en todo el mundo y ha sido una fuente de inspiraci\u00f3n para artistas y creativos a lo largo de la historia. En este art\u00edculo, exploraremos c\u00f3mo el caf\u00e9 ha influido en la cultura y el arte. Descubriremos c\u00f3mo esta deliciosa y arom\u00e1tica bebida ha estimulado la [&hellip;]<\/p>\n","protected":false},"author":5116,"featured_media":1532918,"comment_status":"open","ping_status":"open","sticky":false,"template":"","format":"standard","meta":{"_acf_changed":false,"footnotes":""},"categories":[34],"tags":[],"class_list":["post-1532895","post","type-post","status-publish","format-standard","has-post-thumbnail","hentry","category-nos-gusta-el-cafe"],"acf":[],"yoast_head":"<!-- This site is optimized with the Yoast SEO plugin v27.3 - https:\/\/yoast.com\/product\/yoast-seo-wordpress\/ -->\n<title>Arte y caf\u00e9: c\u00f3mo el caf\u00e9 ha influenciado a la cultura y al arte.<\/title>\n<meta name=\"description\" content=\"El arte y el caf\u00e9, una combinaci\u00f3n durante muchos a\u00f1os de inspiraci\u00f3n para artistas y creativos a lo largo de la historia.\" \/>\n<meta name=\"robots\" content=\"index, follow, max-snippet:-1, max-image-preview:large, max-video-preview:-1\" \/>\n<meta property=\"og:locale\" content=\"es_ES\" \/>\n<meta property=\"og:type\" content=\"article\" \/>\n<meta property=\"og:title\" content=\"Arte y caf\u00e9: c\u00f3mo el caf\u00e9 ha influenciado a la cultura y al arte.\" \/>\n<meta property=\"og:description\" content=\"El arte y el caf\u00e9, una combinaci\u00f3n durante muchos a\u00f1os de inspiraci\u00f3n para artistas y creativos a lo largo de la historia.\" \/>\n<meta property=\"og:url\" content=\"https:\/\/www.baque.com\/es\/blog\/arte-y-cafe-como-el-cafe-ha-influenciado-a-la-cultura-y-al-arte\/\" \/>\n<meta property=\"og:site_name\" content=\"Caf\u00e9s Baqu\u00e9\" \/>\n<meta property=\"article:published_time\" content=\"2023-06-19T07:08:02+00:00\" \/>\n<meta property=\"article:modified_time\" content=\"2023-06-19T08:58:53+00:00\" \/>\n<meta property=\"og:image\" content=\"https:\/\/www.baque.com\/wp-content\/uploads\/2023\/06\/Arte-y-cafe-scaled.jpg\" \/>\n\t<meta property=\"og:image:width\" content=\"2560\" \/>\n\t<meta property=\"og:image:height\" content=\"1707\" \/>\n\t<meta property=\"og:image:type\" content=\"image\/jpeg\" \/>\n<meta name=\"author\" content=\"Ruben Sirope\" \/>\n<meta name=\"twitter:card\" content=\"summary_large_image\" \/>\n<meta name=\"twitter:label1\" content=\"Escrito por\" \/>\n\t<meta name=\"twitter:data1\" content=\"Ruben Sirope\" \/>\n\t<meta name=\"twitter:label2\" content=\"Tiempo de lectura\" \/>\n\t<meta name=\"twitter:data2\" content=\"4 minutos\" \/>\n<script type=\"application\/ld+json\" class=\"yoast-schema-graph\">{\"@context\":\"https:\\\/\\\/schema.org\",\"@graph\":[{\"@type\":\"Article\",\"@id\":\"https:\\\/\\\/www.baque.com\\\/es\\\/blog\\\/arte-y-cafe-como-el-cafe-ha-influenciado-a-la-cultura-y-al-arte\\\/#article\",\"isPartOf\":{\"@id\":\"https:\\\/\\\/www.baque.com\\\/es\\\/blog\\\/arte-y-cafe-como-el-cafe-ha-influenciado-a-la-cultura-y-al-arte\\\/\"},\"author\":{\"name\":\"Ruben Sirope\",\"@id\":\"https:\\\/\\\/www.baque.com\\\/es\\\/#\\\/schema\\\/person\\\/eeebcc1a7829805bd03294e88a225b36\"},\"headline\":\"Arte y caf\u00e9: c\u00f3mo el caf\u00e9 ha influenciado a la cultura y al arte\",\"datePublished\":\"2023-06-19T07:08:02+00:00\",\"dateModified\":\"2023-06-19T08:58:53+00:00\",\"mainEntityOfPage\":{\"@id\":\"https:\\\/\\\/www.baque.com\\\/es\\\/blog\\\/arte-y-cafe-como-el-cafe-ha-influenciado-a-la-cultura-y-al-arte\\\/\"},\"wordCount\":851,\"commentCount\":0,\"image\":{\"@id\":\"https:\\\/\\\/www.baque.com\\\/es\\\/blog\\\/arte-y-cafe-como-el-cafe-ha-influenciado-a-la-cultura-y-al-arte\\\/#primaryimage\"},\"thumbnailUrl\":\"https:\\\/\\\/www.baque.com\\\/wp-content\\\/uploads\\\/2023\\\/06\\\/Arte-y-cafe-scaled.jpg\",\"articleSection\":[\"Nos gusta el caf\u00e9\"],\"inLanguage\":\"es\",\"potentialAction\":[{\"@type\":\"CommentAction\",\"name\":\"Comment\",\"target\":[\"https:\\\/\\\/www.baque.com\\\/es\\\/blog\\\/arte-y-cafe-como-el-cafe-ha-influenciado-a-la-cultura-y-al-arte\\\/#respond\"]}]},{\"@type\":\"WebPage\",\"@id\":\"https:\\\/\\\/www.baque.com\\\/es\\\/blog\\\/arte-y-cafe-como-el-cafe-ha-influenciado-a-la-cultura-y-al-arte\\\/\",\"url\":\"https:\\\/\\\/www.baque.com\\\/es\\\/blog\\\/arte-y-cafe-como-el-cafe-ha-influenciado-a-la-cultura-y-al-arte\\\/\",\"name\":\"Arte y caf\u00e9: c\u00f3mo el caf\u00e9 ha influenciado a la cultura y al arte.\",\"isPartOf\":{\"@id\":\"https:\\\/\\\/www.baque.com\\\/es\\\/#website\"},\"primaryImageOfPage\":{\"@id\":\"https:\\\/\\\/www.baque.com\\\/es\\\/blog\\\/arte-y-cafe-como-el-cafe-ha-influenciado-a-la-cultura-y-al-arte\\\/#primaryimage\"},\"image\":{\"@id\":\"https:\\\/\\\/www.baque.com\\\/es\\\/blog\\\/arte-y-cafe-como-el-cafe-ha-influenciado-a-la-cultura-y-al-arte\\\/#primaryimage\"},\"thumbnailUrl\":\"https:\\\/\\\/www.baque.com\\\/wp-content\\\/uploads\\\/2023\\\/06\\\/Arte-y-cafe-scaled.jpg\",\"datePublished\":\"2023-06-19T07:08:02+00:00\",\"dateModified\":\"2023-06-19T08:58:53+00:00\",\"author\":{\"@id\":\"https:\\\/\\\/www.baque.com\\\/es\\\/#\\\/schema\\\/person\\\/eeebcc1a7829805bd03294e88a225b36\"},\"description\":\"El arte y el caf\u00e9, una combinaci\u00f3n durante muchos a\u00f1os de inspiraci\u00f3n para artistas y creativos a lo largo de la historia.\",\"breadcrumb\":{\"@id\":\"https:\\\/\\\/www.baque.com\\\/es\\\/blog\\\/arte-y-cafe-como-el-cafe-ha-influenciado-a-la-cultura-y-al-arte\\\/#breadcrumb\"},\"inLanguage\":\"es\",\"potentialAction\":[{\"@type\":\"ReadAction\",\"target\":[\"https:\\\/\\\/www.baque.com\\\/es\\\/blog\\\/arte-y-cafe-como-el-cafe-ha-influenciado-a-la-cultura-y-al-arte\\\/\"]}]},{\"@type\":\"ImageObject\",\"inLanguage\":\"es\",\"@id\":\"https:\\\/\\\/www.baque.com\\\/es\\\/blog\\\/arte-y-cafe-como-el-cafe-ha-influenciado-a-la-cultura-y-al-arte\\\/#primaryimage\",\"url\":\"https:\\\/\\\/www.baque.com\\\/wp-content\\\/uploads\\\/2023\\\/06\\\/Arte-y-cafe-scaled.jpg\",\"contentUrl\":\"https:\\\/\\\/www.baque.com\\\/wp-content\\\/uploads\\\/2023\\\/06\\\/Arte-y-cafe-scaled.jpg\",\"width\":2560,\"height\":1707,\"caption\":\"Arte y caf\u00e9: c\u00f3mo el caf\u00e9 ha influenciado a la cultura y al arte.\"},{\"@type\":\"BreadcrumbList\",\"@id\":\"https:\\\/\\\/www.baque.com\\\/es\\\/blog\\\/arte-y-cafe-como-el-cafe-ha-influenciado-a-la-cultura-y-al-arte\\\/#breadcrumb\",\"itemListElement\":[{\"@type\":\"ListItem\",\"position\":1,\"name\":\"Portada\",\"item\":\"https:\\\/\\\/www.baque.com\\\/es\\\/\"},{\"@type\":\"ListItem\",\"position\":2,\"name\":\"Arte y caf\u00e9: c\u00f3mo el caf\u00e9 ha influenciado a la cultura y al arte\"}]},{\"@type\":\"WebSite\",\"@id\":\"https:\\\/\\\/www.baque.com\\\/es\\\/#website\",\"url\":\"https:\\\/\\\/www.baque.com\\\/es\\\/\",\"name\":\"Caf\u00e9s Baqu\u00e9\",\"description\":\"Somos l\u00edderes en hosteler\u00eda en Pa\u00eds Vasco y La Rioja y una de las marcas m\u00e1s reconocidas en el mercado nacional. Somos una empresa familiar en constante innovaci\u00f3n en el producto. Tostamos y distribuimos caf\u00e9 molido, en grano y c\u00e1psulas para disfrutar en casa, en el bar y en la oficina.\",\"potentialAction\":[{\"@type\":\"SearchAction\",\"target\":{\"@type\":\"EntryPoint\",\"urlTemplate\":\"https:\\\/\\\/www.baque.com\\\/es\\\/?s={search_term_string}\"},\"query-input\":{\"@type\":\"PropertyValueSpecification\",\"valueRequired\":true,\"valueName\":\"search_term_string\"}}],\"inLanguage\":\"es\"},{\"@type\":\"Person\",\"@id\":\"https:\\\/\\\/www.baque.com\\\/es\\\/#\\\/schema\\\/person\\\/eeebcc1a7829805bd03294e88a225b36\",\"name\":\"Ruben Sirope\",\"image\":{\"@type\":\"ImageObject\",\"inLanguage\":\"es\",\"@id\":\"https:\\\/\\\/secure.gravatar.com\\\/avatar\\\/dffc3f6ecfda9ed054a85500c427b0583cbccbffee91c9116649fbd61a94081e?s=96&d=mm&r=g\",\"url\":\"https:\\\/\\\/secure.gravatar.com\\\/avatar\\\/dffc3f6ecfda9ed054a85500c427b0583cbccbffee91c9116649fbd61a94081e?s=96&d=mm&r=g\",\"contentUrl\":\"https:\\\/\\\/secure.gravatar.com\\\/avatar\\\/dffc3f6ecfda9ed054a85500c427b0583cbccbffee91c9116649fbd61a94081e?s=96&d=mm&r=g\",\"caption\":\"Ruben Sirope\"}}]}<\/script>\n<!-- \/ Yoast SEO plugin. -->","yoast_head_json":{"title":"Arte y caf\u00e9: c\u00f3mo el caf\u00e9 ha influenciado a la cultura y al arte.","description":"El arte y el caf\u00e9, una combinaci\u00f3n durante muchos a\u00f1os de inspiraci\u00f3n para artistas y creativos a lo largo de la historia.","robots":{"index":"index","follow":"follow","max-snippet":"max-snippet:-1","max-image-preview":"max-image-preview:large","max-video-preview":"max-video-preview:-1"},"og_locale":"es_ES","og_type":"article","og_title":"Arte y caf\u00e9: c\u00f3mo el caf\u00e9 ha influenciado a la cultura y al arte.","og_description":"El arte y el caf\u00e9, una combinaci\u00f3n durante muchos a\u00f1os de inspiraci\u00f3n para artistas y creativos a lo largo de la historia.","og_url":"https:\/\/www.baque.com\/es\/blog\/arte-y-cafe-como-el-cafe-ha-influenciado-a-la-cultura-y-al-arte\/","og_site_name":"Caf\u00e9s Baqu\u00e9","article_published_time":"2023-06-19T07:08:02+00:00","article_modified_time":"2023-06-19T08:58:53+00:00","og_image":[{"width":2560,"height":1707,"url":"https:\/\/www.baque.com\/wp-content\/uploads\/2023\/06\/Arte-y-cafe-scaled.jpg","type":"image\/jpeg"}],"author":"Ruben Sirope","twitter_card":"summary_large_image","twitter_misc":{"Escrito por":"Ruben Sirope","Tiempo de lectura":"4 minutos"},"schema":{"@context":"https:\/\/schema.org","@graph":[{"@type":"Article","@id":"https:\/\/www.baque.com\/es\/blog\/arte-y-cafe-como-el-cafe-ha-influenciado-a-la-cultura-y-al-arte\/#article","isPartOf":{"@id":"https:\/\/www.baque.com\/es\/blog\/arte-y-cafe-como-el-cafe-ha-influenciado-a-la-cultura-y-al-arte\/"},"author":{"name":"Ruben Sirope","@id":"https:\/\/www.baque.com\/es\/#\/schema\/person\/eeebcc1a7829805bd03294e88a225b36"},"headline":"Arte y caf\u00e9: c\u00f3mo el caf\u00e9 ha influenciado a la cultura y al arte","datePublished":"2023-06-19T07:08:02+00:00","dateModified":"2023-06-19T08:58:53+00:00","mainEntityOfPage":{"@id":"https:\/\/www.baque.com\/es\/blog\/arte-y-cafe-como-el-cafe-ha-influenciado-a-la-cultura-y-al-arte\/"},"wordCount":851,"commentCount":0,"image":{"@id":"https:\/\/www.baque.com\/es\/blog\/arte-y-cafe-como-el-cafe-ha-influenciado-a-la-cultura-y-al-arte\/#primaryimage"},"thumbnailUrl":"https:\/\/www.baque.com\/wp-content\/uploads\/2023\/06\/Arte-y-cafe-scaled.jpg","articleSection":["Nos gusta el caf\u00e9"],"inLanguage":"es","potentialAction":[{"@type":"CommentAction","name":"Comment","target":["https:\/\/www.baque.com\/es\/blog\/arte-y-cafe-como-el-cafe-ha-influenciado-a-la-cultura-y-al-arte\/#respond"]}]},{"@type":"WebPage","@id":"https:\/\/www.baque.com\/es\/blog\/arte-y-cafe-como-el-cafe-ha-influenciado-a-la-cultura-y-al-arte\/","url":"https:\/\/www.baque.com\/es\/blog\/arte-y-cafe-como-el-cafe-ha-influenciado-a-la-cultura-y-al-arte\/","name":"Arte y caf\u00e9: c\u00f3mo el caf\u00e9 ha influenciado a la cultura y al arte.","isPartOf":{"@id":"https:\/\/www.baque.com\/es\/#website"},"primaryImageOfPage":{"@id":"https:\/\/www.baque.com\/es\/blog\/arte-y-cafe-como-el-cafe-ha-influenciado-a-la-cultura-y-al-arte\/#primaryimage"},"image":{"@id":"https:\/\/www.baque.com\/es\/blog\/arte-y-cafe-como-el-cafe-ha-influenciado-a-la-cultura-y-al-arte\/#primaryimage"},"thumbnailUrl":"https:\/\/www.baque.com\/wp-content\/uploads\/2023\/06\/Arte-y-cafe-scaled.jpg","datePublished":"2023-06-19T07:08:02+00:00","dateModified":"2023-06-19T08:58:53+00:00","author":{"@id":"https:\/\/www.baque.com\/es\/#\/schema\/person\/eeebcc1a7829805bd03294e88a225b36"},"description":"El arte y el caf\u00e9, una combinaci\u00f3n durante muchos a\u00f1os de inspiraci\u00f3n para artistas y creativos a lo largo de la historia.","breadcrumb":{"@id":"https:\/\/www.baque.com\/es\/blog\/arte-y-cafe-como-el-cafe-ha-influenciado-a-la-cultura-y-al-arte\/#breadcrumb"},"inLanguage":"es","potentialAction":[{"@type":"ReadAction","target":["https:\/\/www.baque.com\/es\/blog\/arte-y-cafe-como-el-cafe-ha-influenciado-a-la-cultura-y-al-arte\/"]}]},{"@type":"ImageObject","inLanguage":"es","@id":"https:\/\/www.baque.com\/es\/blog\/arte-y-cafe-como-el-cafe-ha-influenciado-a-la-cultura-y-al-arte\/#primaryimage","url":"https:\/\/www.baque.com\/wp-content\/uploads\/2023\/06\/Arte-y-cafe-scaled.jpg","contentUrl":"https:\/\/www.baque.com\/wp-content\/uploads\/2023\/06\/Arte-y-cafe-scaled.jpg","width":2560,"height":1707,"caption":"Arte y caf\u00e9: c\u00f3mo el caf\u00e9 ha influenciado a la cultura y al arte."},{"@type":"BreadcrumbList","@id":"https:\/\/www.baque.com\/es\/blog\/arte-y-cafe-como-el-cafe-ha-influenciado-a-la-cultura-y-al-arte\/#breadcrumb","itemListElement":[{"@type":"ListItem","position":1,"name":"Portada","item":"https:\/\/www.baque.com\/es\/"},{"@type":"ListItem","position":2,"name":"Arte y caf\u00e9: c\u00f3mo el caf\u00e9 ha influenciado a la cultura y al arte"}]},{"@type":"WebSite","@id":"https:\/\/www.baque.com\/es\/#website","url":"https:\/\/www.baque.com\/es\/","name":"Caf\u00e9s Baqu\u00e9","description":"Somos l\u00edderes en hosteler\u00eda en Pa\u00eds Vasco y La Rioja y una de las marcas m\u00e1s reconocidas en el mercado nacional. Somos una empresa familiar en constante innovaci\u00f3n en el producto. Tostamos y distribuimos caf\u00e9 molido, en grano y c\u00e1psulas para disfrutar en casa, en el bar y en la oficina.","potentialAction":[{"@type":"SearchAction","target":{"@type":"EntryPoint","urlTemplate":"https:\/\/www.baque.com\/es\/?s={search_term_string}"},"query-input":{"@type":"PropertyValueSpecification","valueRequired":true,"valueName":"search_term_string"}}],"inLanguage":"es"},{"@type":"Person","@id":"https:\/\/www.baque.com\/es\/#\/schema\/person\/eeebcc1a7829805bd03294e88a225b36","name":"Ruben Sirope","image":{"@type":"ImageObject","inLanguage":"es","@id":"https:\/\/secure.gravatar.com\/avatar\/dffc3f6ecfda9ed054a85500c427b0583cbccbffee91c9116649fbd61a94081e?s=96&d=mm&r=g","url":"https:\/\/secure.gravatar.com\/avatar\/dffc3f6ecfda9ed054a85500c427b0583cbccbffee91c9116649fbd61a94081e?s=96&d=mm&r=g","contentUrl":"https:\/\/secure.gravatar.com\/avatar\/dffc3f6ecfda9ed054a85500c427b0583cbccbffee91c9116649fbd61a94081e?s=96&d=mm&r=g","caption":"Ruben Sirope"}}]}},"_links":{"self":[{"href":"https:\/\/www.baque.com\/es\/wp-json\/wp\/v2\/posts\/1532895","targetHints":{"allow":["GET"]}}],"collection":[{"href":"https:\/\/www.baque.com\/es\/wp-json\/wp\/v2\/posts"}],"about":[{"href":"https:\/\/www.baque.com\/es\/wp-json\/wp\/v2\/types\/post"}],"author":[{"embeddable":true,"href":"https:\/\/www.baque.com\/es\/wp-json\/wp\/v2\/users\/5116"}],"replies":[{"embeddable":true,"href":"https:\/\/www.baque.com\/es\/wp-json\/wp\/v2\/comments?post=1532895"}],"version-history":[{"count":6,"href":"https:\/\/www.baque.com\/es\/wp-json\/wp\/v2\/posts\/1532895\/revisions"}],"predecessor-version":[{"id":1533089,"href":"https:\/\/www.baque.com\/es\/wp-json\/wp\/v2\/posts\/1532895\/revisions\/1533089"}],"wp:featuredmedia":[{"embeddable":true,"href":"https:\/\/www.baque.com\/es\/wp-json\/wp\/v2\/media\/1532918"}],"wp:attachment":[{"href":"https:\/\/www.baque.com\/es\/wp-json\/wp\/v2\/media?parent=1532895"}],"wp:term":[{"taxonomy":"category","embeddable":true,"href":"https:\/\/www.baque.com\/es\/wp-json\/wp\/v2\/categories?post=1532895"},{"taxonomy":"post_tag","embeddable":true,"href":"https:\/\/www.baque.com\/es\/wp-json\/wp\/v2\/tags?post=1532895"}],"curies":[{"name":"wp","href":"https:\/\/api.w.org\/{rel}","templated":true}]}}