
{"id":189248,"date":"2020-10-01T10:00:00","date_gmt":"2020-10-01T08:00:00","guid":{"rendered":"https:\/\/www.baque.com\/?p=189248"},"modified":"2020-09-28T12:37:45","modified_gmt":"2020-09-28T10:37:45","slug":"dia-internacional-del-cafe","status":"publish","type":"post","link":"https:\/\/www.baque.com\/es\/blog\/dia-internacional-del-cafe\/","title":{"rendered":"D\u00eda Internacional del Caf\u00e9 2020"},"content":{"rendered":"\n<p class='entradilla'> Como cada 1 de octubre y seg\u00fan decret\u00f3 la Organizaci\u00f3n Internacional del Caf\u00e9 (OIC) en 2015, hoy se celebra el <a href=\"https:\/\/www.internationalcoffeeday.org\/\"><strong>D\u00eda Internacional del Caf\u00e9<\/strong> <\/a>con el objetivo de otorgar el reconocimiento a todas las personas que trabajan de manera diaria en esta bebida que tantos adeptos tiene.<\/p>\n\n\n\n<p>Su gran <a href=\"https:\/\/www.baque.com\/es\/blog\/historia-del-cafe\/\"><strong>historia<\/strong><\/a> ha llevado a convertirlo en algo esencial en nuestro d\u00eda a d\u00eda. Cada vez que bebemos una taza de caf\u00e9, inhalamos su aroma y probamos su sabor, nos deja un retrogusto dif\u00edcil de olvidar, siendo un proceso de disfrute absoluto para todos aquellos amantes de esta bebida. Adem\u00e1s, acompa\u00f1arlo de un buen libro o rodearte de amigos hace que la experiencia sea mucho mejor.  <\/p>\n\n\n\n<figure class=\"wp-block-gallery columns-1 is-cropped wp-block-gallery-1 is-layout-flex wp-block-gallery-is-layout-flex\"><ul class=\"blocks-gallery-grid\"><li class=\"blocks-gallery-item\"><figure><img loading=\"lazy\" decoding=\"async\" width=\"1200\" height=\"922\" src=\"https:\/\/www.baque.com\/wp-content\/uploads\/2020\/09\/dia-internacional-cafe-baque.jpg\" alt=\"\" data-id=\"189261\" data-full-url=\"https:\/\/www.baque.com\/wp-content\/uploads\/2020\/09\/dia-internacional-cafe-baque.jpg\" data-link=\"https:\/\/www.baque.com\/?attachment_id=189261\" class=\"wp-image-189261\" srcset=\"https:\/\/www.baque.com\/wp-content\/uploads\/2020\/09\/dia-internacional-cafe-baque.jpg 1200w, https:\/\/www.baque.com\/wp-content\/uploads\/2020\/09\/dia-internacional-cafe-baque-331x254.jpg 331w, https:\/\/www.baque.com\/wp-content\/uploads\/2020\/09\/dia-internacional-cafe-baque-768x590.jpg 768w, https:\/\/www.baque.com\/wp-content\/uploads\/2020\/09\/dia-internacional-cafe-baque-600x461.jpg 600w\" sizes=\"auto, (max-width: 1200px) 100vw, 1200px\" \/><\/figure><\/li><\/ul><\/figure>\n\n\n\n<p>En Caf\u00e9s Baqu\u00e9 llevamos desde principios del siglo XX siendo la empresa familiar <strong><a href=\"https:\/\/www.baque.com\/es\/conocenos\/historia-cafes-baque\/\">l\u00edder del Caf\u00e9<\/a><\/strong> en Pa\u00eds Vasco, Navarra y La Rioja con sedes en distintos puntos de la geograf\u00eda espa\u00f1ola. Un equipo de m\u00e1s de 130 personas que hacen posible llegar el caf\u00e9 a los m\u00e1s de 6000 clientes. <\/p>\n\n\n\n<p><strong>\u00a1Una historia con un gran sabor y trabajo diario!<\/strong><\/p>\n","protected":false},"excerpt":{"rendered":"<p>Su gran historia ha llevado a convertirlo en algo esencial en nuestro d\u00eda a d\u00eda. Cada vez que bebemos una taza de caf\u00e9, inhalamos su aroma y probamos su sabor, nos deja un retrogusto dif\u00edcil de olvidar, siendo un proceso de disfrute absoluto para todos aquellos amantes de esta bebida. Adem\u00e1s, acompa\u00f1arlo de un buen [&hellip;]<\/p>\n","protected":false},"author":2428,"featured_media":189353,"comment_status":"open","ping_status":"open","sticky":false,"template":"","format":"standard","meta":{"_acf_changed":false,"footnotes":""},"categories":[34],"tags":[],"class_list":["post-189248","post","type-post","status-publish","format-standard","has-post-thumbnail","hentry","category-nos-gusta-el-cafe"],"acf":[],"yoast_head":"<!-- This site is optimized with the Yoast SEO plugin v27.3 - https:\/\/yoast.com\/product\/yoast-seo-wordpress\/ -->\n<title>D\u00eda Internacional del Caf\u00e9 2020 - Caf\u00e9s Baqu\u00e9<\/title>\n<meta name=\"robots\" content=\"index, follow, max-snippet:-1, max-image-preview:large, max-video-preview:-1\" \/>\n<meta property=\"og:locale\" content=\"es_ES\" \/>\n<meta property=\"og:type\" content=\"article\" \/>\n<meta property=\"og:title\" content=\"D\u00eda Internacional del Caf\u00e9 2020 - Caf\u00e9s Baqu\u00e9\" \/>\n<meta property=\"og:description\" content=\"Su gran historia ha llevado a convertirlo en algo esencial en nuestro d\u00eda a d\u00eda. Cada vez que bebemos una taza de caf\u00e9, inhalamos su aroma y probamos su sabor, nos deja un retrogusto dif\u00edcil de olvidar, siendo un proceso de disfrute absoluto para todos aquellos amantes de esta bebida. Adem\u00e1s, acompa\u00f1arlo de un buen [&hellip;]\" \/>\n<meta property=\"og:url\" content=\"https:\/\/www.baque.com\/es\/blog\/dia-internacional-del-cafe\/\" \/>\n<meta property=\"og:site_name\" content=\"Caf\u00e9s Baqu\u00e9\" \/>\n<meta property=\"article:published_time\" content=\"2020-10-01T08:00:00+00:00\" \/>\n<meta property=\"og:image\" content=\"https:\/\/www.baque.com\/wp-content\/uploads\/2020\/09\/Hosteler\u00eda-bebiendo-caf\u00e9-1030x680-1.jpg\" \/>\n\t<meta property=\"og:image:width\" content=\"1030\" \/>\n\t<meta property=\"og:image:height\" content=\"680\" \/>\n\t<meta property=\"og:image:type\" content=\"image\/jpeg\" \/>\n<meta name=\"author\" content=\"Lorena\" \/>\n<meta name=\"twitter:card\" content=\"summary_large_image\" \/>\n<meta name=\"twitter:label1\" content=\"Escrito por\" \/>\n\t<meta name=\"twitter:data1\" content=\"Lorena\" \/>\n\t<meta name=\"twitter:label2\" content=\"Tiempo de lectura\" \/>\n\t<meta name=\"twitter:data2\" content=\"1 minuto\" \/>\n<script type=\"application\/ld+json\" class=\"yoast-schema-graph\">{\"@context\":\"https:\\\/\\\/schema.org\",\"@graph\":[{\"@type\":\"Article\",\"@id\":\"https:\\\/\\\/www.baque.com\\\/es\\\/blog\\\/dia-internacional-del-cafe\\\/#article\",\"isPartOf\":{\"@id\":\"https:\\\/\\\/www.baque.com\\\/es\\\/blog\\\/dia-internacional-del-cafe\\\/\"},\"author\":{\"name\":\"Lorena\",\"@id\":\"https:\\\/\\\/www.baque.com\\\/es\\\/#\\\/schema\\\/person\\\/f9b2ac64fc7c2905bd9a4c6bb297afb6\"},\"headline\":\"D\u00eda Internacional del Caf\u00e9 2020\",\"datePublished\":\"2020-10-01T08:00:00+00:00\",\"mainEntityOfPage\":{\"@id\":\"https:\\\/\\\/www.baque.com\\\/es\\\/blog\\\/dia-internacional-del-cafe\\\/\"},\"wordCount\":192,\"commentCount\":0,\"image\":{\"@id\":\"https:\\\/\\\/www.baque.com\\\/es\\\/blog\\\/dia-internacional-del-cafe\\\/#primaryimage\"},\"thumbnailUrl\":\"https:\\\/\\\/www.baque.com\\\/wp-content\\\/uploads\\\/2020\\\/09\\\/Hosteler\u00eda-bebiendo-caf\u00e9-1030x680-1.jpg\",\"articleSection\":[\"Nos gusta el caf\u00e9\"],\"inLanguage\":\"es\",\"potentialAction\":[{\"@type\":\"CommentAction\",\"name\":\"Comment\",\"target\":[\"https:\\\/\\\/www.baque.com\\\/es\\\/blog\\\/dia-internacional-del-cafe\\\/#respond\"]}]},{\"@type\":\"WebPage\",\"@id\":\"https:\\\/\\\/www.baque.com\\\/es\\\/blog\\\/dia-internacional-del-cafe\\\/\",\"url\":\"https:\\\/\\\/www.baque.com\\\/es\\\/blog\\\/dia-internacional-del-cafe\\\/\",\"name\":\"D\u00eda Internacional del Caf\u00e9 2020 - Caf\u00e9s Baqu\u00e9\",\"isPartOf\":{\"@id\":\"https:\\\/\\\/www.baque.com\\\/es\\\/#website\"},\"primaryImageOfPage\":{\"@id\":\"https:\\\/\\\/www.baque.com\\\/es\\\/blog\\\/dia-internacional-del-cafe\\\/#primaryimage\"},\"image\":{\"@id\":\"https:\\\/\\\/www.baque.com\\\/es\\\/blog\\\/dia-internacional-del-cafe\\\/#primaryimage\"},\"thumbnailUrl\":\"https:\\\/\\\/www.baque.com\\\/wp-content\\\/uploads\\\/2020\\\/09\\\/Hosteler\u00eda-bebiendo-caf\u00e9-1030x680-1.jpg\",\"datePublished\":\"2020-10-01T08:00:00+00:00\",\"author\":{\"@id\":\"https:\\\/\\\/www.baque.com\\\/es\\\/#\\\/schema\\\/person\\\/f9b2ac64fc7c2905bd9a4c6bb297afb6\"},\"breadcrumb\":{\"@id\":\"https:\\\/\\\/www.baque.com\\\/es\\\/blog\\\/dia-internacional-del-cafe\\\/#breadcrumb\"},\"inLanguage\":\"es\",\"potentialAction\":[{\"@type\":\"ReadAction\",\"target\":[\"https:\\\/\\\/www.baque.com\\\/es\\\/blog\\\/dia-internacional-del-cafe\\\/\"]}]},{\"@type\":\"ImageObject\",\"inLanguage\":\"es\",\"@id\":\"https:\\\/\\\/www.baque.com\\\/es\\\/blog\\\/dia-internacional-del-cafe\\\/#primaryimage\",\"url\":\"https:\\\/\\\/www.baque.com\\\/wp-content\\\/uploads\\\/2020\\\/09\\\/Hosteler\u00eda-bebiendo-caf\u00e9-1030x680-1.jpg\",\"contentUrl\":\"https:\\\/\\\/www.baque.com\\\/wp-content\\\/uploads\\\/2020\\\/09\\\/Hosteler\u00eda-bebiendo-caf\u00e9-1030x680-1.jpg\",\"width\":1030,\"height\":680},{\"@type\":\"BreadcrumbList\",\"@id\":\"https:\\\/\\\/www.baque.com\\\/es\\\/blog\\\/dia-internacional-del-cafe\\\/#breadcrumb\",\"itemListElement\":[{\"@type\":\"ListItem\",\"position\":1,\"name\":\"Portada\",\"item\":\"https:\\\/\\\/www.baque.com\\\/es\\\/\"},{\"@type\":\"ListItem\",\"position\":2,\"name\":\"D\u00eda Internacional del Caf\u00e9 2020\"}]},{\"@type\":\"WebSite\",\"@id\":\"https:\\\/\\\/www.baque.com\\\/es\\\/#website\",\"url\":\"https:\\\/\\\/www.baque.com\\\/es\\\/\",\"name\":\"Caf\u00e9s Baqu\u00e9\",\"description\":\"Somos l\u00edderes en hosteler\u00eda en Pa\u00eds Vasco y La Rioja y una de las marcas m\u00e1s reconocidas en el mercado nacional. Somos una empresa familiar en constante innovaci\u00f3n en el producto. Tostamos y distribuimos caf\u00e9 molido, en grano y c\u00e1psulas para disfrutar en casa, en el bar y en la oficina.\",\"potentialAction\":[{\"@type\":\"SearchAction\",\"target\":{\"@type\":\"EntryPoint\",\"urlTemplate\":\"https:\\\/\\\/www.baque.com\\\/es\\\/?s={search_term_string}\"},\"query-input\":{\"@type\":\"PropertyValueSpecification\",\"valueRequired\":true,\"valueName\":\"search_term_string\"}}],\"inLanguage\":\"es\"},{\"@type\":\"Person\",\"@id\":\"https:\\\/\\\/www.baque.com\\\/es\\\/#\\\/schema\\\/person\\\/f9b2ac64fc7c2905bd9a4c6bb297afb6\",\"name\":\"Lorena\",\"image\":{\"@type\":\"ImageObject\",\"inLanguage\":\"es\",\"@id\":\"https:\\\/\\\/secure.gravatar.com\\\/avatar\\\/37da112a8a1629a76e64080c46253ec42811f7251fab2e0ac510f44ee3d5ccad?s=96&d=mm&r=g\",\"url\":\"https:\\\/\\\/secure.gravatar.com\\\/avatar\\\/37da112a8a1629a76e64080c46253ec42811f7251fab2e0ac510f44ee3d5ccad?s=96&d=mm&r=g\",\"contentUrl\":\"https:\\\/\\\/secure.gravatar.com\\\/avatar\\\/37da112a8a1629a76e64080c46253ec42811f7251fab2e0ac510f44ee3d5ccad?s=96&d=mm&r=g\",\"caption\":\"Lorena\"}}]}<\/script>\n<!-- \/ Yoast SEO plugin. -->","yoast_head_json":{"title":"D\u00eda Internacional del Caf\u00e9 2020 - Caf\u00e9s Baqu\u00e9","robots":{"index":"index","follow":"follow","max-snippet":"max-snippet:-1","max-image-preview":"max-image-preview:large","max-video-preview":"max-video-preview:-1"},"og_locale":"es_ES","og_type":"article","og_title":"D\u00eda Internacional del Caf\u00e9 2020 - Caf\u00e9s Baqu\u00e9","og_description":"Su gran historia ha llevado a convertirlo en algo esencial en nuestro d\u00eda a d\u00eda. Cada vez que bebemos una taza de caf\u00e9, inhalamos su aroma y probamos su sabor, nos deja un retrogusto dif\u00edcil de olvidar, siendo un proceso de disfrute absoluto para todos aquellos amantes de esta bebida. Adem\u00e1s, acompa\u00f1arlo de un buen [&hellip;]","og_url":"https:\/\/www.baque.com\/es\/blog\/dia-internacional-del-cafe\/","og_site_name":"Caf\u00e9s Baqu\u00e9","article_published_time":"2020-10-01T08:00:00+00:00","og_image":[{"width":1030,"height":680,"url":"https:\/\/www.baque.com\/wp-content\/uploads\/2020\/09\/Hosteler\u00eda-bebiendo-caf\u00e9-1030x680-1.jpg","type":"image\/jpeg"}],"author":"Lorena","twitter_card":"summary_large_image","twitter_misc":{"Escrito por":"Lorena","Tiempo de lectura":"1 minuto"},"schema":{"@context":"https:\/\/schema.org","@graph":[{"@type":"Article","@id":"https:\/\/www.baque.com\/es\/blog\/dia-internacional-del-cafe\/#article","isPartOf":{"@id":"https:\/\/www.baque.com\/es\/blog\/dia-internacional-del-cafe\/"},"author":{"name":"Lorena","@id":"https:\/\/www.baque.com\/es\/#\/schema\/person\/f9b2ac64fc7c2905bd9a4c6bb297afb6"},"headline":"D\u00eda Internacional del Caf\u00e9 2020","datePublished":"2020-10-01T08:00:00+00:00","mainEntityOfPage":{"@id":"https:\/\/www.baque.com\/es\/blog\/dia-internacional-del-cafe\/"},"wordCount":192,"commentCount":0,"image":{"@id":"https:\/\/www.baque.com\/es\/blog\/dia-internacional-del-cafe\/#primaryimage"},"thumbnailUrl":"https:\/\/www.baque.com\/wp-content\/uploads\/2020\/09\/Hosteler\u00eda-bebiendo-caf\u00e9-1030x680-1.jpg","articleSection":["Nos gusta el caf\u00e9"],"inLanguage":"es","potentialAction":[{"@type":"CommentAction","name":"Comment","target":["https:\/\/www.baque.com\/es\/blog\/dia-internacional-del-cafe\/#respond"]}]},{"@type":"WebPage","@id":"https:\/\/www.baque.com\/es\/blog\/dia-internacional-del-cafe\/","url":"https:\/\/www.baque.com\/es\/blog\/dia-internacional-del-cafe\/","name":"D\u00eda Internacional del Caf\u00e9 2020 - Caf\u00e9s Baqu\u00e9","isPartOf":{"@id":"https:\/\/www.baque.com\/es\/#website"},"primaryImageOfPage":{"@id":"https:\/\/www.baque.com\/es\/blog\/dia-internacional-del-cafe\/#primaryimage"},"image":{"@id":"https:\/\/www.baque.com\/es\/blog\/dia-internacional-del-cafe\/#primaryimage"},"thumbnailUrl":"https:\/\/www.baque.com\/wp-content\/uploads\/2020\/09\/Hosteler\u00eda-bebiendo-caf\u00e9-1030x680-1.jpg","datePublished":"2020-10-01T08:00:00+00:00","author":{"@id":"https:\/\/www.baque.com\/es\/#\/schema\/person\/f9b2ac64fc7c2905bd9a4c6bb297afb6"},"breadcrumb":{"@id":"https:\/\/www.baque.com\/es\/blog\/dia-internacional-del-cafe\/#breadcrumb"},"inLanguage":"es","potentialAction":[{"@type":"ReadAction","target":["https:\/\/www.baque.com\/es\/blog\/dia-internacional-del-cafe\/"]}]},{"@type":"ImageObject","inLanguage":"es","@id":"https:\/\/www.baque.com\/es\/blog\/dia-internacional-del-cafe\/#primaryimage","url":"https:\/\/www.baque.com\/wp-content\/uploads\/2020\/09\/Hosteler\u00eda-bebiendo-caf\u00e9-1030x680-1.jpg","contentUrl":"https:\/\/www.baque.com\/wp-content\/uploads\/2020\/09\/Hosteler\u00eda-bebiendo-caf\u00e9-1030x680-1.jpg","width":1030,"height":680},{"@type":"BreadcrumbList","@id":"https:\/\/www.baque.com\/es\/blog\/dia-internacional-del-cafe\/#breadcrumb","itemListElement":[{"@type":"ListItem","position":1,"name":"Portada","item":"https:\/\/www.baque.com\/es\/"},{"@type":"ListItem","position":2,"name":"D\u00eda Internacional del Caf\u00e9 2020"}]},{"@type":"WebSite","@id":"https:\/\/www.baque.com\/es\/#website","url":"https:\/\/www.baque.com\/es\/","name":"Caf\u00e9s Baqu\u00e9","description":"Somos l\u00edderes en hosteler\u00eda en Pa\u00eds Vasco y La Rioja y una de las marcas m\u00e1s reconocidas en el mercado nacional. Somos una empresa familiar en constante innovaci\u00f3n en el producto. Tostamos y distribuimos caf\u00e9 molido, en grano y c\u00e1psulas para disfrutar en casa, en el bar y en la oficina.","potentialAction":[{"@type":"SearchAction","target":{"@type":"EntryPoint","urlTemplate":"https:\/\/www.baque.com\/es\/?s={search_term_string}"},"query-input":{"@type":"PropertyValueSpecification","valueRequired":true,"valueName":"search_term_string"}}],"inLanguage":"es"},{"@type":"Person","@id":"https:\/\/www.baque.com\/es\/#\/schema\/person\/f9b2ac64fc7c2905bd9a4c6bb297afb6","name":"Lorena","image":{"@type":"ImageObject","inLanguage":"es","@id":"https:\/\/secure.gravatar.com\/avatar\/37da112a8a1629a76e64080c46253ec42811f7251fab2e0ac510f44ee3d5ccad?s=96&d=mm&r=g","url":"https:\/\/secure.gravatar.com\/avatar\/37da112a8a1629a76e64080c46253ec42811f7251fab2e0ac510f44ee3d5ccad?s=96&d=mm&r=g","contentUrl":"https:\/\/secure.gravatar.com\/avatar\/37da112a8a1629a76e64080c46253ec42811f7251fab2e0ac510f44ee3d5ccad?s=96&d=mm&r=g","caption":"Lorena"}}]}},"_links":{"self":[{"href":"https:\/\/www.baque.com\/es\/wp-json\/wp\/v2\/posts\/189248","targetHints":{"allow":["GET"]}}],"collection":[{"href":"https:\/\/www.baque.com\/es\/wp-json\/wp\/v2\/posts"}],"about":[{"href":"https:\/\/www.baque.com\/es\/wp-json\/wp\/v2\/types\/post"}],"author":[{"embeddable":true,"href":"https:\/\/www.baque.com\/es\/wp-json\/wp\/v2\/users\/2428"}],"replies":[{"embeddable":true,"href":"https:\/\/www.baque.com\/es\/wp-json\/wp\/v2\/comments?post=189248"}],"version-history":[{"count":3,"href":"https:\/\/www.baque.com\/es\/wp-json\/wp\/v2\/posts\/189248\/revisions"}],"predecessor-version":[{"id":189357,"href":"https:\/\/www.baque.com\/es\/wp-json\/wp\/v2\/posts\/189248\/revisions\/189357"}],"wp:featuredmedia":[{"embeddable":true,"href":"https:\/\/www.baque.com\/es\/wp-json\/wp\/v2\/media\/189353"}],"wp:attachment":[{"href":"https:\/\/www.baque.com\/es\/wp-json\/wp\/v2\/media?parent=189248"}],"wp:term":[{"taxonomy":"category","embeddable":true,"href":"https:\/\/www.baque.com\/es\/wp-json\/wp\/v2\/categories?post=189248"},{"taxonomy":"post_tag","embeddable":true,"href":"https:\/\/www.baque.com\/es\/wp-json\/wp\/v2\/tags?post=189248"}],"curies":[{"name":"wp","href":"https:\/\/api.w.org\/{rel}","templated":true}]}}