
{"id":2112,"date":"2017-07-19T09:13:04","date_gmt":"2017-07-19T07:13:04","guid":{"rendered":"http:\/\/blog.baque.com\/?p=736"},"modified":"2018-03-20T15:21:01","modified_gmt":"2018-03-20T15:21:01","slug":"cafes-baque-mundaka-festival-2017","status":"publish","type":"post","link":"https:\/\/www.baque.com\/es\/blog\/cafes-baque-mundaka-festival-2017\/","title":{"rendered":"Caf\u00e9s Baqu\u00e9 en Mundaka Festival 2017 presentando su Cold Brew"},"content":{"rendered":"<p class='entradilla'>Caf\u00e9s Baqu\u00e9 volver\u00e1 a estar presente en la pr\u00f3xima edici\u00f3n de <strong>Mundaka Festival 2017<\/strong>\u00a0con mucho caf\u00e9 y sobre todo muy buen rollo.<\/p>\n<p>Este a\u00f1o Caf\u00e9s Baqu\u00e9 aterrizar\u00e1 de nuevo en el festival con ganas de cantar, bailar y saltar en un entorno \u00fanico, junto a la Ermita de Santa Katalina, en el pueblo de Mundaka. Y traer\u00e1 de nuevo los\u00a0mejores <strong>c\u00f3cteles con caf\u00e9<\/strong>, combinados con tequila o ginebra.<\/p>\n<p>Pero tambi\u00e9n habr\u00e1 muchas novedades, como el\u00a0reci\u00e9n lanzado <a href=\"http:\/\/www.baque.com\/cold-brew\/\"><strong>Cold Brew<\/strong><\/a>, tanto caf\u00e9 como t\u00e9. Se trata de la reinvenci\u00f3n propia de Caf\u00e9s Baqu\u00e9 y que esperamos sea la delicia del festival a finales del mes de julio.<\/p>\n<h2>Caf\u00e9s Baqu\u00e9 repite en Mundaka Festival 2017<\/h2>\n<p>Para quienes a\u00fan no hab\u00e9is o\u00eddo hablar del Mundaka Festival, hay que se\u00f1alar\u00a0que es un festival completamente diferente de lo que hab\u00e9is conocido hasta ahora. Y es que en este festival la m\u00fasica no es la \u00fanica protagonista, tambi\u00e9n lo es la gastronom\u00eda.<\/p>\n<p>Tales son sus particularidades y peculiaridades como festival, que en los \u00faltimos tres a\u00f1os, el Mundaka Festival ha ido tomando forma hasta convertirse en una <strong>cita musical y gastron\u00f3mica consolidada<\/strong> y de cada vez mayor tir\u00f3n.<\/p>\n<p>Durante tres d\u00edas miles de personas se congregan en este punto de la costa vasca para disfrutar de buenos conciertos, demostraciones de cocina y catas. Un paisaje \u00fanico para una f\u00f3rmula diferente de festival en la que <strong>no pod\u00eda faltar el buen caf\u00e9 y t\u00e9<\/strong>. Si no te lo crees mira que bien nos lo pasamos y c\u00f3mo fue el <a href=\"http:\/\/blog.baque.com\/musica-gastronomia-mundaka-festival\/\">Mundaka Festival 2016<\/a>.<\/p>\n<p>Este a\u00f1o la cita tendr\u00e1 lugar del viernes 28 al domingo 30 de julio. Adem\u00e1s, el <a href=\"http:\/\/mundakafestival.eus\/cartel\/\" target=\"_blank\" rel=\"noopener noreferrer\"><strong>cartel del Mundaka Festival 2017<\/strong><\/a> promete este a\u00f1o con grupos como Ocean Colour Scene y Mando Diao. No hay mejor manera de darle la bienvenida al mes de agosto, \u00bfno crees?<\/p>\n<p><iframe loading=\"lazy\" src=\"https:\/\/www.youtube.com\/embed\/1rr4tXN2eJM?list=PLeY2Vzkb8noFznpdDO7XAndR9yT0M7wNC\" width=\"750\" height=\"480\" frameborder=\"0\" allowfullscreen=\"allowfullscreen\"><span data-mce-type=\"bookmark\" style=\"display: inline-block; width: 0px; overflow: hidden; line-height: 0;\" class=\"mce_SELRES_start\">\ufeff<\/span><\/iframe><\/p>\n<p>Disfruta de la buena m\u00fasica y del aut\u00e9ntico sabor del caf\u00e9.<\/p>\n<p><img loading=\"lazy\" decoding=\"async\" class=\"aligncenter wp-image-760 size-large\" src=\"http:\/\/www.baque.com\/wp-content\/uploads\/2017\/07\/cartel-mundaka-festival-1024x933.jpg\" alt=\"Cartel Mundaka Festival\" width=\"1024\" height=\"933\" \/><\/p>\n<p><a href=\"http:\/\/www.baque.com\/cold-brew\/\"><img loading=\"lazy\" decoding=\"async\" class=\"wp-image-756 size-full aligncenter\" title=\"Cold Brew caf\u00e9\" src=\"http:\/\/www.baque.com\/wp-content\/uploads\/2017\/07\/baque-coldbrew-cafe-te-cas-blog.jpg\" alt=\"Cold Brew: el caf\u00e9 y t\u00e9 reinventado\" width=\"1000\" height=\"359\" \/><\/a><\/p>\n","protected":false},"excerpt":{"rendered":"<p>Caf\u00e9s Baqu\u00e9 volver\u00e1 a estar presente en la pr\u00f3xima edici\u00f3n de Mundaka Festival 2017 con mucho caf\u00e9 y sobre todo muy buen rollo.<\/p>\n","protected":false},"author":1,"featured_media":2331,"comment_status":"open","ping_status":"open","sticky":false,"template":"","format":"standard","meta":{"_acf_changed":false,"footnotes":""},"categories":[20],"tags":[55,29,23],"class_list":["post-2112","post","type-post","status-publish","format-standard","has-post-thumbnail","hentry","category-musica","tag-cafe-frio","tag-coctel-cafe","tag-festivales-musica"],"acf":[],"yoast_head":"<!-- This site is optimized with the Yoast SEO plugin v27.3 - https:\/\/yoast.com\/product\/yoast-seo-wordpress\/ -->\n<title>Caf\u00e9s Baqu\u00e9 en Mundaka Festival 2017 presentando su Cold Brew<\/title>\n<meta name=\"description\" content=\"Caf\u00e9s Baqu\u00e9 volver\u00e1 a Mundaka Festival 2017, \u00bfy t\u00fa?, \u00bfvienes? Podr\u00e1s disfrutar del nuevo caf\u00e9 org\u00e1nico Cold Brew con todos los matices.\" \/>\n<meta name=\"robots\" content=\"index, follow, max-snippet:-1, max-image-preview:large, max-video-preview:-1\" \/>\n<meta property=\"og:locale\" content=\"es_ES\" \/>\n<meta property=\"og:type\" content=\"article\" \/>\n<meta property=\"og:title\" content=\"Caf\u00e9s Baqu\u00e9 en Mundaka Festival 2017 presentando su Cold Brew\" \/>\n<meta property=\"og:description\" content=\"Caf\u00e9s Baqu\u00e9 volver\u00e1 a Mundaka Festival 2017, \u00bfy t\u00fa?, \u00bfvienes? Podr\u00e1s disfrutar del nuevo caf\u00e9 org\u00e1nico Cold Brew con todos los matices.\" \/>\n<meta property=\"og:url\" content=\"https:\/\/www.baque.com\/es\/blog\/cafes-baque-mundaka-festival-2017\/\" \/>\n<meta property=\"og:site_name\" content=\"Caf\u00e9s Baqu\u00e9\" \/>\n<meta property=\"article:published_time\" content=\"2017-07-19T07:13:04+00:00\" \/>\n<meta property=\"article:modified_time\" content=\"2018-03-20T15:21:01+00:00\" \/>\n<meta property=\"og:image\" content=\"https:\/\/www.baque.com\/wp-content\/uploads\/2017\/07\/Mundaka-Festival-2017.jpg\" \/>\n\t<meta property=\"og:image:width\" content=\"1300\" \/>\n\t<meta property=\"og:image:height\" content=\"655\" \/>\n\t<meta property=\"og:image:type\" content=\"image\/jpeg\" \/>\n<meta name=\"author\" content=\"baque\" \/>\n<meta name=\"twitter:card\" content=\"summary_large_image\" \/>\n<meta name=\"twitter:label1\" content=\"Escrito por\" \/>\n\t<meta name=\"twitter:data1\" content=\"baque\" \/>\n\t<meta name=\"twitter:label2\" content=\"Tiempo de lectura\" \/>\n\t<meta name=\"twitter:data2\" content=\"2 minutos\" \/>\n<script type=\"application\/ld+json\" class=\"yoast-schema-graph\">{\"@context\":\"https:\\\/\\\/schema.org\",\"@graph\":[{\"@type\":\"Article\",\"@id\":\"https:\\\/\\\/www.baque.com\\\/es\\\/blog\\\/cafes-baque-mundaka-festival-2017\\\/#article\",\"isPartOf\":{\"@id\":\"https:\\\/\\\/www.baque.com\\\/es\\\/blog\\\/cafes-baque-mundaka-festival-2017\\\/\"},\"author\":{\"name\":\"baque\",\"@id\":\"https:\\\/\\\/www.baque.com\\\/es\\\/#\\\/schema\\\/person\\\/32c8c583e6573818274e39ba0178ea0c\"},\"headline\":\"Caf\u00e9s Baqu\u00e9 en Mundaka Festival 2017 presentando su Cold Brew\",\"datePublished\":\"2017-07-19T07:13:04+00:00\",\"dateModified\":\"2018-03-20T15:21:01+00:00\",\"mainEntityOfPage\":{\"@id\":\"https:\\\/\\\/www.baque.com\\\/es\\\/blog\\\/cafes-baque-mundaka-festival-2017\\\/\"},\"wordCount\":353,\"commentCount\":0,\"image\":{\"@id\":\"https:\\\/\\\/www.baque.com\\\/es\\\/blog\\\/cafes-baque-mundaka-festival-2017\\\/#primaryimage\"},\"thumbnailUrl\":\"https:\\\/\\\/www.baque.com\\\/wp-content\\\/uploads\\\/2017\\\/07\\\/Mundaka-Festival-2017.jpg\",\"keywords\":[\"caf\u00e9 fr\u00edo\",\"c\u00f3ctel caf\u00e9\",\"Festivales m\u00fasica\"],\"articleSection\":[\"Apoyamos la m\u00fasica\"],\"inLanguage\":\"es\",\"potentialAction\":[{\"@type\":\"CommentAction\",\"name\":\"Comment\",\"target\":[\"https:\\\/\\\/www.baque.com\\\/es\\\/blog\\\/cafes-baque-mundaka-festival-2017\\\/#respond\"]}]},{\"@type\":\"WebPage\",\"@id\":\"https:\\\/\\\/www.baque.com\\\/es\\\/blog\\\/cafes-baque-mundaka-festival-2017\\\/\",\"url\":\"https:\\\/\\\/www.baque.com\\\/es\\\/blog\\\/cafes-baque-mundaka-festival-2017\\\/\",\"name\":\"Caf\u00e9s Baqu\u00e9 en Mundaka Festival 2017 presentando su Cold Brew\",\"isPartOf\":{\"@id\":\"https:\\\/\\\/www.baque.com\\\/es\\\/#website\"},\"primaryImageOfPage\":{\"@id\":\"https:\\\/\\\/www.baque.com\\\/es\\\/blog\\\/cafes-baque-mundaka-festival-2017\\\/#primaryimage\"},\"image\":{\"@id\":\"https:\\\/\\\/www.baque.com\\\/es\\\/blog\\\/cafes-baque-mundaka-festival-2017\\\/#primaryimage\"},\"thumbnailUrl\":\"https:\\\/\\\/www.baque.com\\\/wp-content\\\/uploads\\\/2017\\\/07\\\/Mundaka-Festival-2017.jpg\",\"datePublished\":\"2017-07-19T07:13:04+00:00\",\"dateModified\":\"2018-03-20T15:21:01+00:00\",\"author\":{\"@id\":\"https:\\\/\\\/www.baque.com\\\/es\\\/#\\\/schema\\\/person\\\/32c8c583e6573818274e39ba0178ea0c\"},\"description\":\"Caf\u00e9s Baqu\u00e9 volver\u00e1 a Mundaka Festival 2017, \u00bfy t\u00fa?, \u00bfvienes? Podr\u00e1s disfrutar del nuevo caf\u00e9 org\u00e1nico Cold Brew con todos los matices.\",\"breadcrumb\":{\"@id\":\"https:\\\/\\\/www.baque.com\\\/es\\\/blog\\\/cafes-baque-mundaka-festival-2017\\\/#breadcrumb\"},\"inLanguage\":\"es\",\"potentialAction\":[{\"@type\":\"ReadAction\",\"target\":[\"https:\\\/\\\/www.baque.com\\\/es\\\/blog\\\/cafes-baque-mundaka-festival-2017\\\/\"]}]},{\"@type\":\"ImageObject\",\"inLanguage\":\"es\",\"@id\":\"https:\\\/\\\/www.baque.com\\\/es\\\/blog\\\/cafes-baque-mundaka-festival-2017\\\/#primaryimage\",\"url\":\"https:\\\/\\\/www.baque.com\\\/wp-content\\\/uploads\\\/2017\\\/07\\\/Mundaka-Festival-2017.jpg\",\"contentUrl\":\"https:\\\/\\\/www.baque.com\\\/wp-content\\\/uploads\\\/2017\\\/07\\\/Mundaka-Festival-2017.jpg\",\"width\":1300,\"height\":655,\"caption\":\"Mundaka Festival 2017\"},{\"@type\":\"BreadcrumbList\",\"@id\":\"https:\\\/\\\/www.baque.com\\\/es\\\/blog\\\/cafes-baque-mundaka-festival-2017\\\/#breadcrumb\",\"itemListElement\":[{\"@type\":\"ListItem\",\"position\":1,\"name\":\"Portada\",\"item\":\"https:\\\/\\\/www.baque.com\\\/es\\\/\"},{\"@type\":\"ListItem\",\"position\":2,\"name\":\"Caf\u00e9s Baqu\u00e9 en Mundaka Festival 2017 presentando su Cold Brew\"}]},{\"@type\":\"WebSite\",\"@id\":\"https:\\\/\\\/www.baque.com\\\/es\\\/#website\",\"url\":\"https:\\\/\\\/www.baque.com\\\/es\\\/\",\"name\":\"Caf\u00e9s Baqu\u00e9\",\"description\":\"Somos l\u00edderes en hosteler\u00eda en Pa\u00eds Vasco y La Rioja y una de las marcas m\u00e1s reconocidas en el mercado nacional. Somos una empresa familiar en constante innovaci\u00f3n en el producto. Tostamos y distribuimos caf\u00e9 molido, en grano y c\u00e1psulas para disfrutar en casa, en el bar y en la oficina.\",\"potentialAction\":[{\"@type\":\"SearchAction\",\"target\":{\"@type\":\"EntryPoint\",\"urlTemplate\":\"https:\\\/\\\/www.baque.com\\\/es\\\/?s={search_term_string}\"},\"query-input\":{\"@type\":\"PropertyValueSpecification\",\"valueRequired\":true,\"valueName\":\"search_term_string\"}}],\"inLanguage\":\"es\"},{\"@type\":\"Person\",\"@id\":\"https:\\\/\\\/www.baque.com\\\/es\\\/#\\\/schema\\\/person\\\/32c8c583e6573818274e39ba0178ea0c\",\"name\":\"baque\",\"image\":{\"@type\":\"ImageObject\",\"inLanguage\":\"es\",\"@id\":\"https:\\\/\\\/secure.gravatar.com\\\/avatar\\\/e662fd223ca8a44ab1e60e541b95b68e1a42729b8396361e1232af01ddb23e51?s=96&d=mm&r=g\",\"url\":\"https:\\\/\\\/secure.gravatar.com\\\/avatar\\\/e662fd223ca8a44ab1e60e541b95b68e1a42729b8396361e1232af01ddb23e51?s=96&d=mm&r=g\",\"contentUrl\":\"https:\\\/\\\/secure.gravatar.com\\\/avatar\\\/e662fd223ca8a44ab1e60e541b95b68e1a42729b8396361e1232af01ddb23e51?s=96&d=mm&r=g\",\"caption\":\"baque\"}}]}<\/script>\n<!-- \/ Yoast SEO plugin. -->","yoast_head_json":{"title":"Caf\u00e9s Baqu\u00e9 en Mundaka Festival 2017 presentando su Cold Brew","description":"Caf\u00e9s Baqu\u00e9 volver\u00e1 a Mundaka Festival 2017, \u00bfy t\u00fa?, \u00bfvienes? Podr\u00e1s disfrutar del nuevo caf\u00e9 org\u00e1nico Cold Brew con todos los matices.","robots":{"index":"index","follow":"follow","max-snippet":"max-snippet:-1","max-image-preview":"max-image-preview:large","max-video-preview":"max-video-preview:-1"},"og_locale":"es_ES","og_type":"article","og_title":"Caf\u00e9s Baqu\u00e9 en Mundaka Festival 2017 presentando su Cold Brew","og_description":"Caf\u00e9s Baqu\u00e9 volver\u00e1 a Mundaka Festival 2017, \u00bfy t\u00fa?, \u00bfvienes? Podr\u00e1s disfrutar del nuevo caf\u00e9 org\u00e1nico Cold Brew con todos los matices.","og_url":"https:\/\/www.baque.com\/es\/blog\/cafes-baque-mundaka-festival-2017\/","og_site_name":"Caf\u00e9s Baqu\u00e9","article_published_time":"2017-07-19T07:13:04+00:00","article_modified_time":"2018-03-20T15:21:01+00:00","og_image":[{"width":1300,"height":655,"url":"https:\/\/www.baque.com\/wp-content\/uploads\/2017\/07\/Mundaka-Festival-2017.jpg","type":"image\/jpeg"}],"author":"baque","twitter_card":"summary_large_image","twitter_misc":{"Escrito por":"baque","Tiempo de lectura":"2 minutos"},"schema":{"@context":"https:\/\/schema.org","@graph":[{"@type":"Article","@id":"https:\/\/www.baque.com\/es\/blog\/cafes-baque-mundaka-festival-2017\/#article","isPartOf":{"@id":"https:\/\/www.baque.com\/es\/blog\/cafes-baque-mundaka-festival-2017\/"},"author":{"name":"baque","@id":"https:\/\/www.baque.com\/es\/#\/schema\/person\/32c8c583e6573818274e39ba0178ea0c"},"headline":"Caf\u00e9s Baqu\u00e9 en Mundaka Festival 2017 presentando su Cold Brew","datePublished":"2017-07-19T07:13:04+00:00","dateModified":"2018-03-20T15:21:01+00:00","mainEntityOfPage":{"@id":"https:\/\/www.baque.com\/es\/blog\/cafes-baque-mundaka-festival-2017\/"},"wordCount":353,"commentCount":0,"image":{"@id":"https:\/\/www.baque.com\/es\/blog\/cafes-baque-mundaka-festival-2017\/#primaryimage"},"thumbnailUrl":"https:\/\/www.baque.com\/wp-content\/uploads\/2017\/07\/Mundaka-Festival-2017.jpg","keywords":["caf\u00e9 fr\u00edo","c\u00f3ctel caf\u00e9","Festivales m\u00fasica"],"articleSection":["Apoyamos la m\u00fasica"],"inLanguage":"es","potentialAction":[{"@type":"CommentAction","name":"Comment","target":["https:\/\/www.baque.com\/es\/blog\/cafes-baque-mundaka-festival-2017\/#respond"]}]},{"@type":"WebPage","@id":"https:\/\/www.baque.com\/es\/blog\/cafes-baque-mundaka-festival-2017\/","url":"https:\/\/www.baque.com\/es\/blog\/cafes-baque-mundaka-festival-2017\/","name":"Caf\u00e9s Baqu\u00e9 en Mundaka Festival 2017 presentando su Cold Brew","isPartOf":{"@id":"https:\/\/www.baque.com\/es\/#website"},"primaryImageOfPage":{"@id":"https:\/\/www.baque.com\/es\/blog\/cafes-baque-mundaka-festival-2017\/#primaryimage"},"image":{"@id":"https:\/\/www.baque.com\/es\/blog\/cafes-baque-mundaka-festival-2017\/#primaryimage"},"thumbnailUrl":"https:\/\/www.baque.com\/wp-content\/uploads\/2017\/07\/Mundaka-Festival-2017.jpg","datePublished":"2017-07-19T07:13:04+00:00","dateModified":"2018-03-20T15:21:01+00:00","author":{"@id":"https:\/\/www.baque.com\/es\/#\/schema\/person\/32c8c583e6573818274e39ba0178ea0c"},"description":"Caf\u00e9s Baqu\u00e9 volver\u00e1 a Mundaka Festival 2017, \u00bfy t\u00fa?, \u00bfvienes? Podr\u00e1s disfrutar del nuevo caf\u00e9 org\u00e1nico Cold Brew con todos los matices.","breadcrumb":{"@id":"https:\/\/www.baque.com\/es\/blog\/cafes-baque-mundaka-festival-2017\/#breadcrumb"},"inLanguage":"es","potentialAction":[{"@type":"ReadAction","target":["https:\/\/www.baque.com\/es\/blog\/cafes-baque-mundaka-festival-2017\/"]}]},{"@type":"ImageObject","inLanguage":"es","@id":"https:\/\/www.baque.com\/es\/blog\/cafes-baque-mundaka-festival-2017\/#primaryimage","url":"https:\/\/www.baque.com\/wp-content\/uploads\/2017\/07\/Mundaka-Festival-2017.jpg","contentUrl":"https:\/\/www.baque.com\/wp-content\/uploads\/2017\/07\/Mundaka-Festival-2017.jpg","width":1300,"height":655,"caption":"Mundaka Festival 2017"},{"@type":"BreadcrumbList","@id":"https:\/\/www.baque.com\/es\/blog\/cafes-baque-mundaka-festival-2017\/#breadcrumb","itemListElement":[{"@type":"ListItem","position":1,"name":"Portada","item":"https:\/\/www.baque.com\/es\/"},{"@type":"ListItem","position":2,"name":"Caf\u00e9s Baqu\u00e9 en Mundaka Festival 2017 presentando su Cold Brew"}]},{"@type":"WebSite","@id":"https:\/\/www.baque.com\/es\/#website","url":"https:\/\/www.baque.com\/es\/","name":"Caf\u00e9s Baqu\u00e9","description":"Somos l\u00edderes en hosteler\u00eda en Pa\u00eds Vasco y La Rioja y una de las marcas m\u00e1s reconocidas en el mercado nacional. Somos una empresa familiar en constante innovaci\u00f3n en el producto. Tostamos y distribuimos caf\u00e9 molido, en grano y c\u00e1psulas para disfrutar en casa, en el bar y en la oficina.","potentialAction":[{"@type":"SearchAction","target":{"@type":"EntryPoint","urlTemplate":"https:\/\/www.baque.com\/es\/?s={search_term_string}"},"query-input":{"@type":"PropertyValueSpecification","valueRequired":true,"valueName":"search_term_string"}}],"inLanguage":"es"},{"@type":"Person","@id":"https:\/\/www.baque.com\/es\/#\/schema\/person\/32c8c583e6573818274e39ba0178ea0c","name":"baque","image":{"@type":"ImageObject","inLanguage":"es","@id":"https:\/\/secure.gravatar.com\/avatar\/e662fd223ca8a44ab1e60e541b95b68e1a42729b8396361e1232af01ddb23e51?s=96&d=mm&r=g","url":"https:\/\/secure.gravatar.com\/avatar\/e662fd223ca8a44ab1e60e541b95b68e1a42729b8396361e1232af01ddb23e51?s=96&d=mm&r=g","contentUrl":"https:\/\/secure.gravatar.com\/avatar\/e662fd223ca8a44ab1e60e541b95b68e1a42729b8396361e1232af01ddb23e51?s=96&d=mm&r=g","caption":"baque"}}]}},"_links":{"self":[{"href":"https:\/\/www.baque.com\/es\/wp-json\/wp\/v2\/posts\/2112","targetHints":{"allow":["GET"]}}],"collection":[{"href":"https:\/\/www.baque.com\/es\/wp-json\/wp\/v2\/posts"}],"about":[{"href":"https:\/\/www.baque.com\/es\/wp-json\/wp\/v2\/types\/post"}],"author":[{"embeddable":true,"href":"https:\/\/www.baque.com\/es\/wp-json\/wp\/v2\/users\/1"}],"replies":[{"embeddable":true,"href":"https:\/\/www.baque.com\/es\/wp-json\/wp\/v2\/comments?post=2112"}],"version-history":[{"count":0,"href":"https:\/\/www.baque.com\/es\/wp-json\/wp\/v2\/posts\/2112\/revisions"}],"wp:featuredmedia":[{"embeddable":true,"href":"https:\/\/www.baque.com\/es\/wp-json\/wp\/v2\/media\/2331"}],"wp:attachment":[{"href":"https:\/\/www.baque.com\/es\/wp-json\/wp\/v2\/media?parent=2112"}],"wp:term":[{"taxonomy":"category","embeddable":true,"href":"https:\/\/www.baque.com\/es\/wp-json\/wp\/v2\/categories?post=2112"},{"taxonomy":"post_tag","embeddable":true,"href":"https:\/\/www.baque.com\/es\/wp-json\/wp\/v2\/tags?post=2112"}],"curies":[{"name":"wp","href":"https:\/\/api.w.org\/{rel}","templated":true}]}}