
{"id":23,"date":"2016-06-21T13:31:39","date_gmt":"2016-06-21T13:31:39","guid":{"rendered":"http:\/\/blog.baque.com\/?p=23"},"modified":"2018-03-21T14:28:11","modified_gmt":"2018-03-21T14:28:11","slug":"azkena-rock-festival-cafe-despertar","status":"publish","type":"post","link":"https:\/\/www.baque.com\/es\/blog\/azkena-rock-festival-cafe-despertar\/","title":{"rendered":"Azkena Rock Festival, m\u00fasica y un buen caf\u00e9 para despertar"},"content":{"rendered":"<p class='entradilla'>El pasado fin de semana (17-19 junio) tuvimos la oportunidad de estar presentes en el <strong>Azkena Rock Festival en Vitoria<\/strong>, ofreciendo nuestros mejores desayunos a todos los\u00a0festivaleros que estuvieron en la zona de acampada.<\/p>\n<p>&nbsp;<\/p>\n<p><img loading=\"lazy\" decoding=\"async\" class=\"wp-image-33 size-full aligncenter\" src=\"http:\/\/www.baque.com\/wp-content\/uploads\/2016\/06\/IMG_8831.jpg\" alt=\"IMG_8831\" width=\"852\" height=\"640\" \/><\/p>\n<p>Fueron dos d\u00edas de intensa m\u00fasica en los que <strong>compartimos\u00a0diferentes momentos alrededor de un buen caf\u00e9<\/strong>. As\u00ed, ofrecimos\u00a0la energ\u00eda que necesitaban todas las personas que\u00a0acudieron al festival, para despu\u00e9s\u00a0disfrutar de la m\u00fasica en directo con grupos como <strong>The Who<\/strong> y The Hellacopters como cabezas de cartel.<\/p>\n<p>Estuvimos preparando\u00a0caf\u00e9s, <a href=\"http:\/\/www.baque.com\/es\/cafes-baque\" target=\"_blank\" rel=\"noopener\"><strong>nuestra mejor especialidad<\/strong><\/a>, pero tambi\u00e9n desayunos desde nuestro FoodTruck. Aqu\u00ed os dejamos algunas de las fotograf\u00edas que ilustran el buen ambiente que se respiraba en todo el recinto y en las zonas de acampada.<\/p>\n<p>[layerslider id=\u00bb1&#8243;]<\/p>\n<p>&nbsp;<\/p>\n<p>Eso fue en la zona de acampada y donde los festivaleros agradecieron enormemente que Caf\u00e9s Baqu\u00e9 estuviese all\u00ed para despertarles y ofrecerles un buen desayuno. Pero la m\u00fasica fue la protagonista en el Azkena Rock, as\u00ed que aqu\u00ed os dejamos 5 im\u00e1genes que ilustran a la perfecci\u00f3n el festival.<\/p>\n<h2>5 im\u00e1genes para comprender el Azkena Rock Festival<\/h2>\n<p>&nbsp;<\/p>\n<blockquote class=\"instagram-media\" style=\"background: #FFF; border: 0; border-radius: 3px; box-shadow: 0 0 1px 0 rgba(0,0,0,0.5),0 1px 10px 0 rgba(0,0,0,0.15); margin: 1px; max-width: 658px; padding: 0; width: calc(100% - 2px);\" data-instgrm-captioned=\"\" data-instgrm-version=\"7\">\n<div style=\"padding: 8px;\">\n<div style=\"background: #F8F8F8; line-height: 0; margin-top: 40px; padding: 50.0% 0; text-align: center; width: 100%;\"><\/div>\n<p style=\"margin: 8px 0 0 0; padding: 0 4px;\"><a style=\"color: #000; font-family: Arial,sans-serif; font-size: 14px; font-style: normal; font-weight: normal; line-height: 17px; text-decoration: none; word-wrap: break-word;\" href=\"https:\/\/www.instagram.com\/p\/BG2TGGCEX3g\/\" target=\"_blank\" rel=\"noopener\">Pete &amp; Roger (Here&#8217;s keyboardist Loren Gold&#8217;s view of the Azkena Rock Festival) #azkenarockfestival #arf16 #thewho #vitoriagasteiz #basquecountry<\/a><\/p>\n<p style=\"color: #c9c8cd; font-family: Arial,sans-serif; font-size: 14px; line-height: 17px; margin-bottom: 0; margin-top: 8px; overflow: hidden; padding: 8px 0 7px; text-align: center; text-overflow: ellipsis; white-space: nowrap;\">Una foto publicada por Alfonso Santiago (@alfonsosantiagosv) el <time style=\"font-family: Arial,sans-serif; font-size: 14px; line-height: 17px;\" datetime=\"2016-06-19T19:50:27+00:00\">19 de Jun de 2016 a la(s) 12:50 PDT<\/time><\/p>\n<\/div>\n<\/blockquote>\n<p><script src=\"\/\/platform.instagram.com\/en_US\/embeds.js\" async=\"\" defer=\"defer\"><\/script><\/p>\n<blockquote class=\"instagram-media\" style=\"background: #FFF; border: 0; border-radius: 3px; box-shadow: 0 0 1px 0 rgba(0,0,0,0.5),0 1px 10px 0 rgba(0,0,0,0.15); margin: 1px; max-width: 658px; padding: 0; width: calc(100% - 2px);\" data-instgrm-captioned=\"\" data-instgrm-version=\"7\">\n<div style=\"padding: 8px;\">\n<div style=\"background: #F8F8F8; line-height: 0; margin-top: 40px; padding: 37.5% 0; text-align: center; width: 100%;\"><\/div>\n<p><a style=\"color: #000; font-family: Arial,sans-serif; font-size: 14px; font-style: normal; font-weight: normal; line-height: 17px; text-decoration: none; word-wrap: break-word;\" href=\"https:\/\/www.instagram.com\/p\/BGy2xXfo1S1\/\" target=\"_blank\" rel=\"noopener\">La reuni\u00f3n de los suecos The Hellacopters acab\u00f3 de convencer a los m\u00e1s indecisos. Al espect\u00e1culo solo puedo achacarle un sonido demasiado bajo en las primeras filas. (Foto de MusicSnapper)<\/a><\/p>\n<p>Una foto publicada por Alma Botxera (@almabotxera) el <time style=\"font-family: Arial,sans-serif; font-size: 14px; line-height: 17px;\" datetime=\"2016-06-18T11:45:14+00:00\">18 de Jun de 2016 a la(s) 4:45 PDT<\/time><\/p>\n<\/div>\n<\/blockquote>\n<p><script src=\"\/\/platform.instagram.com\/en_US\/embeds.js\" async=\"\" defer=\"defer\"><\/script><\/p>\n<blockquote class=\"instagram-media\" style=\"background: #FFF; border: 0; border-radius: 3px; box-shadow: 0 0 1px 0 rgba(0,0,0,0.5),0 1px 10px 0 rgba(0,0,0,0.15); margin: 1px; max-width: 658px; padding: 0; width: calc(100% - 2px);\" data-instgrm-captioned=\"\" data-instgrm-version=\"7\">\n<div style=\"padding: 8px;\">\n<div style=\"background: #F8F8F8; line-height: 0; margin-top: 40px; padding: 62.5% 0; text-align: center; width: 100%;\"><\/div>\n<p style=\"margin: 8px 0 0 0; padding: 0 4px;\"><a style=\"color: #000; font-family: Arial,sans-serif; font-size: 14px; font-style: normal; font-weight: normal; line-height: 17px; text-decoration: none; word-wrap: break-word;\" href=\"https:\/\/www.instagram.com\/p\/BGxPfh2tnOv\/\" target=\"_blank\" rel=\"noopener\">Vintage Trouble #ARF16<\/a><\/p>\n<p style=\"color: #c9c8cd; font-family: Arial,sans-serif; font-size: 14px; line-height: 17px; margin-bottom: 0; margin-top: 8px; overflow: hidden; padding: 8px 0 7px; text-align: center; text-overflow: ellipsis; white-space: nowrap;\">Una foto publicada por East Link (@east_link) el <time style=\"font-family: Arial,sans-serif; font-size: 14px; line-height: 17px;\" datetime=\"2016-06-17T20:42:46+00:00\">17 de Jun de 2016 a la(s) 1:42 PDT<\/time><\/p>\n<\/div>\n<\/blockquote>\n<p>En <a href=\"http:\/\/www.baque.com\/\" target=\"_blank\" rel=\"noopener\">Caf\u00e9s Baqu\u00e9<\/a> nos gusta apostar por la cultura de una forma decidida. Por eso, apostamos por festivales como el Azkena Rock Festival, donde el buen ambiente y la m\u00fasica se dan\u00a0cita cada a\u00f1o.<\/p>\n<p><a href=\"http:\/\/www.capsulasbaque.com\/\" target=\"_blank\" rel=\"noopener\"><img loading=\"lazy\" decoding=\"async\" class=\"alignnone wp-image-54 size-full\" src=\"http:\/\/www.baque.com\/wp-content\/uploads\/2016\/06\/banners-baque-blog3.png\" alt=\"Comprar caf\u00e9 Baqu\u00e9\" width=\"1100\" height=\"153\" \/><\/a><\/p>\n<p>&nbsp;<\/p>\n","protected":false},"excerpt":{"rendered":"<p>El pasado fin de semana (17-19 junio) tuvimos la oportunidad de estar presentes en el Azkena Rock Festival en Vitoria, ofreciendo nuestros mejores desayunos a todos los festivaleros que estuvieron en la zona de acampada.<\/p>\n","protected":false},"author":1,"featured_media":2452,"comment_status":"open","ping_status":"open","sticky":false,"template":"","format":"standard","meta":{"_acf_changed":false,"footnotes":""},"categories":[20],"tags":[21,22,23],"class_list":["post-23","post","type-post","status-publish","format-standard","has-post-thumbnail","hentry","category-musica","tag-azkena-rock-festival","tag-cafe-para-despertar","tag-festivales-musica"],"acf":[],"yoast_head":"<!-- This site is optimized with the Yoast SEO plugin v27.3 - https:\/\/yoast.com\/product\/yoast-seo-wordpress\/ -->\n<title>Azkena Rock Festival, buena m\u00fasica y un mejor caf\u00e9 para despertar<\/title>\n<meta name=\"description\" content=\"Caf\u00e9s Baqu\u00e9 estuvo presente en el Azkena Rock Festival aportando sus mejores caf\u00e9s en la zona de acampada para dar energ\u00eda a todos los festivaleros.\" \/>\n<meta name=\"robots\" content=\"index, follow, max-snippet:-1, max-image-preview:large, max-video-preview:-1\" \/>\n<meta property=\"og:locale\" content=\"es_ES\" \/>\n<meta property=\"og:type\" content=\"article\" \/>\n<meta property=\"og:title\" content=\"Azkena Rock Festival, buena m\u00fasica y un mejor caf\u00e9 para despertar\" \/>\n<meta property=\"og:description\" content=\"Caf\u00e9s Baqu\u00e9 estuvo presente en el Azkena Rock Festival aportando sus mejores caf\u00e9s en la zona de acampada para dar energ\u00eda a todos los festivaleros.\" \/>\n<meta property=\"og:url\" content=\"https:\/\/www.baque.com\/es\/blog\/azkena-rock-festival-cafe-despertar\/\" \/>\n<meta property=\"og:site_name\" content=\"Caf\u00e9s Baqu\u00e9\" \/>\n<meta property=\"article:published_time\" content=\"2016-06-21T13:31:39+00:00\" \/>\n<meta property=\"article:modified_time\" content=\"2018-03-21T14:28:11+00:00\" \/>\n<meta property=\"og:image\" content=\"https:\/\/www.baque.com\/wp-content\/uploads\/2016\/06\/Baque-en-Azkena-Rock-Festival.jpg\" \/>\n\t<meta property=\"og:image:width\" content=\"1300\" \/>\n\t<meta property=\"og:image:height\" content=\"655\" \/>\n\t<meta property=\"og:image:type\" content=\"image\/jpeg\" \/>\n<meta name=\"author\" content=\"baque\" \/>\n<meta name=\"twitter:card\" content=\"summary_large_image\" \/>\n<meta name=\"twitter:label1\" content=\"Escrito por\" \/>\n\t<meta name=\"twitter:data1\" content=\"baque\" \/>\n\t<meta name=\"twitter:label2\" content=\"Tiempo de lectura\" \/>\n\t<meta name=\"twitter:data2\" content=\"2 minutos\" \/>\n<script type=\"application\/ld+json\" class=\"yoast-schema-graph\">{\"@context\":\"https:\\\/\\\/schema.org\",\"@graph\":[{\"@type\":\"Article\",\"@id\":\"https:\\\/\\\/www.baque.com\\\/es\\\/blog\\\/azkena-rock-festival-cafe-despertar\\\/#article\",\"isPartOf\":{\"@id\":\"https:\\\/\\\/www.baque.com\\\/es\\\/blog\\\/azkena-rock-festival-cafe-despertar\\\/\"},\"author\":{\"name\":\"baque\",\"@id\":\"https:\\\/\\\/www.baque.com\\\/es\\\/#\\\/schema\\\/person\\\/32c8c583e6573818274e39ba0178ea0c\"},\"headline\":\"Azkena Rock Festival, m\u00fasica y un buen caf\u00e9 para despertar\",\"datePublished\":\"2016-06-21T13:31:39+00:00\",\"dateModified\":\"2018-03-21T14:28:11+00:00\",\"mainEntityOfPage\":{\"@id\":\"https:\\\/\\\/www.baque.com\\\/es\\\/blog\\\/azkena-rock-festival-cafe-despertar\\\/\"},\"wordCount\":349,\"commentCount\":0,\"image\":{\"@id\":\"https:\\\/\\\/www.baque.com\\\/es\\\/blog\\\/azkena-rock-festival-cafe-despertar\\\/#primaryimage\"},\"thumbnailUrl\":\"https:\\\/\\\/www.baque.com\\\/wp-content\\\/uploads\\\/2016\\\/06\\\/Baque-en-Azkena-Rock-Festival.jpg\",\"keywords\":[\"Azkena Rock Festival\",\"caf\u00e9 para despertar\",\"Festivales m\u00fasica\"],\"articleSection\":[\"Apoyamos la m\u00fasica\"],\"inLanguage\":\"es\",\"potentialAction\":[{\"@type\":\"CommentAction\",\"name\":\"Comment\",\"target\":[\"https:\\\/\\\/www.baque.com\\\/es\\\/blog\\\/azkena-rock-festival-cafe-despertar\\\/#respond\"]}]},{\"@type\":\"WebPage\",\"@id\":\"https:\\\/\\\/www.baque.com\\\/es\\\/blog\\\/azkena-rock-festival-cafe-despertar\\\/\",\"url\":\"https:\\\/\\\/www.baque.com\\\/es\\\/blog\\\/azkena-rock-festival-cafe-despertar\\\/\",\"name\":\"Azkena Rock Festival, buena m\u00fasica y un mejor caf\u00e9 para despertar\",\"isPartOf\":{\"@id\":\"https:\\\/\\\/www.baque.com\\\/es\\\/#website\"},\"primaryImageOfPage\":{\"@id\":\"https:\\\/\\\/www.baque.com\\\/es\\\/blog\\\/azkena-rock-festival-cafe-despertar\\\/#primaryimage\"},\"image\":{\"@id\":\"https:\\\/\\\/www.baque.com\\\/es\\\/blog\\\/azkena-rock-festival-cafe-despertar\\\/#primaryimage\"},\"thumbnailUrl\":\"https:\\\/\\\/www.baque.com\\\/wp-content\\\/uploads\\\/2016\\\/06\\\/Baque-en-Azkena-Rock-Festival.jpg\",\"datePublished\":\"2016-06-21T13:31:39+00:00\",\"dateModified\":\"2018-03-21T14:28:11+00:00\",\"author\":{\"@id\":\"https:\\\/\\\/www.baque.com\\\/es\\\/#\\\/schema\\\/person\\\/32c8c583e6573818274e39ba0178ea0c\"},\"description\":\"Caf\u00e9s Baqu\u00e9 estuvo presente en el Azkena Rock Festival aportando sus mejores caf\u00e9s en la zona de acampada para dar energ\u00eda a todos los festivaleros.\",\"breadcrumb\":{\"@id\":\"https:\\\/\\\/www.baque.com\\\/es\\\/blog\\\/azkena-rock-festival-cafe-despertar\\\/#breadcrumb\"},\"inLanguage\":\"es\",\"potentialAction\":[{\"@type\":\"ReadAction\",\"target\":[\"https:\\\/\\\/www.baque.com\\\/es\\\/blog\\\/azkena-rock-festival-cafe-despertar\\\/\"]}]},{\"@type\":\"ImageObject\",\"inLanguage\":\"es\",\"@id\":\"https:\\\/\\\/www.baque.com\\\/es\\\/blog\\\/azkena-rock-festival-cafe-despertar\\\/#primaryimage\",\"url\":\"https:\\\/\\\/www.baque.com\\\/wp-content\\\/uploads\\\/2016\\\/06\\\/Baque-en-Azkena-Rock-Festival.jpg\",\"contentUrl\":\"https:\\\/\\\/www.baque.com\\\/wp-content\\\/uploads\\\/2016\\\/06\\\/Baque-en-Azkena-Rock-Festival.jpg\",\"width\":1300,\"height\":655,\"caption\":\"Azkena Rock Festival, m\u00fasica y un buen caf\u00e9 para despertar\"},{\"@type\":\"BreadcrumbList\",\"@id\":\"https:\\\/\\\/www.baque.com\\\/es\\\/blog\\\/azkena-rock-festival-cafe-despertar\\\/#breadcrumb\",\"itemListElement\":[{\"@type\":\"ListItem\",\"position\":1,\"name\":\"Portada\",\"item\":\"https:\\\/\\\/www.baque.com\\\/es\\\/\"},{\"@type\":\"ListItem\",\"position\":2,\"name\":\"Azkena Rock Festival, m\u00fasica y un buen caf\u00e9 para despertar\"}]},{\"@type\":\"WebSite\",\"@id\":\"https:\\\/\\\/www.baque.com\\\/es\\\/#website\",\"url\":\"https:\\\/\\\/www.baque.com\\\/es\\\/\",\"name\":\"Caf\u00e9s Baqu\u00e9\",\"description\":\"Somos l\u00edderes en hosteler\u00eda en Pa\u00eds Vasco y La Rioja y una de las marcas m\u00e1s reconocidas en el mercado nacional. Somos una empresa familiar en constante innovaci\u00f3n en el producto. Tostamos y distribuimos caf\u00e9 molido, en grano y c\u00e1psulas para disfrutar en casa, en el bar y en la oficina.\",\"potentialAction\":[{\"@type\":\"SearchAction\",\"target\":{\"@type\":\"EntryPoint\",\"urlTemplate\":\"https:\\\/\\\/www.baque.com\\\/es\\\/?s={search_term_string}\"},\"query-input\":{\"@type\":\"PropertyValueSpecification\",\"valueRequired\":true,\"valueName\":\"search_term_string\"}}],\"inLanguage\":\"es\"},{\"@type\":\"Person\",\"@id\":\"https:\\\/\\\/www.baque.com\\\/es\\\/#\\\/schema\\\/person\\\/32c8c583e6573818274e39ba0178ea0c\",\"name\":\"baque\",\"image\":{\"@type\":\"ImageObject\",\"inLanguage\":\"es\",\"@id\":\"https:\\\/\\\/secure.gravatar.com\\\/avatar\\\/e662fd223ca8a44ab1e60e541b95b68e1a42729b8396361e1232af01ddb23e51?s=96&d=mm&r=g\",\"url\":\"https:\\\/\\\/secure.gravatar.com\\\/avatar\\\/e662fd223ca8a44ab1e60e541b95b68e1a42729b8396361e1232af01ddb23e51?s=96&d=mm&r=g\",\"contentUrl\":\"https:\\\/\\\/secure.gravatar.com\\\/avatar\\\/e662fd223ca8a44ab1e60e541b95b68e1a42729b8396361e1232af01ddb23e51?s=96&d=mm&r=g\",\"caption\":\"baque\"}}]}<\/script>\n<!-- \/ Yoast SEO plugin. -->","yoast_head_json":{"title":"Azkena Rock Festival, buena m\u00fasica y un mejor caf\u00e9 para despertar","description":"Caf\u00e9s Baqu\u00e9 estuvo presente en el Azkena Rock Festival aportando sus mejores caf\u00e9s en la zona de acampada para dar energ\u00eda a todos los festivaleros.","robots":{"index":"index","follow":"follow","max-snippet":"max-snippet:-1","max-image-preview":"max-image-preview:large","max-video-preview":"max-video-preview:-1"},"og_locale":"es_ES","og_type":"article","og_title":"Azkena Rock Festival, buena m\u00fasica y un mejor caf\u00e9 para despertar","og_description":"Caf\u00e9s Baqu\u00e9 estuvo presente en el Azkena Rock Festival aportando sus mejores caf\u00e9s en la zona de acampada para dar energ\u00eda a todos los festivaleros.","og_url":"https:\/\/www.baque.com\/es\/blog\/azkena-rock-festival-cafe-despertar\/","og_site_name":"Caf\u00e9s Baqu\u00e9","article_published_time":"2016-06-21T13:31:39+00:00","article_modified_time":"2018-03-21T14:28:11+00:00","og_image":[{"width":1300,"height":655,"url":"https:\/\/www.baque.com\/wp-content\/uploads\/2016\/06\/Baque-en-Azkena-Rock-Festival.jpg","type":"image\/jpeg"}],"author":"baque","twitter_card":"summary_large_image","twitter_misc":{"Escrito por":"baque","Tiempo de lectura":"2 minutos"},"schema":{"@context":"https:\/\/schema.org","@graph":[{"@type":"Article","@id":"https:\/\/www.baque.com\/es\/blog\/azkena-rock-festival-cafe-despertar\/#article","isPartOf":{"@id":"https:\/\/www.baque.com\/es\/blog\/azkena-rock-festival-cafe-despertar\/"},"author":{"name":"baque","@id":"https:\/\/www.baque.com\/es\/#\/schema\/person\/32c8c583e6573818274e39ba0178ea0c"},"headline":"Azkena Rock Festival, m\u00fasica y un buen caf\u00e9 para despertar","datePublished":"2016-06-21T13:31:39+00:00","dateModified":"2018-03-21T14:28:11+00:00","mainEntityOfPage":{"@id":"https:\/\/www.baque.com\/es\/blog\/azkena-rock-festival-cafe-despertar\/"},"wordCount":349,"commentCount":0,"image":{"@id":"https:\/\/www.baque.com\/es\/blog\/azkena-rock-festival-cafe-despertar\/#primaryimage"},"thumbnailUrl":"https:\/\/www.baque.com\/wp-content\/uploads\/2016\/06\/Baque-en-Azkena-Rock-Festival.jpg","keywords":["Azkena Rock Festival","caf\u00e9 para despertar","Festivales m\u00fasica"],"articleSection":["Apoyamos la m\u00fasica"],"inLanguage":"es","potentialAction":[{"@type":"CommentAction","name":"Comment","target":["https:\/\/www.baque.com\/es\/blog\/azkena-rock-festival-cafe-despertar\/#respond"]}]},{"@type":"WebPage","@id":"https:\/\/www.baque.com\/es\/blog\/azkena-rock-festival-cafe-despertar\/","url":"https:\/\/www.baque.com\/es\/blog\/azkena-rock-festival-cafe-despertar\/","name":"Azkena Rock Festival, buena m\u00fasica y un mejor caf\u00e9 para despertar","isPartOf":{"@id":"https:\/\/www.baque.com\/es\/#website"},"primaryImageOfPage":{"@id":"https:\/\/www.baque.com\/es\/blog\/azkena-rock-festival-cafe-despertar\/#primaryimage"},"image":{"@id":"https:\/\/www.baque.com\/es\/blog\/azkena-rock-festival-cafe-despertar\/#primaryimage"},"thumbnailUrl":"https:\/\/www.baque.com\/wp-content\/uploads\/2016\/06\/Baque-en-Azkena-Rock-Festival.jpg","datePublished":"2016-06-21T13:31:39+00:00","dateModified":"2018-03-21T14:28:11+00:00","author":{"@id":"https:\/\/www.baque.com\/es\/#\/schema\/person\/32c8c583e6573818274e39ba0178ea0c"},"description":"Caf\u00e9s Baqu\u00e9 estuvo presente en el Azkena Rock Festival aportando sus mejores caf\u00e9s en la zona de acampada para dar energ\u00eda a todos los festivaleros.","breadcrumb":{"@id":"https:\/\/www.baque.com\/es\/blog\/azkena-rock-festival-cafe-despertar\/#breadcrumb"},"inLanguage":"es","potentialAction":[{"@type":"ReadAction","target":["https:\/\/www.baque.com\/es\/blog\/azkena-rock-festival-cafe-despertar\/"]}]},{"@type":"ImageObject","inLanguage":"es","@id":"https:\/\/www.baque.com\/es\/blog\/azkena-rock-festival-cafe-despertar\/#primaryimage","url":"https:\/\/www.baque.com\/wp-content\/uploads\/2016\/06\/Baque-en-Azkena-Rock-Festival.jpg","contentUrl":"https:\/\/www.baque.com\/wp-content\/uploads\/2016\/06\/Baque-en-Azkena-Rock-Festival.jpg","width":1300,"height":655,"caption":"Azkena Rock Festival, m\u00fasica y un buen caf\u00e9 para despertar"},{"@type":"BreadcrumbList","@id":"https:\/\/www.baque.com\/es\/blog\/azkena-rock-festival-cafe-despertar\/#breadcrumb","itemListElement":[{"@type":"ListItem","position":1,"name":"Portada","item":"https:\/\/www.baque.com\/es\/"},{"@type":"ListItem","position":2,"name":"Azkena Rock Festival, m\u00fasica y un buen caf\u00e9 para despertar"}]},{"@type":"WebSite","@id":"https:\/\/www.baque.com\/es\/#website","url":"https:\/\/www.baque.com\/es\/","name":"Caf\u00e9s Baqu\u00e9","description":"Somos l\u00edderes en hosteler\u00eda en Pa\u00eds Vasco y La Rioja y una de las marcas m\u00e1s reconocidas en el mercado nacional. Somos una empresa familiar en constante innovaci\u00f3n en el producto. Tostamos y distribuimos caf\u00e9 molido, en grano y c\u00e1psulas para disfrutar en casa, en el bar y en la oficina.","potentialAction":[{"@type":"SearchAction","target":{"@type":"EntryPoint","urlTemplate":"https:\/\/www.baque.com\/es\/?s={search_term_string}"},"query-input":{"@type":"PropertyValueSpecification","valueRequired":true,"valueName":"search_term_string"}}],"inLanguage":"es"},{"@type":"Person","@id":"https:\/\/www.baque.com\/es\/#\/schema\/person\/32c8c583e6573818274e39ba0178ea0c","name":"baque","image":{"@type":"ImageObject","inLanguage":"es","@id":"https:\/\/secure.gravatar.com\/avatar\/e662fd223ca8a44ab1e60e541b95b68e1a42729b8396361e1232af01ddb23e51?s=96&d=mm&r=g","url":"https:\/\/secure.gravatar.com\/avatar\/e662fd223ca8a44ab1e60e541b95b68e1a42729b8396361e1232af01ddb23e51?s=96&d=mm&r=g","contentUrl":"https:\/\/secure.gravatar.com\/avatar\/e662fd223ca8a44ab1e60e541b95b68e1a42729b8396361e1232af01ddb23e51?s=96&d=mm&r=g","caption":"baque"}}]}},"_links":{"self":[{"href":"https:\/\/www.baque.com\/es\/wp-json\/wp\/v2\/posts\/23","targetHints":{"allow":["GET"]}}],"collection":[{"href":"https:\/\/www.baque.com\/es\/wp-json\/wp\/v2\/posts"}],"about":[{"href":"https:\/\/www.baque.com\/es\/wp-json\/wp\/v2\/types\/post"}],"author":[{"embeddable":true,"href":"https:\/\/www.baque.com\/es\/wp-json\/wp\/v2\/users\/1"}],"replies":[{"embeddable":true,"href":"https:\/\/www.baque.com\/es\/wp-json\/wp\/v2\/comments?post=23"}],"version-history":[{"count":0,"href":"https:\/\/www.baque.com\/es\/wp-json\/wp\/v2\/posts\/23\/revisions"}],"wp:featuredmedia":[{"embeddable":true,"href":"https:\/\/www.baque.com\/es\/wp-json\/wp\/v2\/media\/2452"}],"wp:attachment":[{"href":"https:\/\/www.baque.com\/es\/wp-json\/wp\/v2\/media?parent=23"}],"wp:term":[{"taxonomy":"category","embeddable":true,"href":"https:\/\/www.baque.com\/es\/wp-json\/wp\/v2\/categories?post=23"},{"taxonomy":"post_tag","embeddable":true,"href":"https:\/\/www.baque.com\/es\/wp-json\/wp\/v2\/tags?post=23"}],"curies":[{"name":"wp","href":"https:\/\/api.w.org\/{rel}","templated":true}]}}