
{"id":26186,"date":"2020-05-11T10:00:00","date_gmt":"2020-05-11T08:00:00","guid":{"rendered":"https:\/\/www.baque.com\/?p=26186"},"modified":"2020-05-12T09:11:53","modified_gmt":"2020-05-12T07:11:53","slug":"como-elegir-cafe-para-cafeteria","status":"publish","type":"post","link":"https:\/\/www.baque.com\/es\/blog\/como-elegir-cafe-para-cafeteria\/","title":{"rendered":"C\u00f3mo elegir el caf\u00e9 para tu cafeter\u00eda"},"content":{"rendered":"\n<p class='entradilla'> Te damos los pasos necesarios a seguir para la puesta a punto de cafeteras, molinos y la gesti\u00f3n del producto, tras una temporada de innactividad en tu negocio. <\/p>\n\n\n\n<p>\u00bfNatural o torrefacto? \u00bfAr\u00e1bicas o robustas? Blends, monovarietales, caf\u00e9s de un pa\u00eds o de otro, en grano, c\u00e1psulas\u2026 \u00bftuestes? Las variables que existen en el mundo del caf\u00e9 son muy diversas, y si queremos comenzar un nuevo proyecto debemos de conocer y estudiar cu\u00e1l ser\u00e1 el eje de este negocio en cuanto al tipo de caf\u00e9 se refiere.<\/p>\n\n\n\n<h2 class=\"wp-block-heading\">C\u00f3mo elegir el caf\u00e9 para tu cafeter\u00eda<\/h2>\n\n\n\n<p>Antes de meternos en materia hay que pensar en el sistema a utilizar, \u00bfgrano o <strong><a href=\"https:\/\/www.baque.com\/es\/para-hosteleria\/cafe\/#cafe-negocio-6\" target=\"_blank\" rel=\"noreferrer noopener\" aria-label=\"c\u00e1psula (opens in a new tab)\">c\u00e1psula<\/a><\/strong>?  Pues depende, un caf\u00e9 reci\u00e9n molido siempre es positivo, pero si nuestro consumo semanal es bajo a veces es preferible sustituir esa compra de grano por un caf\u00e9 bien guardado y que no se oxide por tenerlo demasiado tiempo en la tolva del molino. <\/p>\n\n\n\n<p>Tambi\u00e9n hay que entender que si existen blends diferentes es para poder disfrutar de un buen abanico de aromas y sabores.&nbsp;<\/p>\n\n\n\n<figure class=\"wp-block-image size-large\"><img loading=\"lazy\" decoding=\"async\" width=\"1042\" height=\"692\" src=\"https:\/\/www.baque.com\/wp-content\/uploads\/2020\/05\/amigas-caf\u00e9-baque-1042x692-3.jpg\" alt=\"\" class=\"wp-image-26218\" srcset=\"https:\/\/www.baque.com\/wp-content\/uploads\/2020\/05\/amigas-caf\u00e9-baque-1042x692-3.jpg 1042w, https:\/\/www.baque.com\/wp-content\/uploads\/2020\/05\/amigas-caf\u00e9-baque-1042x692-3-331x220.jpg 331w, https:\/\/www.baque.com\/wp-content\/uploads\/2020\/05\/amigas-caf\u00e9-baque-1042x692-3-768x510.jpg 768w, https:\/\/www.baque.com\/wp-content\/uploads\/2020\/05\/amigas-caf\u00e9-baque-1042x692-3-600x398.jpg 600w\" sizes=\"auto, (max-width: 1042px) 100vw, 1042px\" \/><\/figure>\n\n\n\n<p>Aunque hay una pregunta que cada vez nos hacemos menos, la duda entre usar un <strong><a href=\"https:\/\/www.baque.com\/es\/para-hosteleria\/cafe\/#cafe-negocio-4\" target=\"_blank\" rel=\"noreferrer noopener\" aria-label=\"blend de tueste natural o mezcla  (opens in a new tab)\">blend de tueste natural o mezcla <\/a><\/strong>(natural m\u00e1s torrefacto) empieza a estar obsoleta. Los tiempos cambian y evolucionamos, y vamos eliminando poco a poco el torrefacto de nuestras vidas.<\/p>\n\n\n\n<p>El presente es el de los <strong><a href=\"http:\/\/www.forumdelcafe.com\/noticias\/cafe-nuestro-gusto-la-formulacion-blend\" target=\"_blank\" rel=\"noreferrer noopener\" aria-label=\" (opens in a new tab)\">blends<\/a><\/strong> naturales. Un blend puede estar compuesto por varios or\u00edgenes y cada uno le aportar\u00e1 unos aromas y sabores diferentes. Normalmente nos encontraremos con el dilema de un blend compuesto por un <strong><a href=\"https:\/\/www.baque.com\/es\/para-hosteleria\/cafe\/#cafe-negocio-3\" target=\"_blank\" rel=\"noreferrer noopener\" aria-label=\"100% de la especie Ar\u00e1bica (opens in a new tab)\">100% de la especie Ar\u00e1bica<\/a><\/strong> o un combinado en el que Ar\u00e1bicas y Robustas casan creando un perfil concreto. Hay que entender que cada origen, y con origen no nos referimos solamente al pa\u00eds, posee unas notas organol\u00e9pticas diferentes. <\/p>\n\n\n\n<p>La tendencia es ir a la especie Ar\u00e1bica. Esto se debe a que son granos con aromas que nos recuerdan a chocolates, fruta, regaliz, flores,\u2026 los hay muy diversos, pero se contraponen con lo que nos solemos encontrar en la especie Robusta (Canephora) en la que nos encontramos notas a madera, frutos secos o cacao.\u00a0<\/p>\n\n\n\n<h3 class=\"wp-block-heading\">\u00bfQu\u00e9 blend elegir?<\/h3>\n\n\n\n<p>Bien, y \u00bfqu\u00e9 blend elegimos? Juega y prueba varios, f\u00edjate en que sean granos homog\u00e9neos en su maduraci\u00f3n, que prevalezcan los ar\u00e1bicas frente a los robustas, un tueste no muy intenso tambi\u00e9n te ayudar\u00e1 a lograr una taza m\u00e1s agradable y compleja en aromas. Adem\u00e1s, cuanto m\u00e1s ar\u00e1bica menos cafe\u00edna en una taza, y eso es positivo tanto para cuidar nuestra salud como para permitir una mayor repetici\u00f3n de consumo en nuestra cafeter\u00eda.<\/p>\n\n\n\n<p>Ap\u00f3yate en quien te ayude con las herramientas que necesitas, si el servicio t\u00e9cnico y los comerciales de caf\u00e9 te ayudan a mantener la cafetera y los molinos siempre a punto podr\u00e1s tener un negocio m\u00e1s eficiente en todos los aspectos.<\/p>\n\n\n\n<p>Una vez decidida la materia prima y las herramientas tambi\u00e9n debemos de saber <strong><a rel=\"noreferrer noopener\" aria-label=\"c\u00f3mo realizar los pasos correctos para todo ello (opens in a new tab)\" href=\"https:\/\/www.baque.com\/es\/especialistas-cafe\/escuela-cafe\/\" target=\"_blank\">c\u00f3mo realizar los pasos correctos para todo ello<\/a><\/strong>, lo ideal es tener a alguien que nos ayude y nos asesore en todo lo necesario, algunas empresas est\u00e1n muy bien especializadas en ello y pueden llevarte por el buen camino. Caf\u00e9s Baqu\u00e9 dispone de una <strong><a rel=\"noreferrer noopener\" aria-label=\"Escuela de Caf\u00e9 (opens in a new tab)\" href=\"https:\/\/www.baque.com\/es\/especialistas-cafe\/escuela-cafe\/\" target=\"_blank\">Escuela de Caf\u00e9<\/a><\/strong> para ello.<\/p>\n\n\n\n<p>El objetivo es llevarse a la boca un buen sabor, que perdure, que no desaparezca, llevarse ese recuerdo que le pida volver ah\u00ed cada d\u00eda.<br><\/p>\n\n\n\n<figure class=\"wp-block-image size-large\"><img loading=\"lazy\" decoding=\"async\" width=\"1041\" height=\"696\" src=\"https:\/\/www.baque.com\/wp-content\/uploads\/2020\/05\/portafiltros-caf\u00e9-1041x696-2.jpg\" alt=\"\" class=\"wp-image-26221\" srcset=\"https:\/\/www.baque.com\/wp-content\/uploads\/2020\/05\/portafiltros-caf\u00e9-1041x696-2.jpg 1041w, https:\/\/www.baque.com\/wp-content\/uploads\/2020\/05\/portafiltros-caf\u00e9-1041x696-2-331x221.jpg 331w, https:\/\/www.baque.com\/wp-content\/uploads\/2020\/05\/portafiltros-caf\u00e9-1041x696-2-768x513.jpg 768w, https:\/\/www.baque.com\/wp-content\/uploads\/2020\/05\/portafiltros-caf\u00e9-1041x696-2-600x401.jpg 600w\" sizes=\"auto, (max-width: 1041px) 100vw, 1041px\" \/><\/figure>\n\n\n\n<p>Ese es nuestro objetivo, en Caf\u00e9s Baqu\u00e9 trabajamos cada d\u00eda escogiendo los mejores or\u00edgenes, procurando un buen transporte, tostando por origen, apoyando con t\u00e9cnicos propios, formando a los profesionales de nuestro sector\u2026 Cuando todos estos puntos se cuidan no es dif\u00edcil escoger un buen caf\u00e9 para tu negocio.\u00a0<br><\/p>\n","protected":false},"excerpt":{"rendered":"<p>\u00bfNatural o torrefacto? \u00bfAr\u00e1bicas o robustas? Blends, monovarietales, caf\u00e9s de un pa\u00eds o de otro, en grano, c\u00e1psulas\u2026 \u00bftuestes? Las variables que existen en el mundo del caf\u00e9 son muy diversas, y si queremos comenzar un nuevo proyecto debemos de conocer y estudiar cu\u00e1l ser\u00e1 el eje de este negocio en cuanto al tipo de [&hellip;]<\/p>\n","protected":false},"author":1,"featured_media":26211,"comment_status":"open","ping_status":"open","sticky":false,"template":"","format":"standard","meta":{"_acf_changed":false,"footnotes":""},"categories":[34],"tags":[],"class_list":["post-26186","post","type-post","status-publish","format-standard","has-post-thumbnail","hentry","category-nos-gusta-el-cafe"],"acf":[],"yoast_head":"<!-- This site is optimized with the Yoast SEO plugin v27.3 - https:\/\/yoast.com\/product\/yoast-seo-wordpress\/ -->\n<title>C\u00f3mo elegir el caf\u00e9 para tu cafeter\u00eda - Caf\u00e9s Baqu\u00e9<\/title>\n<meta name=\"description\" content=\"Antes de comenzar un nuevo proyecto es importante saber c\u00f3mo elegir el caf\u00e9 para tu cafeter\u00eda. Las variables son muchas y debemos saber qu\u00e9 blend elegir.\" \/>\n<meta name=\"robots\" content=\"index, follow, max-snippet:-1, max-image-preview:large, max-video-preview:-1\" \/>\n<meta property=\"og:locale\" content=\"es_ES\" \/>\n<meta property=\"og:type\" content=\"article\" \/>\n<meta property=\"og:title\" content=\"C\u00f3mo elegir el caf\u00e9 para tu cafeter\u00eda - Caf\u00e9s Baqu\u00e9\" \/>\n<meta property=\"og:description\" content=\"Antes de comenzar un nuevo proyecto es importante saber c\u00f3mo elegir el caf\u00e9 para tu cafeter\u00eda. Las variables son muchas y debemos saber qu\u00e9 blend elegir.\" \/>\n<meta property=\"og:url\" content=\"https:\/\/www.baque.com\/es\/blog\/como-elegir-cafe-para-cafeteria\/\" \/>\n<meta property=\"og:site_name\" content=\"Caf\u00e9s Baqu\u00e9\" \/>\n<meta property=\"article:published_time\" content=\"2020-05-11T08:00:00+00:00\" \/>\n<meta property=\"article:modified_time\" content=\"2020-05-12T07:11:53+00:00\" \/>\n<meta property=\"og:image\" content=\"https:\/\/www.baque.com\/wp-content\/uploads\/2020\/05\/expreso-perfecto-888x571-1.jpg\" \/>\n\t<meta property=\"og:image:width\" content=\"888\" \/>\n\t<meta property=\"og:image:height\" content=\"571\" \/>\n\t<meta property=\"og:image:type\" content=\"image\/jpeg\" \/>\n<meta name=\"author\" content=\"baque\" \/>\n<meta name=\"twitter:card\" content=\"summary_large_image\" \/>\n<meta name=\"twitter:label1\" content=\"Escrito por\" \/>\n\t<meta name=\"twitter:data1\" content=\"baque\" \/>\n\t<meta name=\"twitter:label2\" content=\"Tiempo de lectura\" \/>\n\t<meta name=\"twitter:data2\" content=\"3 minutos\" \/>\n<script type=\"application\/ld+json\" class=\"yoast-schema-graph\">{\"@context\":\"https:\\\/\\\/schema.org\",\"@graph\":[{\"@type\":\"Article\",\"@id\":\"https:\\\/\\\/www.baque.com\\\/es\\\/blog\\\/como-elegir-cafe-para-cafeteria\\\/#article\",\"isPartOf\":{\"@id\":\"https:\\\/\\\/www.baque.com\\\/es\\\/blog\\\/como-elegir-cafe-para-cafeteria\\\/\"},\"author\":{\"name\":\"baque\",\"@id\":\"https:\\\/\\\/www.baque.com\\\/es\\\/#\\\/schema\\\/person\\\/32c8c583e6573818274e39ba0178ea0c\"},\"headline\":\"C\u00f3mo elegir el caf\u00e9 para tu cafeter\u00eda\",\"datePublished\":\"2020-05-11T08:00:00+00:00\",\"dateModified\":\"2020-05-12T07:11:53+00:00\",\"mainEntityOfPage\":{\"@id\":\"https:\\\/\\\/www.baque.com\\\/es\\\/blog\\\/como-elegir-cafe-para-cafeteria\\\/\"},\"wordCount\":657,\"commentCount\":0,\"image\":{\"@id\":\"https:\\\/\\\/www.baque.com\\\/es\\\/blog\\\/como-elegir-cafe-para-cafeteria\\\/#primaryimage\"},\"thumbnailUrl\":\"https:\\\/\\\/www.baque.com\\\/wp-content\\\/uploads\\\/2020\\\/05\\\/expreso-perfecto-888x571-1.jpg\",\"articleSection\":[\"Nos gusta el caf\u00e9\"],\"inLanguage\":\"es\",\"potentialAction\":[{\"@type\":\"CommentAction\",\"name\":\"Comment\",\"target\":[\"https:\\\/\\\/www.baque.com\\\/es\\\/blog\\\/como-elegir-cafe-para-cafeteria\\\/#respond\"]}]},{\"@type\":\"WebPage\",\"@id\":\"https:\\\/\\\/www.baque.com\\\/es\\\/blog\\\/como-elegir-cafe-para-cafeteria\\\/\",\"url\":\"https:\\\/\\\/www.baque.com\\\/es\\\/blog\\\/como-elegir-cafe-para-cafeteria\\\/\",\"name\":\"C\u00f3mo elegir el caf\u00e9 para tu cafeter\u00eda - Caf\u00e9s Baqu\u00e9\",\"isPartOf\":{\"@id\":\"https:\\\/\\\/www.baque.com\\\/es\\\/#website\"},\"primaryImageOfPage\":{\"@id\":\"https:\\\/\\\/www.baque.com\\\/es\\\/blog\\\/como-elegir-cafe-para-cafeteria\\\/#primaryimage\"},\"image\":{\"@id\":\"https:\\\/\\\/www.baque.com\\\/es\\\/blog\\\/como-elegir-cafe-para-cafeteria\\\/#primaryimage\"},\"thumbnailUrl\":\"https:\\\/\\\/www.baque.com\\\/wp-content\\\/uploads\\\/2020\\\/05\\\/expreso-perfecto-888x571-1.jpg\",\"datePublished\":\"2020-05-11T08:00:00+00:00\",\"dateModified\":\"2020-05-12T07:11:53+00:00\",\"author\":{\"@id\":\"https:\\\/\\\/www.baque.com\\\/es\\\/#\\\/schema\\\/person\\\/32c8c583e6573818274e39ba0178ea0c\"},\"description\":\"Antes de comenzar un nuevo proyecto es importante saber c\u00f3mo elegir el caf\u00e9 para tu cafeter\u00eda. Las variables son muchas y debemos saber qu\u00e9 blend elegir.\",\"breadcrumb\":{\"@id\":\"https:\\\/\\\/www.baque.com\\\/es\\\/blog\\\/como-elegir-cafe-para-cafeteria\\\/#breadcrumb\"},\"inLanguage\":\"es\",\"potentialAction\":[{\"@type\":\"ReadAction\",\"target\":[\"https:\\\/\\\/www.baque.com\\\/es\\\/blog\\\/como-elegir-cafe-para-cafeteria\\\/\"]}]},{\"@type\":\"ImageObject\",\"inLanguage\":\"es\",\"@id\":\"https:\\\/\\\/www.baque.com\\\/es\\\/blog\\\/como-elegir-cafe-para-cafeteria\\\/#primaryimage\",\"url\":\"https:\\\/\\\/www.baque.com\\\/wp-content\\\/uploads\\\/2020\\\/05\\\/expreso-perfecto-888x571-1.jpg\",\"contentUrl\":\"https:\\\/\\\/www.baque.com\\\/wp-content\\\/uploads\\\/2020\\\/05\\\/expreso-perfecto-888x571-1.jpg\",\"width\":888,\"height\":571},{\"@type\":\"BreadcrumbList\",\"@id\":\"https:\\\/\\\/www.baque.com\\\/es\\\/blog\\\/como-elegir-cafe-para-cafeteria\\\/#breadcrumb\",\"itemListElement\":[{\"@type\":\"ListItem\",\"position\":1,\"name\":\"Portada\",\"item\":\"https:\\\/\\\/www.baque.com\\\/es\\\/\"},{\"@type\":\"ListItem\",\"position\":2,\"name\":\"C\u00f3mo elegir el caf\u00e9 para tu cafeter\u00eda\"}]},{\"@type\":\"WebSite\",\"@id\":\"https:\\\/\\\/www.baque.com\\\/es\\\/#website\",\"url\":\"https:\\\/\\\/www.baque.com\\\/es\\\/\",\"name\":\"Caf\u00e9s Baqu\u00e9\",\"description\":\"Somos l\u00edderes en hosteler\u00eda en Pa\u00eds Vasco y La Rioja y una de las marcas m\u00e1s reconocidas en el mercado nacional. Somos una empresa familiar en constante innovaci\u00f3n en el producto. Tostamos y distribuimos caf\u00e9 molido, en grano y c\u00e1psulas para disfrutar en casa, en el bar y en la oficina.\",\"potentialAction\":[{\"@type\":\"SearchAction\",\"target\":{\"@type\":\"EntryPoint\",\"urlTemplate\":\"https:\\\/\\\/www.baque.com\\\/es\\\/?s={search_term_string}\"},\"query-input\":{\"@type\":\"PropertyValueSpecification\",\"valueRequired\":true,\"valueName\":\"search_term_string\"}}],\"inLanguage\":\"es\"},{\"@type\":\"Person\",\"@id\":\"https:\\\/\\\/www.baque.com\\\/es\\\/#\\\/schema\\\/person\\\/32c8c583e6573818274e39ba0178ea0c\",\"name\":\"baque\",\"image\":{\"@type\":\"ImageObject\",\"inLanguage\":\"es\",\"@id\":\"https:\\\/\\\/secure.gravatar.com\\\/avatar\\\/e662fd223ca8a44ab1e60e541b95b68e1a42729b8396361e1232af01ddb23e51?s=96&d=mm&r=g\",\"url\":\"https:\\\/\\\/secure.gravatar.com\\\/avatar\\\/e662fd223ca8a44ab1e60e541b95b68e1a42729b8396361e1232af01ddb23e51?s=96&d=mm&r=g\",\"contentUrl\":\"https:\\\/\\\/secure.gravatar.com\\\/avatar\\\/e662fd223ca8a44ab1e60e541b95b68e1a42729b8396361e1232af01ddb23e51?s=96&d=mm&r=g\",\"caption\":\"baque\"}}]}<\/script>\n<!-- \/ Yoast SEO plugin. -->","yoast_head_json":{"title":"C\u00f3mo elegir el caf\u00e9 para tu cafeter\u00eda - Caf\u00e9s Baqu\u00e9","description":"Antes de comenzar un nuevo proyecto es importante saber c\u00f3mo elegir el caf\u00e9 para tu cafeter\u00eda. Las variables son muchas y debemos saber qu\u00e9 blend elegir.","robots":{"index":"index","follow":"follow","max-snippet":"max-snippet:-1","max-image-preview":"max-image-preview:large","max-video-preview":"max-video-preview:-1"},"og_locale":"es_ES","og_type":"article","og_title":"C\u00f3mo elegir el caf\u00e9 para tu cafeter\u00eda - Caf\u00e9s Baqu\u00e9","og_description":"Antes de comenzar un nuevo proyecto es importante saber c\u00f3mo elegir el caf\u00e9 para tu cafeter\u00eda. Las variables son muchas y debemos saber qu\u00e9 blend elegir.","og_url":"https:\/\/www.baque.com\/es\/blog\/como-elegir-cafe-para-cafeteria\/","og_site_name":"Caf\u00e9s Baqu\u00e9","article_published_time":"2020-05-11T08:00:00+00:00","article_modified_time":"2020-05-12T07:11:53+00:00","og_image":[{"width":888,"height":571,"url":"https:\/\/www.baque.com\/wp-content\/uploads\/2020\/05\/expreso-perfecto-888x571-1.jpg","type":"image\/jpeg"}],"author":"baque","twitter_card":"summary_large_image","twitter_misc":{"Escrito por":"baque","Tiempo de lectura":"3 minutos"},"schema":{"@context":"https:\/\/schema.org","@graph":[{"@type":"Article","@id":"https:\/\/www.baque.com\/es\/blog\/como-elegir-cafe-para-cafeteria\/#article","isPartOf":{"@id":"https:\/\/www.baque.com\/es\/blog\/como-elegir-cafe-para-cafeteria\/"},"author":{"name":"baque","@id":"https:\/\/www.baque.com\/es\/#\/schema\/person\/32c8c583e6573818274e39ba0178ea0c"},"headline":"C\u00f3mo elegir el caf\u00e9 para tu cafeter\u00eda","datePublished":"2020-05-11T08:00:00+00:00","dateModified":"2020-05-12T07:11:53+00:00","mainEntityOfPage":{"@id":"https:\/\/www.baque.com\/es\/blog\/como-elegir-cafe-para-cafeteria\/"},"wordCount":657,"commentCount":0,"image":{"@id":"https:\/\/www.baque.com\/es\/blog\/como-elegir-cafe-para-cafeteria\/#primaryimage"},"thumbnailUrl":"https:\/\/www.baque.com\/wp-content\/uploads\/2020\/05\/expreso-perfecto-888x571-1.jpg","articleSection":["Nos gusta el caf\u00e9"],"inLanguage":"es","potentialAction":[{"@type":"CommentAction","name":"Comment","target":["https:\/\/www.baque.com\/es\/blog\/como-elegir-cafe-para-cafeteria\/#respond"]}]},{"@type":"WebPage","@id":"https:\/\/www.baque.com\/es\/blog\/como-elegir-cafe-para-cafeteria\/","url":"https:\/\/www.baque.com\/es\/blog\/como-elegir-cafe-para-cafeteria\/","name":"C\u00f3mo elegir el caf\u00e9 para tu cafeter\u00eda - Caf\u00e9s Baqu\u00e9","isPartOf":{"@id":"https:\/\/www.baque.com\/es\/#website"},"primaryImageOfPage":{"@id":"https:\/\/www.baque.com\/es\/blog\/como-elegir-cafe-para-cafeteria\/#primaryimage"},"image":{"@id":"https:\/\/www.baque.com\/es\/blog\/como-elegir-cafe-para-cafeteria\/#primaryimage"},"thumbnailUrl":"https:\/\/www.baque.com\/wp-content\/uploads\/2020\/05\/expreso-perfecto-888x571-1.jpg","datePublished":"2020-05-11T08:00:00+00:00","dateModified":"2020-05-12T07:11:53+00:00","author":{"@id":"https:\/\/www.baque.com\/es\/#\/schema\/person\/32c8c583e6573818274e39ba0178ea0c"},"description":"Antes de comenzar un nuevo proyecto es importante saber c\u00f3mo elegir el caf\u00e9 para tu cafeter\u00eda. Las variables son muchas y debemos saber qu\u00e9 blend elegir.","breadcrumb":{"@id":"https:\/\/www.baque.com\/es\/blog\/como-elegir-cafe-para-cafeteria\/#breadcrumb"},"inLanguage":"es","potentialAction":[{"@type":"ReadAction","target":["https:\/\/www.baque.com\/es\/blog\/como-elegir-cafe-para-cafeteria\/"]}]},{"@type":"ImageObject","inLanguage":"es","@id":"https:\/\/www.baque.com\/es\/blog\/como-elegir-cafe-para-cafeteria\/#primaryimage","url":"https:\/\/www.baque.com\/wp-content\/uploads\/2020\/05\/expreso-perfecto-888x571-1.jpg","contentUrl":"https:\/\/www.baque.com\/wp-content\/uploads\/2020\/05\/expreso-perfecto-888x571-1.jpg","width":888,"height":571},{"@type":"BreadcrumbList","@id":"https:\/\/www.baque.com\/es\/blog\/como-elegir-cafe-para-cafeteria\/#breadcrumb","itemListElement":[{"@type":"ListItem","position":1,"name":"Portada","item":"https:\/\/www.baque.com\/es\/"},{"@type":"ListItem","position":2,"name":"C\u00f3mo elegir el caf\u00e9 para tu cafeter\u00eda"}]},{"@type":"WebSite","@id":"https:\/\/www.baque.com\/es\/#website","url":"https:\/\/www.baque.com\/es\/","name":"Caf\u00e9s Baqu\u00e9","description":"Somos l\u00edderes en hosteler\u00eda en Pa\u00eds Vasco y La Rioja y una de las marcas m\u00e1s reconocidas en el mercado nacional. Somos una empresa familiar en constante innovaci\u00f3n en el producto. Tostamos y distribuimos caf\u00e9 molido, en grano y c\u00e1psulas para disfrutar en casa, en el bar y en la oficina.","potentialAction":[{"@type":"SearchAction","target":{"@type":"EntryPoint","urlTemplate":"https:\/\/www.baque.com\/es\/?s={search_term_string}"},"query-input":{"@type":"PropertyValueSpecification","valueRequired":true,"valueName":"search_term_string"}}],"inLanguage":"es"},{"@type":"Person","@id":"https:\/\/www.baque.com\/es\/#\/schema\/person\/32c8c583e6573818274e39ba0178ea0c","name":"baque","image":{"@type":"ImageObject","inLanguage":"es","@id":"https:\/\/secure.gravatar.com\/avatar\/e662fd223ca8a44ab1e60e541b95b68e1a42729b8396361e1232af01ddb23e51?s=96&d=mm&r=g","url":"https:\/\/secure.gravatar.com\/avatar\/e662fd223ca8a44ab1e60e541b95b68e1a42729b8396361e1232af01ddb23e51?s=96&d=mm&r=g","contentUrl":"https:\/\/secure.gravatar.com\/avatar\/e662fd223ca8a44ab1e60e541b95b68e1a42729b8396361e1232af01ddb23e51?s=96&d=mm&r=g","caption":"baque"}}]}},"_links":{"self":[{"href":"https:\/\/www.baque.com\/es\/wp-json\/wp\/v2\/posts\/26186","targetHints":{"allow":["GET"]}}],"collection":[{"href":"https:\/\/www.baque.com\/es\/wp-json\/wp\/v2\/posts"}],"about":[{"href":"https:\/\/www.baque.com\/es\/wp-json\/wp\/v2\/types\/post"}],"author":[{"embeddable":true,"href":"https:\/\/www.baque.com\/es\/wp-json\/wp\/v2\/users\/1"}],"replies":[{"embeddable":true,"href":"https:\/\/www.baque.com\/es\/wp-json\/wp\/v2\/comments?post=26186"}],"version-history":[{"count":9,"href":"https:\/\/www.baque.com\/es\/wp-json\/wp\/v2\/posts\/26186\/revisions"}],"predecessor-version":[{"id":26884,"href":"https:\/\/www.baque.com\/es\/wp-json\/wp\/v2\/posts\/26186\/revisions\/26884"}],"wp:featuredmedia":[{"embeddable":true,"href":"https:\/\/www.baque.com\/es\/wp-json\/wp\/v2\/media\/26211"}],"wp:attachment":[{"href":"https:\/\/www.baque.com\/es\/wp-json\/wp\/v2\/media?parent=26186"}],"wp:term":[{"taxonomy":"category","embeddable":true,"href":"https:\/\/www.baque.com\/es\/wp-json\/wp\/v2\/categories?post=26186"},{"taxonomy":"post_tag","embeddable":true,"href":"https:\/\/www.baque.com\/es\/wp-json\/wp\/v2\/tags?post=26186"}],"curies":[{"name":"wp","href":"https:\/\/api.w.org\/{rel}","templated":true}]}}