
{"id":2820,"date":"2018-04-16T08:00:17","date_gmt":"2018-04-16T08:00:17","guid":{"rendered":"http:\/\/www.baque.com\/?p=2820"},"modified":"2018-04-17T07:09:40","modified_gmt":"2018-04-17T07:09:40","slug":"mejor-hora-tomar-cafe","status":"publish","type":"post","link":"https:\/\/www.baque.com\/es\/blog\/mejor-hora-tomar-cafe\/","title":{"rendered":"Cu\u00e1l es la mejor hora para tomar caf\u00e9"},"content":{"rendered":"<p class='entradilla'>Te contamos cu\u00e1l es la mejor hora para tomar caf\u00e9 y que as\u00ed disfrutes de todas sus propiedades y beneficios. <\/p>\n<p>Si te consideras un verdadero <a href=\"http:\/\/www.baque.com\/es\/blog\/decalogo-buen-cafetero-amantes-cafe\/\"><strong>amante del caf\u00e9<\/strong><\/a> creer\u00e1s que cualquier hora del d\u00eda es buena para tomarlo. Sin embargo, existen unos momentos m\u00e1s recomendables que otros. Por eso queremos contarte cu\u00e1l es la mejor hora para tomar caf\u00e9 y que as\u00ed disfrutes de todas sus ventajas y de sus propiedades estimulantes.<\/p>\n<h2>Cu\u00e1l es la mejor hora para tomar caf\u00e9<\/h2>\n<p>Probablemente, si te pregunt\u00e1semos cu\u00e1l es la mejor hora para tomar caf\u00e9, descartar\u00edas desde luego la hora justo antes de meterte a la cama. Este es el momento del d\u00eda en el que cualquiera de nosotros no consumir\u00eda caf\u00e9 para poder conciliar el sue\u00f1o. Sin embargo, existen otros momentos en los que tampoco se recomienda ingerirlo.<\/p>\n<p>De hecho, la gran mayor\u00eda de consumidores de caf\u00e9 lo beben a primera hora de la ma\u00f1ana y se trata de una pr\u00e1ctica err\u00f3nea. Tomar caf\u00e9 cuando nos levantamos es un h\u00e1bito muy arraigado en nuestra sociedad, pero lo cierto es que esa no es precisamente la mejor hora.<\/p>\n<p>Cuando nos despertamos, sobre todo entre las 8 y 9 de la ma\u00f1ana, la <a href=\"https:\/\/es.wikipedia.org\/wiki\/Cortisol\" target=\"_blank\" rel=\"noopener\"><strong>hormona\u00a0cortisol<\/strong><\/a>\u00a0se encuentra en los picos m\u00e1s elevados. Esto quiere decir que en realidad, cuando nos levantamos, ya tenemos la suficiente estimulaci\u00f3n gracias a la acci\u00f3n de esta hormona natural.<\/p>\n<p>Si tomas caf\u00e9 a primera hora de la ma\u00f1ana y no notas tanto sus efectos, se debe precisamente a esta hormona, ya que tu cuerpo ya se encuentra lo suficientemente estimulado y no necesita m\u00e1s para despertarse.<\/p>\n<p>Por eso, si necesitas caf\u00e9 a las ma\u00f1anas,<strong> lo mejor es que esperes dos o tres horas despu\u00e9s de haberte levantado<\/strong>.<\/p>\n<p>Pero esto no es todo. Se producen otros <a href=\"https:\/\/www.natursan.net\/por-que-no-es-bueno-tomar-cafe-tras-despertarnos\/\" target=\"_blank\" rel=\"noopener\"><strong>picos elevados de cortisol<\/strong><\/a> a lo largo del d\u00eda: entre las 12 y las 13 horas del mediod\u00eda, y entre las 17:30 y las 18:30 horas de la tarde.<\/p>\n<p>Por lo tanto,<strong> las mejores horas para consumir caf\u00e9 es entre las 9:30 y las 11:30 de la ma\u00f1ana y a partir de las 13 horas del mediod\u00eda<\/strong>, como por ejemplo despu\u00e9s de comer.<\/p>\n<p>Ahora ya sabes cu\u00e1l es la mejor hora para tomar caf\u00e9. No olvides que lo tomes a la hora que lo tomes, el mejor es el de Caf\u00e9s Baqu\u00e9 \ud83d\ude09<\/p>\n<p><a href=\"http:\/\/www.baque.com\/es\/para-casa\/cafe\/capsulas-organicas\/\" target=\"_blank\" rel=\"noopener\"><img loading=\"lazy\" decoding=\"async\" class=\"alignnone wp-image-2286 size-full\" src=\"http:\/\/www.baque.com\/wp-content\/uploads\/2018\/04\/CTA-cafe-organico-baque.jpg\" alt=\"\" width=\"1150\" height=\"350\" srcset=\"https:\/\/www.baque.com\/wp-content\/uploads\/2018\/04\/CTA-cafe-organico-baque.jpg 1150w, https:\/\/www.baque.com\/wp-content\/uploads\/2018\/04\/CTA-cafe-organico-baque-331x101.jpg 331w, https:\/\/www.baque.com\/wp-content\/uploads\/2018\/04\/CTA-cafe-organico-baque-768x234.jpg 768w\" sizes=\"auto, (max-width: 1150px) 100vw, 1150px\" \/><\/a><\/p>\n","protected":false},"excerpt":{"rendered":"<p>Si te consideras un verdadero amante del caf\u00e9 creer\u00e1s que cualquier hora del d\u00eda es buena para tomarlo. Sin embargo, existen unos momentos m\u00e1s recomendables que otros. Por eso queremos contarte cu\u00e1l es la mejor hora para tomar caf\u00e9 y que as\u00ed disfrutes de todas sus ventajas y de sus propiedades estimulantes. Cu\u00e1l es la [&hellip;]<\/p>\n","protected":false},"author":1,"featured_media":2822,"comment_status":"open","ping_status":"open","sticky":false,"template":"","format":"standard","meta":{"_acf_changed":false,"footnotes":""},"categories":[34],"tags":[16,22,48],"class_list":["post-2820","post","type-post","status-publish","format-standard","has-post-thumbnail","hentry","category-nos-gusta-el-cafe","tag-cafe-en-casa","tag-cafe-para-despertar","tag-curiosidades-del-cafe"],"acf":[],"yoast_head":"<!-- This site is optimized with the Yoast SEO plugin v27.3 - https:\/\/yoast.com\/product\/yoast-seo-wordpress\/ -->\n<title>Cu\u00e1l es la mejor hora para tomar caf\u00e9 | Blog de Caf\u00e9<\/title>\n<meta name=\"description\" content=\"En este art\u00edculo te contamos cu\u00e1l es la mejor hora para tomar caf\u00e9 y que as\u00ed disfrutes de todas sus propiedades y beneficios.\" \/>\n<meta name=\"robots\" content=\"index, follow, max-snippet:-1, max-image-preview:large, max-video-preview:-1\" \/>\n<meta property=\"og:locale\" content=\"es_ES\" \/>\n<meta property=\"og:type\" content=\"article\" \/>\n<meta property=\"og:title\" content=\"Cu\u00e1l es la mejor hora para tomar caf\u00e9 | Blog de Caf\u00e9\" \/>\n<meta property=\"og:description\" content=\"En este art\u00edculo te contamos cu\u00e1l es la mejor hora para tomar caf\u00e9 y que as\u00ed disfrutes de todas sus propiedades y beneficios.\" \/>\n<meta property=\"og:url\" content=\"https:\/\/www.baque.com\/es\/blog\/mejor-hora-tomar-cafe\/\" \/>\n<meta property=\"og:site_name\" content=\"Caf\u00e9s Baqu\u00e9\" \/>\n<meta property=\"article:published_time\" content=\"2018-04-16T08:00:17+00:00\" \/>\n<meta property=\"article:modified_time\" content=\"2018-04-17T07:09:40+00:00\" \/>\n<meta property=\"og:image\" content=\"https:\/\/www.baque.com\/wp-content\/uploads\/2018\/04\/cual-es-la-mejor-hora-para-tomar-cafe.jpg\" \/>\n\t<meta property=\"og:image:width\" content=\"1300\" \/>\n\t<meta property=\"og:image:height\" content=\"655\" \/>\n\t<meta property=\"og:image:type\" content=\"image\/jpeg\" \/>\n<meta name=\"author\" content=\"baque\" \/>\n<meta name=\"twitter:card\" content=\"summary_large_image\" \/>\n<meta name=\"twitter:image\" content=\"http:\/\/www.baque.com\/wp-content\/uploads\/2018\/04\/cual-es-la-mejor-hora-para-tomar-cafe.jpg\" \/>\n<meta name=\"twitter:label1\" content=\"Escrito por\" \/>\n\t<meta name=\"twitter:data1\" content=\"baque\" \/>\n\t<meta name=\"twitter:label2\" content=\"Tiempo de lectura\" \/>\n\t<meta name=\"twitter:data2\" content=\"2 minutos\" \/>\n<script type=\"application\/ld+json\" class=\"yoast-schema-graph\">{\"@context\":\"https:\\\/\\\/schema.org\",\"@graph\":[{\"@type\":\"Article\",\"@id\":\"https:\\\/\\\/www.baque.com\\\/es\\\/blog\\\/mejor-hora-tomar-cafe\\\/#article\",\"isPartOf\":{\"@id\":\"https:\\\/\\\/www.baque.com\\\/es\\\/blog\\\/mejor-hora-tomar-cafe\\\/\"},\"author\":{\"name\":\"baque\",\"@id\":\"https:\\\/\\\/www.baque.com\\\/es\\\/#\\\/schema\\\/person\\\/32c8c583e6573818274e39ba0178ea0c\"},\"headline\":\"Cu\u00e1l es la mejor hora para tomar caf\u00e9\",\"datePublished\":\"2018-04-16T08:00:17+00:00\",\"dateModified\":\"2018-04-17T07:09:40+00:00\",\"mainEntityOfPage\":{\"@id\":\"https:\\\/\\\/www.baque.com\\\/es\\\/blog\\\/mejor-hora-tomar-cafe\\\/\"},\"wordCount\":422,\"commentCount\":0,\"image\":{\"@id\":\"https:\\\/\\\/www.baque.com\\\/es\\\/blog\\\/mejor-hora-tomar-cafe\\\/#primaryimage\"},\"thumbnailUrl\":\"https:\\\/\\\/www.baque.com\\\/wp-content\\\/uploads\\\/2018\\\/04\\\/cual-es-la-mejor-hora-para-tomar-cafe.jpg\",\"keywords\":[\"caf\u00e9 en casa\",\"caf\u00e9 para despertar\",\"curiosidades del caf\u00e9\"],\"articleSection\":[\"Nos gusta el caf\u00e9\"],\"inLanguage\":\"es\",\"potentialAction\":[{\"@type\":\"CommentAction\",\"name\":\"Comment\",\"target\":[\"https:\\\/\\\/www.baque.com\\\/es\\\/blog\\\/mejor-hora-tomar-cafe\\\/#respond\"]}]},{\"@type\":\"WebPage\",\"@id\":\"https:\\\/\\\/www.baque.com\\\/es\\\/blog\\\/mejor-hora-tomar-cafe\\\/\",\"url\":\"https:\\\/\\\/www.baque.com\\\/es\\\/blog\\\/mejor-hora-tomar-cafe\\\/\",\"name\":\"Cu\u00e1l es la mejor hora para tomar caf\u00e9 | Blog de Caf\u00e9\",\"isPartOf\":{\"@id\":\"https:\\\/\\\/www.baque.com\\\/es\\\/#website\"},\"primaryImageOfPage\":{\"@id\":\"https:\\\/\\\/www.baque.com\\\/es\\\/blog\\\/mejor-hora-tomar-cafe\\\/#primaryimage\"},\"image\":{\"@id\":\"https:\\\/\\\/www.baque.com\\\/es\\\/blog\\\/mejor-hora-tomar-cafe\\\/#primaryimage\"},\"thumbnailUrl\":\"https:\\\/\\\/www.baque.com\\\/wp-content\\\/uploads\\\/2018\\\/04\\\/cual-es-la-mejor-hora-para-tomar-cafe.jpg\",\"datePublished\":\"2018-04-16T08:00:17+00:00\",\"dateModified\":\"2018-04-17T07:09:40+00:00\",\"author\":{\"@id\":\"https:\\\/\\\/www.baque.com\\\/es\\\/#\\\/schema\\\/person\\\/32c8c583e6573818274e39ba0178ea0c\"},\"description\":\"En este art\u00edculo te contamos cu\u00e1l es la mejor hora para tomar caf\u00e9 y que as\u00ed disfrutes de todas sus propiedades y beneficios.\",\"breadcrumb\":{\"@id\":\"https:\\\/\\\/www.baque.com\\\/es\\\/blog\\\/mejor-hora-tomar-cafe\\\/#breadcrumb\"},\"inLanguage\":\"es\",\"potentialAction\":[{\"@type\":\"ReadAction\",\"target\":[\"https:\\\/\\\/www.baque.com\\\/es\\\/blog\\\/mejor-hora-tomar-cafe\\\/\"]}]},{\"@type\":\"ImageObject\",\"inLanguage\":\"es\",\"@id\":\"https:\\\/\\\/www.baque.com\\\/es\\\/blog\\\/mejor-hora-tomar-cafe\\\/#primaryimage\",\"url\":\"https:\\\/\\\/www.baque.com\\\/wp-content\\\/uploads\\\/2018\\\/04\\\/cual-es-la-mejor-hora-para-tomar-cafe.jpg\",\"contentUrl\":\"https:\\\/\\\/www.baque.com\\\/wp-content\\\/uploads\\\/2018\\\/04\\\/cual-es-la-mejor-hora-para-tomar-cafe.jpg\",\"width\":1300,\"height\":655,\"caption\":\"cu\u00e1l es la mejor hora para tomar cafe\"},{\"@type\":\"BreadcrumbList\",\"@id\":\"https:\\\/\\\/www.baque.com\\\/es\\\/blog\\\/mejor-hora-tomar-cafe\\\/#breadcrumb\",\"itemListElement\":[{\"@type\":\"ListItem\",\"position\":1,\"name\":\"Portada\",\"item\":\"https:\\\/\\\/www.baque.com\\\/es\\\/\"},{\"@type\":\"ListItem\",\"position\":2,\"name\":\"Cu\u00e1l es la mejor hora para tomar caf\u00e9\"}]},{\"@type\":\"WebSite\",\"@id\":\"https:\\\/\\\/www.baque.com\\\/es\\\/#website\",\"url\":\"https:\\\/\\\/www.baque.com\\\/es\\\/\",\"name\":\"Caf\u00e9s Baqu\u00e9\",\"description\":\"Somos l\u00edderes en hosteler\u00eda en Pa\u00eds Vasco y La Rioja y una de las marcas m\u00e1s reconocidas en el mercado nacional. Somos una empresa familiar en constante innovaci\u00f3n en el producto. Tostamos y distribuimos caf\u00e9 molido, en grano y c\u00e1psulas para disfrutar en casa, en el bar y en la oficina.\",\"potentialAction\":[{\"@type\":\"SearchAction\",\"target\":{\"@type\":\"EntryPoint\",\"urlTemplate\":\"https:\\\/\\\/www.baque.com\\\/es\\\/?s={search_term_string}\"},\"query-input\":{\"@type\":\"PropertyValueSpecification\",\"valueRequired\":true,\"valueName\":\"search_term_string\"}}],\"inLanguage\":\"es\"},{\"@type\":\"Person\",\"@id\":\"https:\\\/\\\/www.baque.com\\\/es\\\/#\\\/schema\\\/person\\\/32c8c583e6573818274e39ba0178ea0c\",\"name\":\"baque\",\"image\":{\"@type\":\"ImageObject\",\"inLanguage\":\"es\",\"@id\":\"https:\\\/\\\/secure.gravatar.com\\\/avatar\\\/e662fd223ca8a44ab1e60e541b95b68e1a42729b8396361e1232af01ddb23e51?s=96&d=mm&r=g\",\"url\":\"https:\\\/\\\/secure.gravatar.com\\\/avatar\\\/e662fd223ca8a44ab1e60e541b95b68e1a42729b8396361e1232af01ddb23e51?s=96&d=mm&r=g\",\"contentUrl\":\"https:\\\/\\\/secure.gravatar.com\\\/avatar\\\/e662fd223ca8a44ab1e60e541b95b68e1a42729b8396361e1232af01ddb23e51?s=96&d=mm&r=g\",\"caption\":\"baque\"}}]}<\/script>\n<!-- \/ Yoast SEO plugin. -->","yoast_head_json":{"title":"Cu\u00e1l es la mejor hora para tomar caf\u00e9 | Blog de Caf\u00e9","description":"En este art\u00edculo te contamos cu\u00e1l es la mejor hora para tomar caf\u00e9 y que as\u00ed disfrutes de todas sus propiedades y beneficios.","robots":{"index":"index","follow":"follow","max-snippet":"max-snippet:-1","max-image-preview":"max-image-preview:large","max-video-preview":"max-video-preview:-1"},"og_locale":"es_ES","og_type":"article","og_title":"Cu\u00e1l es la mejor hora para tomar caf\u00e9 | Blog de Caf\u00e9","og_description":"En este art\u00edculo te contamos cu\u00e1l es la mejor hora para tomar caf\u00e9 y que as\u00ed disfrutes de todas sus propiedades y beneficios.","og_url":"https:\/\/www.baque.com\/es\/blog\/mejor-hora-tomar-cafe\/","og_site_name":"Caf\u00e9s Baqu\u00e9","article_published_time":"2018-04-16T08:00:17+00:00","article_modified_time":"2018-04-17T07:09:40+00:00","og_image":[{"width":1300,"height":655,"url":"https:\/\/www.baque.com\/wp-content\/uploads\/2018\/04\/cual-es-la-mejor-hora-para-tomar-cafe.jpg","type":"image\/jpeg"}],"author":"baque","twitter_card":"summary_large_image","twitter_image":"http:\/\/www.baque.com\/wp-content\/uploads\/2018\/04\/cual-es-la-mejor-hora-para-tomar-cafe.jpg","twitter_misc":{"Escrito por":"baque","Tiempo de lectura":"2 minutos"},"schema":{"@context":"https:\/\/schema.org","@graph":[{"@type":"Article","@id":"https:\/\/www.baque.com\/es\/blog\/mejor-hora-tomar-cafe\/#article","isPartOf":{"@id":"https:\/\/www.baque.com\/es\/blog\/mejor-hora-tomar-cafe\/"},"author":{"name":"baque","@id":"https:\/\/www.baque.com\/es\/#\/schema\/person\/32c8c583e6573818274e39ba0178ea0c"},"headline":"Cu\u00e1l es la mejor hora para tomar caf\u00e9","datePublished":"2018-04-16T08:00:17+00:00","dateModified":"2018-04-17T07:09:40+00:00","mainEntityOfPage":{"@id":"https:\/\/www.baque.com\/es\/blog\/mejor-hora-tomar-cafe\/"},"wordCount":422,"commentCount":0,"image":{"@id":"https:\/\/www.baque.com\/es\/blog\/mejor-hora-tomar-cafe\/#primaryimage"},"thumbnailUrl":"https:\/\/www.baque.com\/wp-content\/uploads\/2018\/04\/cual-es-la-mejor-hora-para-tomar-cafe.jpg","keywords":["caf\u00e9 en casa","caf\u00e9 para despertar","curiosidades del caf\u00e9"],"articleSection":["Nos gusta el caf\u00e9"],"inLanguage":"es","potentialAction":[{"@type":"CommentAction","name":"Comment","target":["https:\/\/www.baque.com\/es\/blog\/mejor-hora-tomar-cafe\/#respond"]}]},{"@type":"WebPage","@id":"https:\/\/www.baque.com\/es\/blog\/mejor-hora-tomar-cafe\/","url":"https:\/\/www.baque.com\/es\/blog\/mejor-hora-tomar-cafe\/","name":"Cu\u00e1l es la mejor hora para tomar caf\u00e9 | Blog de Caf\u00e9","isPartOf":{"@id":"https:\/\/www.baque.com\/es\/#website"},"primaryImageOfPage":{"@id":"https:\/\/www.baque.com\/es\/blog\/mejor-hora-tomar-cafe\/#primaryimage"},"image":{"@id":"https:\/\/www.baque.com\/es\/blog\/mejor-hora-tomar-cafe\/#primaryimage"},"thumbnailUrl":"https:\/\/www.baque.com\/wp-content\/uploads\/2018\/04\/cual-es-la-mejor-hora-para-tomar-cafe.jpg","datePublished":"2018-04-16T08:00:17+00:00","dateModified":"2018-04-17T07:09:40+00:00","author":{"@id":"https:\/\/www.baque.com\/es\/#\/schema\/person\/32c8c583e6573818274e39ba0178ea0c"},"description":"En este art\u00edculo te contamos cu\u00e1l es la mejor hora para tomar caf\u00e9 y que as\u00ed disfrutes de todas sus propiedades y beneficios.","breadcrumb":{"@id":"https:\/\/www.baque.com\/es\/blog\/mejor-hora-tomar-cafe\/#breadcrumb"},"inLanguage":"es","potentialAction":[{"@type":"ReadAction","target":["https:\/\/www.baque.com\/es\/blog\/mejor-hora-tomar-cafe\/"]}]},{"@type":"ImageObject","inLanguage":"es","@id":"https:\/\/www.baque.com\/es\/blog\/mejor-hora-tomar-cafe\/#primaryimage","url":"https:\/\/www.baque.com\/wp-content\/uploads\/2018\/04\/cual-es-la-mejor-hora-para-tomar-cafe.jpg","contentUrl":"https:\/\/www.baque.com\/wp-content\/uploads\/2018\/04\/cual-es-la-mejor-hora-para-tomar-cafe.jpg","width":1300,"height":655,"caption":"cu\u00e1l es la mejor hora para tomar cafe"},{"@type":"BreadcrumbList","@id":"https:\/\/www.baque.com\/es\/blog\/mejor-hora-tomar-cafe\/#breadcrumb","itemListElement":[{"@type":"ListItem","position":1,"name":"Portada","item":"https:\/\/www.baque.com\/es\/"},{"@type":"ListItem","position":2,"name":"Cu\u00e1l es la mejor hora para tomar caf\u00e9"}]},{"@type":"WebSite","@id":"https:\/\/www.baque.com\/es\/#website","url":"https:\/\/www.baque.com\/es\/","name":"Caf\u00e9s Baqu\u00e9","description":"Somos l\u00edderes en hosteler\u00eda en Pa\u00eds Vasco y La Rioja y una de las marcas m\u00e1s reconocidas en el mercado nacional. Somos una empresa familiar en constante innovaci\u00f3n en el producto. Tostamos y distribuimos caf\u00e9 molido, en grano y c\u00e1psulas para disfrutar en casa, en el bar y en la oficina.","potentialAction":[{"@type":"SearchAction","target":{"@type":"EntryPoint","urlTemplate":"https:\/\/www.baque.com\/es\/?s={search_term_string}"},"query-input":{"@type":"PropertyValueSpecification","valueRequired":true,"valueName":"search_term_string"}}],"inLanguage":"es"},{"@type":"Person","@id":"https:\/\/www.baque.com\/es\/#\/schema\/person\/32c8c583e6573818274e39ba0178ea0c","name":"baque","image":{"@type":"ImageObject","inLanguage":"es","@id":"https:\/\/secure.gravatar.com\/avatar\/e662fd223ca8a44ab1e60e541b95b68e1a42729b8396361e1232af01ddb23e51?s=96&d=mm&r=g","url":"https:\/\/secure.gravatar.com\/avatar\/e662fd223ca8a44ab1e60e541b95b68e1a42729b8396361e1232af01ddb23e51?s=96&d=mm&r=g","contentUrl":"https:\/\/secure.gravatar.com\/avatar\/e662fd223ca8a44ab1e60e541b95b68e1a42729b8396361e1232af01ddb23e51?s=96&d=mm&r=g","caption":"baque"}}]}},"_links":{"self":[{"href":"https:\/\/www.baque.com\/es\/wp-json\/wp\/v2\/posts\/2820","targetHints":{"allow":["GET"]}}],"collection":[{"href":"https:\/\/www.baque.com\/es\/wp-json\/wp\/v2\/posts"}],"about":[{"href":"https:\/\/www.baque.com\/es\/wp-json\/wp\/v2\/types\/post"}],"author":[{"embeddable":true,"href":"https:\/\/www.baque.com\/es\/wp-json\/wp\/v2\/users\/1"}],"replies":[{"embeddable":true,"href":"https:\/\/www.baque.com\/es\/wp-json\/wp\/v2\/comments?post=2820"}],"version-history":[{"count":0,"href":"https:\/\/www.baque.com\/es\/wp-json\/wp\/v2\/posts\/2820\/revisions"}],"wp:featuredmedia":[{"embeddable":true,"href":"https:\/\/www.baque.com\/es\/wp-json\/wp\/v2\/media\/2822"}],"wp:attachment":[{"href":"https:\/\/www.baque.com\/es\/wp-json\/wp\/v2\/media?parent=2820"}],"wp:term":[{"taxonomy":"category","embeddable":true,"href":"https:\/\/www.baque.com\/es\/wp-json\/wp\/v2\/categories?post=2820"},{"taxonomy":"post_tag","embeddable":true,"href":"https:\/\/www.baque.com\/es\/wp-json\/wp\/v2\/tags?post=2820"}],"curies":[{"name":"wp","href":"https:\/\/api.w.org\/{rel}","templated":true}]}}