
{"id":427,"date":"2017-01-18T10:29:53","date_gmt":"2017-01-18T09:29:53","guid":{"rendered":"http:\/\/blog.baque.com\/?p=427"},"modified":"2018-03-21T11:58:49","modified_gmt":"2018-03-21T11:58:49","slug":"motivos-ir-madrid-fusion-2017","status":"publish","type":"post","link":"https:\/\/www.baque.com\/es\/blog\/motivos-ir-madrid-fusion-2017\/","title":{"rendered":"Por qu\u00e9 ir a Madrid Fusi\u00f3n 2017"},"content":{"rendered":"<p class='entradilla'>El pr\u00f3ximo 23 de enero arranca otra edici\u00f3n m\u00e1s de <strong><a href=\"http:\/\/www.madridfusion.net\/index.php\" target=\"_blank\" rel=\"noopener\">Madrid Fusi\u00f3n<\/a><\/strong>. Un gastrofestival que convierte durante tres d\u00edas a Madrid en la capital mundial de la gastronom\u00eda. Y como es de esperar, Caf\u00e9s Baqu\u00e9 no faltar\u00e1 en esta edici\u00f3n.<\/p>\n<p>Si a\u00fan no te ha picado el gusanillo, tranquilo. Aqu\u00ed tienes 5 motivos para ir a Madrid Fusi\u00f3n 2017 y disfrutar del ambiente de un gastrofestival \u00fanico en el mundo.<\/p>\n<h2>Por qu\u00e9 ir a Madrid Fusi\u00f3n 2017, los 5 motivos que necesitas<\/h2>\n<h3>Ponentes internacionales.<\/h3>\n<p>En Madrid Fusi\u00f3n participan ponentes internacionales procedentes de todo el mundo y un centenar de c\u00e9lebres chefs de 15 pa\u00edses diferentes. Adem\u00e1s, en esta nueva edici\u00f3n el pa\u00eds invitado ser\u00e1 Argentina. Promete ser sabroso.<\/p>\n<p>Entre los chefs invitados est\u00e1n Andoni Luis Aduriz, Jonnie Boer, Mauro Colagreco, Mar\u00eda Fernanda di Giacobbe, Ronny Emborg &amp; Matthew Abbick y \u00c1lvaro Garrido, Mauricio Giovanini, Dabiz Mu\u00f1oz, Takayuki Otani, Joan y Josep Roca, Mario Sandoval o Janice Wong, entre otros.<\/p>\n<h3>Caf\u00e9s Baqu\u00e9 realizar\u00e1 un fant\u00e1stico sorteo.<\/h3>\n<p>Por si fuera poco, Caf\u00e9s Baqu\u00e9 aprovechar\u00e1 esta edici\u00f3n para <strong>sortear 3 cafeteras Flexy con lotes de producto Baqu\u00e9<\/strong>.<\/p>\n<p>Para participar solo tendr\u00e1s que hacerte un <strong><em>selfie<\/em> en nuestro stand y compartirlo<\/strong>. \u00bfTodav\u00eda te lo est\u00e1s pensando?<\/p>\n<p>En nuestro stand en Madrid Fusi\u00f3n contaremos con una cafetera expr\u00e9s, otra de c\u00e1psulas ICAP y la\u00a0extracci\u00f3n en Kalita con un caf\u00e9 artesanal, mezclando la calidad y naturalidad del <strong>caf\u00e9 de fincas<\/strong> con la modernidad.<\/p>\n<h3>Novedades en esta edici\u00f3n.<\/h3>\n<p>Adem\u00e1s, esta edici\u00f3n incorpora novedades entre las que destaca una serie de visitas guiadas a rincones directamente relacionados con la gastronom\u00eda, como los mercados de abastos y <strong>Mercamadrid<\/strong>.<\/p>\n<p>En el caso de Mercamadrid, la instituci\u00f3n ofrecer\u00e1 un recorrido por los mercados centrales de la mano de cocineros y compradores profesionales. En ellos podr\u00e1s descubrir c\u00f3mo se busca el mejor producto para servir en las mesas de los restaurantes y, tambi\u00e9n, de los hogares.<\/p>\n<p>En esta edici\u00f3n habr\u00e1 hueco tambi\u00e9n para los m\u00e1s peque\u00f1os con <strong>talleres infantiles<\/strong>. En ellos podr\u00e1n aprender de manera sencilla t\u00e9cnicas, elaboraciones y recetas dulces y saladas.<\/p>\n<h3>M\u00e1s de 70 actividades.<\/h3>\n<p>El <strong>programa de Madrid Fusi\u00f3n 2017<\/strong> cuenta con m\u00e1s de 70 actividades. Podr\u00e1s disfrutar de demostraciones t\u00e9cnicas, talleres formativos, concursos, subastas y premios, como el sorteo que realiza Caf\u00e9s Baqu\u00e9 en su stand.<\/p>\n<h4><img loading=\"lazy\" decoding=\"async\" class=\"size-full wp-image-450 aligncenter\" src=\"http:\/\/www.baque.com\/wp-content\/uploads\/2017\/01\/selfie-cafes-baque-madrid-fusion-2.jpg\" alt=\"Selfie en MAdrid Fusi\u00f3n stand Caf\u00e9s Baqu\u00e9\" width=\"1000\" height=\"200\" \/><\/h4>\n<p>&nbsp;<\/p>\n<h4>Gastronom\u00eda y m\u00e1s.<\/h4>\n<p>En est\u00e1 edici\u00f3n tendr\u00e1 adem\u00e1s lugar la<strong> III Edici\u00f3n del Cocinero del a\u00f1o en Europa<\/strong>, que ha reca\u00eddo en \u00c1ngel Le\u00f3n, por sus investigaciones marinas y concienciaci\u00f3n medioambiental. Y tambi\u00e9n <strong>la XV Edici\u00f3n Premio Cocinero Revelaci\u00f3n<\/strong>.<\/p>\n<p>&nbsp;<\/p>\n","protected":false},"excerpt":{"rendered":"<p>El pr\u00f3ximo 23 de enero arranca otra edici\u00f3n m\u00e1s de Madrid Fusi\u00f3n. Un gastrofestival que convierte durante tres d\u00edas a Madrid en la capital mundial de la gastronom\u00eda. Y como es de esperar, Caf\u00e9s Baqu\u00e9 no faltar\u00e1 en esta edici\u00f3n.<\/p>\n","protected":false},"author":1,"featured_media":2399,"comment_status":"open","ping_status":"open","sticky":false,"template":"","format":"standard","meta":{"_acf_changed":false,"footnotes":""},"categories":[34],"tags":[43,44,45],"class_list":["post-427","post","type-post","status-publish","format-standard","has-post-thumbnail","hentry","category-nos-gusta-el-cafe","tag-baquexperience","tag-gastronomia","tag-madrid-fusion"],"acf":[],"yoast_head":"<!-- This site is optimized with the Yoast SEO plugin v27.3 - https:\/\/yoast.com\/product\/yoast-seo-wordpress\/ -->\n<title>Por qu\u00e9 ir a Madrid Fusi\u00f3n 2017 | Blog de Caf\u00e9s Baqu\u00e9<\/title>\n<meta name=\"description\" content=\"Si te est\u00e1s preguntando por qu\u00e9 ir a Madrid Fusi\u00f3n 2017 aqu\u00ed tienes 5 razones de peso para no perderte ni un solo detalle de este gastrofestival con m\u00e1s de 70 actividades.\" \/>\n<meta name=\"robots\" content=\"index, follow, max-snippet:-1, max-image-preview:large, max-video-preview:-1\" \/>\n<meta property=\"og:locale\" content=\"es_ES\" \/>\n<meta property=\"og:type\" content=\"article\" \/>\n<meta property=\"og:title\" content=\"Por qu\u00e9 ir a Madrid Fusi\u00f3n 2017 | Blog de Caf\u00e9s Baqu\u00e9\" \/>\n<meta property=\"og:description\" content=\"Si te est\u00e1s preguntando por qu\u00e9 ir a Madrid Fusi\u00f3n 2017 aqu\u00ed tienes 5 razones de peso para no perderte ni un solo detalle de este gastrofestival con m\u00e1s de 70 actividades.\" \/>\n<meta property=\"og:url\" content=\"https:\/\/www.baque.com\/es\/blog\/motivos-ir-madrid-fusion-2017\/\" \/>\n<meta property=\"og:site_name\" content=\"Caf\u00e9s Baqu\u00e9\" \/>\n<meta property=\"article:published_time\" content=\"2017-01-18T09:29:53+00:00\" \/>\n<meta property=\"article:modified_time\" content=\"2018-03-21T11:58:49+00:00\" \/>\n<meta property=\"og:image\" content=\"https:\/\/www.baque.com\/wp-content\/uploads\/2017\/01\/por-que-ir-madrid-fusion-2017.jpg\" \/>\n\t<meta property=\"og:image:width\" content=\"1300\" \/>\n\t<meta property=\"og:image:height\" content=\"655\" \/>\n\t<meta property=\"og:image:type\" content=\"image\/jpeg\" \/>\n<meta name=\"author\" content=\"baque\" \/>\n<meta name=\"twitter:card\" content=\"summary_large_image\" \/>\n<meta name=\"twitter:label1\" content=\"Escrito por\" \/>\n\t<meta name=\"twitter:data1\" content=\"baque\" \/>\n\t<meta name=\"twitter:label2\" content=\"Tiempo de lectura\" \/>\n\t<meta name=\"twitter:data2\" content=\"2 minutos\" \/>\n<script type=\"application\/ld+json\" class=\"yoast-schema-graph\">{\"@context\":\"https:\\\/\\\/schema.org\",\"@graph\":[{\"@type\":\"Article\",\"@id\":\"https:\\\/\\\/www.baque.com\\\/es\\\/blog\\\/motivos-ir-madrid-fusion-2017\\\/#article\",\"isPartOf\":{\"@id\":\"https:\\\/\\\/www.baque.com\\\/es\\\/blog\\\/motivos-ir-madrid-fusion-2017\\\/\"},\"author\":{\"name\":\"baque\",\"@id\":\"https:\\\/\\\/www.baque.com\\\/es\\\/#\\\/schema\\\/person\\\/32c8c583e6573818274e39ba0178ea0c\"},\"headline\":\"Por qu\u00e9 ir a Madrid Fusi\u00f3n 2017\",\"datePublished\":\"2017-01-18T09:29:53+00:00\",\"dateModified\":\"2018-03-21T11:58:49+00:00\",\"mainEntityOfPage\":{\"@id\":\"https:\\\/\\\/www.baque.com\\\/es\\\/blog\\\/motivos-ir-madrid-fusion-2017\\\/\"},\"wordCount\":482,\"commentCount\":1,\"image\":{\"@id\":\"https:\\\/\\\/www.baque.com\\\/es\\\/blog\\\/motivos-ir-madrid-fusion-2017\\\/#primaryimage\"},\"thumbnailUrl\":\"https:\\\/\\\/www.baque.com\\\/wp-content\\\/uploads\\\/2017\\\/01\\\/por-que-ir-madrid-fusion-2017.jpg\",\"keywords\":[\"BaqueXperience\",\"Gastronom\u00eda\",\"Madrid Fusi\u00f3n\"],\"articleSection\":[\"Nos gusta el caf\u00e9\"],\"inLanguage\":\"es\",\"potentialAction\":[{\"@type\":\"CommentAction\",\"name\":\"Comment\",\"target\":[\"https:\\\/\\\/www.baque.com\\\/es\\\/blog\\\/motivos-ir-madrid-fusion-2017\\\/#respond\"]}]},{\"@type\":\"WebPage\",\"@id\":\"https:\\\/\\\/www.baque.com\\\/es\\\/blog\\\/motivos-ir-madrid-fusion-2017\\\/\",\"url\":\"https:\\\/\\\/www.baque.com\\\/es\\\/blog\\\/motivos-ir-madrid-fusion-2017\\\/\",\"name\":\"Por qu\u00e9 ir a Madrid Fusi\u00f3n 2017 | Blog de Caf\u00e9s Baqu\u00e9\",\"isPartOf\":{\"@id\":\"https:\\\/\\\/www.baque.com\\\/es\\\/#website\"},\"primaryImageOfPage\":{\"@id\":\"https:\\\/\\\/www.baque.com\\\/es\\\/blog\\\/motivos-ir-madrid-fusion-2017\\\/#primaryimage\"},\"image\":{\"@id\":\"https:\\\/\\\/www.baque.com\\\/es\\\/blog\\\/motivos-ir-madrid-fusion-2017\\\/#primaryimage\"},\"thumbnailUrl\":\"https:\\\/\\\/www.baque.com\\\/wp-content\\\/uploads\\\/2017\\\/01\\\/por-que-ir-madrid-fusion-2017.jpg\",\"datePublished\":\"2017-01-18T09:29:53+00:00\",\"dateModified\":\"2018-03-21T11:58:49+00:00\",\"author\":{\"@id\":\"https:\\\/\\\/www.baque.com\\\/es\\\/#\\\/schema\\\/person\\\/32c8c583e6573818274e39ba0178ea0c\"},\"description\":\"Si te est\u00e1s preguntando por qu\u00e9 ir a Madrid Fusi\u00f3n 2017 aqu\u00ed tienes 5 razones de peso para no perderte ni un solo detalle de este gastrofestival con m\u00e1s de 70 actividades.\",\"breadcrumb\":{\"@id\":\"https:\\\/\\\/www.baque.com\\\/es\\\/blog\\\/motivos-ir-madrid-fusion-2017\\\/#breadcrumb\"},\"inLanguage\":\"es\",\"potentialAction\":[{\"@type\":\"ReadAction\",\"target\":[\"https:\\\/\\\/www.baque.com\\\/es\\\/blog\\\/motivos-ir-madrid-fusion-2017\\\/\"]}]},{\"@type\":\"ImageObject\",\"inLanguage\":\"es\",\"@id\":\"https:\\\/\\\/www.baque.com\\\/es\\\/blog\\\/motivos-ir-madrid-fusion-2017\\\/#primaryimage\",\"url\":\"https:\\\/\\\/www.baque.com\\\/wp-content\\\/uploads\\\/2017\\\/01\\\/por-que-ir-madrid-fusion-2017.jpg\",\"contentUrl\":\"https:\\\/\\\/www.baque.com\\\/wp-content\\\/uploads\\\/2017\\\/01\\\/por-que-ir-madrid-fusion-2017.jpg\",\"width\":1300,\"height\":655,\"caption\":\"por qu\u00e9 ir a Madrid Fusi\u00f3n 2017\"},{\"@type\":\"BreadcrumbList\",\"@id\":\"https:\\\/\\\/www.baque.com\\\/es\\\/blog\\\/motivos-ir-madrid-fusion-2017\\\/#breadcrumb\",\"itemListElement\":[{\"@type\":\"ListItem\",\"position\":1,\"name\":\"Portada\",\"item\":\"https:\\\/\\\/www.baque.com\\\/es\\\/\"},{\"@type\":\"ListItem\",\"position\":2,\"name\":\"Por qu\u00e9 ir a Madrid Fusi\u00f3n 2017\"}]},{\"@type\":\"WebSite\",\"@id\":\"https:\\\/\\\/www.baque.com\\\/es\\\/#website\",\"url\":\"https:\\\/\\\/www.baque.com\\\/es\\\/\",\"name\":\"Caf\u00e9s Baqu\u00e9\",\"description\":\"Somos l\u00edderes en hosteler\u00eda en Pa\u00eds Vasco y La Rioja y una de las marcas m\u00e1s reconocidas en el mercado nacional. Somos una empresa familiar en constante innovaci\u00f3n en el producto. Tostamos y distribuimos caf\u00e9 molido, en grano y c\u00e1psulas para disfrutar en casa, en el bar y en la oficina.\",\"potentialAction\":[{\"@type\":\"SearchAction\",\"target\":{\"@type\":\"EntryPoint\",\"urlTemplate\":\"https:\\\/\\\/www.baque.com\\\/es\\\/?s={search_term_string}\"},\"query-input\":{\"@type\":\"PropertyValueSpecification\",\"valueRequired\":true,\"valueName\":\"search_term_string\"}}],\"inLanguage\":\"es\"},{\"@type\":\"Person\",\"@id\":\"https:\\\/\\\/www.baque.com\\\/es\\\/#\\\/schema\\\/person\\\/32c8c583e6573818274e39ba0178ea0c\",\"name\":\"baque\",\"image\":{\"@type\":\"ImageObject\",\"inLanguage\":\"es\",\"@id\":\"https:\\\/\\\/secure.gravatar.com\\\/avatar\\\/e662fd223ca8a44ab1e60e541b95b68e1a42729b8396361e1232af01ddb23e51?s=96&d=mm&r=g\",\"url\":\"https:\\\/\\\/secure.gravatar.com\\\/avatar\\\/e662fd223ca8a44ab1e60e541b95b68e1a42729b8396361e1232af01ddb23e51?s=96&d=mm&r=g\",\"contentUrl\":\"https:\\\/\\\/secure.gravatar.com\\\/avatar\\\/e662fd223ca8a44ab1e60e541b95b68e1a42729b8396361e1232af01ddb23e51?s=96&d=mm&r=g\",\"caption\":\"baque\"}}]}<\/script>\n<!-- \/ Yoast SEO plugin. -->","yoast_head_json":{"title":"Por qu\u00e9 ir a Madrid Fusi\u00f3n 2017 | Blog de Caf\u00e9s Baqu\u00e9","description":"Si te est\u00e1s preguntando por qu\u00e9 ir a Madrid Fusi\u00f3n 2017 aqu\u00ed tienes 5 razones de peso para no perderte ni un solo detalle de este gastrofestival con m\u00e1s de 70 actividades.","robots":{"index":"index","follow":"follow","max-snippet":"max-snippet:-1","max-image-preview":"max-image-preview:large","max-video-preview":"max-video-preview:-1"},"og_locale":"es_ES","og_type":"article","og_title":"Por qu\u00e9 ir a Madrid Fusi\u00f3n 2017 | Blog de Caf\u00e9s Baqu\u00e9","og_description":"Si te est\u00e1s preguntando por qu\u00e9 ir a Madrid Fusi\u00f3n 2017 aqu\u00ed tienes 5 razones de peso para no perderte ni un solo detalle de este gastrofestival con m\u00e1s de 70 actividades.","og_url":"https:\/\/www.baque.com\/es\/blog\/motivos-ir-madrid-fusion-2017\/","og_site_name":"Caf\u00e9s Baqu\u00e9","article_published_time":"2017-01-18T09:29:53+00:00","article_modified_time":"2018-03-21T11:58:49+00:00","og_image":[{"width":1300,"height":655,"url":"https:\/\/www.baque.com\/wp-content\/uploads\/2017\/01\/por-que-ir-madrid-fusion-2017.jpg","type":"image\/jpeg"}],"author":"baque","twitter_card":"summary_large_image","twitter_misc":{"Escrito por":"baque","Tiempo de lectura":"2 minutos"},"schema":{"@context":"https:\/\/schema.org","@graph":[{"@type":"Article","@id":"https:\/\/www.baque.com\/es\/blog\/motivos-ir-madrid-fusion-2017\/#article","isPartOf":{"@id":"https:\/\/www.baque.com\/es\/blog\/motivos-ir-madrid-fusion-2017\/"},"author":{"name":"baque","@id":"https:\/\/www.baque.com\/es\/#\/schema\/person\/32c8c583e6573818274e39ba0178ea0c"},"headline":"Por qu\u00e9 ir a Madrid Fusi\u00f3n 2017","datePublished":"2017-01-18T09:29:53+00:00","dateModified":"2018-03-21T11:58:49+00:00","mainEntityOfPage":{"@id":"https:\/\/www.baque.com\/es\/blog\/motivos-ir-madrid-fusion-2017\/"},"wordCount":482,"commentCount":1,"image":{"@id":"https:\/\/www.baque.com\/es\/blog\/motivos-ir-madrid-fusion-2017\/#primaryimage"},"thumbnailUrl":"https:\/\/www.baque.com\/wp-content\/uploads\/2017\/01\/por-que-ir-madrid-fusion-2017.jpg","keywords":["BaqueXperience","Gastronom\u00eda","Madrid Fusi\u00f3n"],"articleSection":["Nos gusta el caf\u00e9"],"inLanguage":"es","potentialAction":[{"@type":"CommentAction","name":"Comment","target":["https:\/\/www.baque.com\/es\/blog\/motivos-ir-madrid-fusion-2017\/#respond"]}]},{"@type":"WebPage","@id":"https:\/\/www.baque.com\/es\/blog\/motivos-ir-madrid-fusion-2017\/","url":"https:\/\/www.baque.com\/es\/blog\/motivos-ir-madrid-fusion-2017\/","name":"Por qu\u00e9 ir a Madrid Fusi\u00f3n 2017 | Blog de Caf\u00e9s Baqu\u00e9","isPartOf":{"@id":"https:\/\/www.baque.com\/es\/#website"},"primaryImageOfPage":{"@id":"https:\/\/www.baque.com\/es\/blog\/motivos-ir-madrid-fusion-2017\/#primaryimage"},"image":{"@id":"https:\/\/www.baque.com\/es\/blog\/motivos-ir-madrid-fusion-2017\/#primaryimage"},"thumbnailUrl":"https:\/\/www.baque.com\/wp-content\/uploads\/2017\/01\/por-que-ir-madrid-fusion-2017.jpg","datePublished":"2017-01-18T09:29:53+00:00","dateModified":"2018-03-21T11:58:49+00:00","author":{"@id":"https:\/\/www.baque.com\/es\/#\/schema\/person\/32c8c583e6573818274e39ba0178ea0c"},"description":"Si te est\u00e1s preguntando por qu\u00e9 ir a Madrid Fusi\u00f3n 2017 aqu\u00ed tienes 5 razones de peso para no perderte ni un solo detalle de este gastrofestival con m\u00e1s de 70 actividades.","breadcrumb":{"@id":"https:\/\/www.baque.com\/es\/blog\/motivos-ir-madrid-fusion-2017\/#breadcrumb"},"inLanguage":"es","potentialAction":[{"@type":"ReadAction","target":["https:\/\/www.baque.com\/es\/blog\/motivos-ir-madrid-fusion-2017\/"]}]},{"@type":"ImageObject","inLanguage":"es","@id":"https:\/\/www.baque.com\/es\/blog\/motivos-ir-madrid-fusion-2017\/#primaryimage","url":"https:\/\/www.baque.com\/wp-content\/uploads\/2017\/01\/por-que-ir-madrid-fusion-2017.jpg","contentUrl":"https:\/\/www.baque.com\/wp-content\/uploads\/2017\/01\/por-que-ir-madrid-fusion-2017.jpg","width":1300,"height":655,"caption":"por qu\u00e9 ir a Madrid Fusi\u00f3n 2017"},{"@type":"BreadcrumbList","@id":"https:\/\/www.baque.com\/es\/blog\/motivos-ir-madrid-fusion-2017\/#breadcrumb","itemListElement":[{"@type":"ListItem","position":1,"name":"Portada","item":"https:\/\/www.baque.com\/es\/"},{"@type":"ListItem","position":2,"name":"Por qu\u00e9 ir a Madrid Fusi\u00f3n 2017"}]},{"@type":"WebSite","@id":"https:\/\/www.baque.com\/es\/#website","url":"https:\/\/www.baque.com\/es\/","name":"Caf\u00e9s Baqu\u00e9","description":"Somos l\u00edderes en hosteler\u00eda en Pa\u00eds Vasco y La Rioja y una de las marcas m\u00e1s reconocidas en el mercado nacional. Somos una empresa familiar en constante innovaci\u00f3n en el producto. Tostamos y distribuimos caf\u00e9 molido, en grano y c\u00e1psulas para disfrutar en casa, en el bar y en la oficina.","potentialAction":[{"@type":"SearchAction","target":{"@type":"EntryPoint","urlTemplate":"https:\/\/www.baque.com\/es\/?s={search_term_string}"},"query-input":{"@type":"PropertyValueSpecification","valueRequired":true,"valueName":"search_term_string"}}],"inLanguage":"es"},{"@type":"Person","@id":"https:\/\/www.baque.com\/es\/#\/schema\/person\/32c8c583e6573818274e39ba0178ea0c","name":"baque","image":{"@type":"ImageObject","inLanguage":"es","@id":"https:\/\/secure.gravatar.com\/avatar\/e662fd223ca8a44ab1e60e541b95b68e1a42729b8396361e1232af01ddb23e51?s=96&d=mm&r=g","url":"https:\/\/secure.gravatar.com\/avatar\/e662fd223ca8a44ab1e60e541b95b68e1a42729b8396361e1232af01ddb23e51?s=96&d=mm&r=g","contentUrl":"https:\/\/secure.gravatar.com\/avatar\/e662fd223ca8a44ab1e60e541b95b68e1a42729b8396361e1232af01ddb23e51?s=96&d=mm&r=g","caption":"baque"}}]}},"_links":{"self":[{"href":"https:\/\/www.baque.com\/es\/wp-json\/wp\/v2\/posts\/427","targetHints":{"allow":["GET"]}}],"collection":[{"href":"https:\/\/www.baque.com\/es\/wp-json\/wp\/v2\/posts"}],"about":[{"href":"https:\/\/www.baque.com\/es\/wp-json\/wp\/v2\/types\/post"}],"author":[{"embeddable":true,"href":"https:\/\/www.baque.com\/es\/wp-json\/wp\/v2\/users\/1"}],"replies":[{"embeddable":true,"href":"https:\/\/www.baque.com\/es\/wp-json\/wp\/v2\/comments?post=427"}],"version-history":[{"count":0,"href":"https:\/\/www.baque.com\/es\/wp-json\/wp\/v2\/posts\/427\/revisions"}],"wp:featuredmedia":[{"embeddable":true,"href":"https:\/\/www.baque.com\/es\/wp-json\/wp\/v2\/media\/2399"}],"wp:attachment":[{"href":"https:\/\/www.baque.com\/es\/wp-json\/wp\/v2\/media?parent=427"}],"wp:term":[{"taxonomy":"category","embeddable":true,"href":"https:\/\/www.baque.com\/es\/wp-json\/wp\/v2\/categories?post=427"},{"taxonomy":"post_tag","embeddable":true,"href":"https:\/\/www.baque.com\/es\/wp-json\/wp\/v2\/tags?post=427"}],"curies":[{"name":"wp","href":"https:\/\/api.w.org\/{rel}","templated":true}]}}