
{"id":441,"date":"2017-01-20T10:13:33","date_gmt":"2017-01-20T09:13:33","guid":{"rendered":"http:\/\/blog.baque.com\/?p=441"},"modified":"2018-03-21T11:50:50","modified_gmt":"2018-03-21T11:50:50","slug":"cafes-baque-madrid-fusion-2017","status":"publish","type":"post","link":"https:\/\/www.baque.com\/es\/blog\/cafes-baque-madrid-fusion-2017\/","title":{"rendered":"Caf\u00e9s Baqu\u00e9 en Madrid Fusi\u00f3n 2017"},"content":{"rendered":"<p class='entradilla'>Un a\u00f1o m\u00e1s Caf\u00e9s Baqu\u00e9 asistir\u00e1 al festival gastron\u00f3mico por antonomasia, <a href=\"http:\/\/blog.baque.com\/motivos-ir-madrid-fusion-2017\/\">Madrid Fusi\u00f3n<\/a>. Nuestra\u00a0empresa familiar, tostadora de caf\u00e9 y <a href=\"http:\/\/www.baque.com\/es\/cafes-baque\/bar\" target=\"_blank\" rel=\"noopener\">l\u00edder en hosteler\u00eda en el Pa\u00eds Vasco<\/a>, estar\u00e1 presente en la XV edici\u00f3n de 2017 durante <strong>los d\u00edas 23, 24 y 25 de enero<\/strong>.<\/p>\n<h2>Caf\u00e9s Baqu\u00e9 en Madrid Fusi\u00f3n 2017 un a\u00f1o m\u00e1s<\/h2>\n<p>En esta edici\u00f3n, contaremos con un stand en la <strong>Sala Polivalente en la tercera planta<\/strong>, con el firme objetivo de volver a elevar la cultura del caf\u00e9 a la de la gastronom\u00eda.<\/p>\n<p>Dicho stand tendr\u00e1 una cafetera expr\u00e9s, otra de c\u00e1psulas ICAP y la <strong>novedosa Kalita<\/strong>. Y s\u00ed, pondremos todas en marcha para que puedas degustar diferentes caf\u00e9s Baqu\u00e9.<\/p>\n<p>Caf\u00e9s Baqu\u00e9 tambi\u00e9n aprovechar\u00e1 este gastrofestival para hacer especial hincapi\u00e9 en la <strong>introducci\u00f3n de la c\u00e1psula a la hosteler\u00eda<\/strong> y el <strong>concepto de extracci\u00f3n en Kalita <\/strong>con el mejor caf\u00e9 de fincas.<\/p>\n<p>Este a\u00f1o el protagonista ser\u00e1 sin lugar a dudas el <strong>caf\u00e9 artesanal, natural, tradicional, de calidad y fusionado<\/strong>, nunca mejor dicho, con la modernidad.<\/p>\n<p>Te animamos a que vengas a <strong>disfrutar de nuestras catas y degustaciones<\/strong>. Entre las cuales destacamos tambi\u00e9n algunas actividades que tendr\u00e1n lugar los tres d\u00edas a las siguientes horas:<\/p>\n<ul>\n<li>Latte Art a las 11:00 horas.<\/li>\n<li>Caf\u00e9 de Fincas en filtro \u201cKalita\u201d a las 13:00 horas.<\/li>\n<li>Latte Art a las 18:00 horas.<\/li>\n<\/ul>\n<p>Adem\u00e1s, <strong><a href=\"http:\/\/www.madridfusion.net\/index.php\" target=\"_blank\" rel=\"noopener\">Madrid Fusi\u00f3n 2017<\/a> tendr\u00e1 como pa\u00eds invitado a Argentina<\/strong> y ser\u00e1 punto de encuentro para m\u00e1s de 100 cocineros de 15 pa\u00edses diferentes.<\/p>\n<p>Ponentes, cocineros y otros participantes organizar\u00e1n cerca de 70 demostraciones t\u00e9cnicas, 24 talleres formativos, 10 concursos, subastas y premios, entre otros. A lo que Caf\u00e9s Baqu\u00e9 ha querido sumarse tambi\u00e9n con un fant\u00e1stico sorteo.<\/p>\n<p>Entre aquellos que vengan a vernos a nuestro stand, <strong>se hagan un <em>selfie<\/em><\/strong> y lo compartan etiquet\u00e1ndonos, <strong>sortearemos 3 cafeteras Flexy con lote de productos Baqu\u00e9<\/strong>.<\/p>\n<p><a href=\"https:\/\/twitter.com\/CafeBaque\/status\/822419691037720576\" target=\"_blank\" rel=\"noopener\"><img loading=\"lazy\" decoding=\"async\" class=\"aligncenter wp-image-450 size-full\" title=\"Caf\u00e9s Baqu\u00e9 en Madrid Fusi\u00f3n\" src=\"http:\/\/www.baque.com\/wp-content\/uploads\/2017\/01\/selfie-cafes-baque-madrid-fusion-1.jpg\" alt=\"Selfie en MAdrid Fusi\u00f3n stand Caf\u00e9s Baqu\u00e9\" width=\"1000\" height=\"200\" \/><\/a><\/p>\n<p>\u00a1No te lo pierdas! Te esperamos en el Palacio Municipal de Congresos en Madrid. \u00a1Ven a vernos y a saborear el aut\u00e9ntico <a href=\"http:\/\/www.baque.com\/es\/cafes-baque\/casa\" target=\"_blank\" rel=\"noopener\">caf\u00e9 Baqu\u00e9<\/a>!<\/p>\n<p>&nbsp;<\/p>\n","protected":false},"excerpt":{"rendered":"<p>Un a\u00f1o m\u00e1s Caf\u00e9s Baqu\u00e9 asistir\u00e1 al festival gastron\u00f3mico por antonomasia, Madrid Fusi\u00f3n. La empresa familiar, tostadora de caf\u00e9 y l\u00edder en hosteler\u00eda en el Pa\u00eds Vasco, estar\u00e1 presente en la XV edici\u00f3n de 2017 durante los d\u00edas 23, 24 y 25 de enero.<\/p>\n","protected":false},"author":1,"featured_media":2391,"comment_status":"open","ping_status":"open","sticky":false,"template":"","format":"standard","meta":{"_acf_changed":false,"footnotes":""},"categories":[34],"tags":[43,46,45],"class_list":["post-441","post","type-post","status-publish","format-standard","has-post-thumbnail","hentry","category-nos-gusta-el-cafe","tag-baquexperience","tag-cafe-fincas","tag-madrid-fusion"],"acf":[],"yoast_head":"<!-- This site is optimized with the Yoast SEO plugin v27.3 - https:\/\/yoast.com\/product\/yoast-seo-wordpress\/ -->\n<title>Caf\u00e9s Baqu\u00e9 en Madrid Fusi\u00f3n<\/title>\n<meta name=\"description\" content=\"Caf\u00e9s Baqu\u00e9 en Madrid Fusi\u00f3n! Te esperamos en nuestro stand y en las catas de producto que ofreceremos con nuestros mejores baristas.\" \/>\n<meta name=\"robots\" content=\"index, follow, max-snippet:-1, max-image-preview:large, max-video-preview:-1\" \/>\n<meta property=\"og:locale\" content=\"es_ES\" \/>\n<meta property=\"og:type\" content=\"article\" \/>\n<meta property=\"og:title\" content=\"Caf\u00e9s Baqu\u00e9 en Madrid Fusi\u00f3n\" \/>\n<meta property=\"og:description\" content=\"Caf\u00e9s Baqu\u00e9 en Madrid Fusi\u00f3n! Te esperamos en nuestro stand y en las catas de producto que ofreceremos con nuestros mejores baristas.\" \/>\n<meta property=\"og:url\" content=\"https:\/\/www.baque.com\/es\/blog\/cafes-baque-madrid-fusion-2017\/\" \/>\n<meta property=\"og:site_name\" content=\"Caf\u00e9s Baqu\u00e9\" \/>\n<meta property=\"article:published_time\" content=\"2017-01-20T09:13:33+00:00\" \/>\n<meta property=\"article:modified_time\" content=\"2018-03-21T11:50:50+00:00\" \/>\n<meta property=\"og:image\" content=\"https:\/\/www.baque.com\/wp-content\/uploads\/2017\/01\/El-mejor-cafe-en-Madrid-Fusion-.jpg\" \/>\n\t<meta property=\"og:image:width\" content=\"1300\" \/>\n\t<meta property=\"og:image:height\" content=\"655\" \/>\n\t<meta property=\"og:image:type\" content=\"image\/jpeg\" \/>\n<meta name=\"author\" content=\"baque\" \/>\n<meta name=\"twitter:card\" content=\"summary_large_image\" \/>\n<meta name=\"twitter:label1\" content=\"Escrito por\" \/>\n\t<meta name=\"twitter:data1\" content=\"baque\" \/>\n\t<meta name=\"twitter:label2\" content=\"Tiempo de lectura\" \/>\n\t<meta name=\"twitter:data2\" content=\"2 minutos\" \/>\n<script type=\"application\/ld+json\" class=\"yoast-schema-graph\">{\"@context\":\"https:\\\/\\\/schema.org\",\"@graph\":[{\"@type\":\"Article\",\"@id\":\"https:\\\/\\\/www.baque.com\\\/es\\\/blog\\\/cafes-baque-madrid-fusion-2017\\\/#article\",\"isPartOf\":{\"@id\":\"https:\\\/\\\/www.baque.com\\\/es\\\/blog\\\/cafes-baque-madrid-fusion-2017\\\/\"},\"author\":{\"name\":\"baque\",\"@id\":\"https:\\\/\\\/www.baque.com\\\/es\\\/#\\\/schema\\\/person\\\/32c8c583e6573818274e39ba0178ea0c\"},\"headline\":\"Caf\u00e9s Baqu\u00e9 en Madrid Fusi\u00f3n 2017\",\"datePublished\":\"2017-01-20T09:13:33+00:00\",\"dateModified\":\"2018-03-21T11:50:50+00:00\",\"mainEntityOfPage\":{\"@id\":\"https:\\\/\\\/www.baque.com\\\/es\\\/blog\\\/cafes-baque-madrid-fusion-2017\\\/\"},\"wordCount\":363,\"commentCount\":3,\"image\":{\"@id\":\"https:\\\/\\\/www.baque.com\\\/es\\\/blog\\\/cafes-baque-madrid-fusion-2017\\\/#primaryimage\"},\"thumbnailUrl\":\"https:\\\/\\\/www.baque.com\\\/wp-content\\\/uploads\\\/2017\\\/01\\\/El-mejor-cafe-en-Madrid-Fusion-.jpg\",\"keywords\":[\"BaqueXperience\",\"caf\u00e9 fincas\",\"Madrid Fusi\u00f3n\"],\"articleSection\":[\"Nos gusta el caf\u00e9\"],\"inLanguage\":\"es\",\"potentialAction\":[{\"@type\":\"CommentAction\",\"name\":\"Comment\",\"target\":[\"https:\\\/\\\/www.baque.com\\\/es\\\/blog\\\/cafes-baque-madrid-fusion-2017\\\/#respond\"]}]},{\"@type\":\"WebPage\",\"@id\":\"https:\\\/\\\/www.baque.com\\\/es\\\/blog\\\/cafes-baque-madrid-fusion-2017\\\/\",\"url\":\"https:\\\/\\\/www.baque.com\\\/es\\\/blog\\\/cafes-baque-madrid-fusion-2017\\\/\",\"name\":\"Caf\u00e9s Baqu\u00e9 en Madrid Fusi\u00f3n\",\"isPartOf\":{\"@id\":\"https:\\\/\\\/www.baque.com\\\/es\\\/#website\"},\"primaryImageOfPage\":{\"@id\":\"https:\\\/\\\/www.baque.com\\\/es\\\/blog\\\/cafes-baque-madrid-fusion-2017\\\/#primaryimage\"},\"image\":{\"@id\":\"https:\\\/\\\/www.baque.com\\\/es\\\/blog\\\/cafes-baque-madrid-fusion-2017\\\/#primaryimage\"},\"thumbnailUrl\":\"https:\\\/\\\/www.baque.com\\\/wp-content\\\/uploads\\\/2017\\\/01\\\/El-mejor-cafe-en-Madrid-Fusion-.jpg\",\"datePublished\":\"2017-01-20T09:13:33+00:00\",\"dateModified\":\"2018-03-21T11:50:50+00:00\",\"author\":{\"@id\":\"https:\\\/\\\/www.baque.com\\\/es\\\/#\\\/schema\\\/person\\\/32c8c583e6573818274e39ba0178ea0c\"},\"description\":\"Caf\u00e9s Baqu\u00e9 en Madrid Fusi\u00f3n! Te esperamos en nuestro stand y en las catas de producto que ofreceremos con nuestros mejores baristas.\",\"breadcrumb\":{\"@id\":\"https:\\\/\\\/www.baque.com\\\/es\\\/blog\\\/cafes-baque-madrid-fusion-2017\\\/#breadcrumb\"},\"inLanguage\":\"es\",\"potentialAction\":[{\"@type\":\"ReadAction\",\"target\":[\"https:\\\/\\\/www.baque.com\\\/es\\\/blog\\\/cafes-baque-madrid-fusion-2017\\\/\"]}]},{\"@type\":\"ImageObject\",\"inLanguage\":\"es\",\"@id\":\"https:\\\/\\\/www.baque.com\\\/es\\\/blog\\\/cafes-baque-madrid-fusion-2017\\\/#primaryimage\",\"url\":\"https:\\\/\\\/www.baque.com\\\/wp-content\\\/uploads\\\/2017\\\/01\\\/El-mejor-cafe-en-Madrid-Fusion-.jpg\",\"contentUrl\":\"https:\\\/\\\/www.baque.com\\\/wp-content\\\/uploads\\\/2017\\\/01\\\/El-mejor-cafe-en-Madrid-Fusion-.jpg\",\"width\":1300,\"height\":655,\"caption\":\"Caf\u00e9s Baqu\u00e9 en Madrid Fusi\u00f3n 2017\"},{\"@type\":\"BreadcrumbList\",\"@id\":\"https:\\\/\\\/www.baque.com\\\/es\\\/blog\\\/cafes-baque-madrid-fusion-2017\\\/#breadcrumb\",\"itemListElement\":[{\"@type\":\"ListItem\",\"position\":1,\"name\":\"Portada\",\"item\":\"https:\\\/\\\/www.baque.com\\\/es\\\/\"},{\"@type\":\"ListItem\",\"position\":2,\"name\":\"Caf\u00e9s Baqu\u00e9 en Madrid Fusi\u00f3n 2017\"}]},{\"@type\":\"WebSite\",\"@id\":\"https:\\\/\\\/www.baque.com\\\/es\\\/#website\",\"url\":\"https:\\\/\\\/www.baque.com\\\/es\\\/\",\"name\":\"Caf\u00e9s Baqu\u00e9\",\"description\":\"Somos l\u00edderes en hosteler\u00eda en Pa\u00eds Vasco y La Rioja y una de las marcas m\u00e1s reconocidas en el mercado nacional. Somos una empresa familiar en constante innovaci\u00f3n en el producto. Tostamos y distribuimos caf\u00e9 molido, en grano y c\u00e1psulas para disfrutar en casa, en el bar y en la oficina.\",\"potentialAction\":[{\"@type\":\"SearchAction\",\"target\":{\"@type\":\"EntryPoint\",\"urlTemplate\":\"https:\\\/\\\/www.baque.com\\\/es\\\/?s={search_term_string}\"},\"query-input\":{\"@type\":\"PropertyValueSpecification\",\"valueRequired\":true,\"valueName\":\"search_term_string\"}}],\"inLanguage\":\"es\"},{\"@type\":\"Person\",\"@id\":\"https:\\\/\\\/www.baque.com\\\/es\\\/#\\\/schema\\\/person\\\/32c8c583e6573818274e39ba0178ea0c\",\"name\":\"baque\",\"image\":{\"@type\":\"ImageObject\",\"inLanguage\":\"es\",\"@id\":\"https:\\\/\\\/secure.gravatar.com\\\/avatar\\\/e662fd223ca8a44ab1e60e541b95b68e1a42729b8396361e1232af01ddb23e51?s=96&d=mm&r=g\",\"url\":\"https:\\\/\\\/secure.gravatar.com\\\/avatar\\\/e662fd223ca8a44ab1e60e541b95b68e1a42729b8396361e1232af01ddb23e51?s=96&d=mm&r=g\",\"contentUrl\":\"https:\\\/\\\/secure.gravatar.com\\\/avatar\\\/e662fd223ca8a44ab1e60e541b95b68e1a42729b8396361e1232af01ddb23e51?s=96&d=mm&r=g\",\"caption\":\"baque\"}}]}<\/script>\n<!-- \/ Yoast SEO plugin. -->","yoast_head_json":{"title":"Caf\u00e9s Baqu\u00e9 en Madrid Fusi\u00f3n","description":"Caf\u00e9s Baqu\u00e9 en Madrid Fusi\u00f3n! Te esperamos en nuestro stand y en las catas de producto que ofreceremos con nuestros mejores baristas.","robots":{"index":"index","follow":"follow","max-snippet":"max-snippet:-1","max-image-preview":"max-image-preview:large","max-video-preview":"max-video-preview:-1"},"og_locale":"es_ES","og_type":"article","og_title":"Caf\u00e9s Baqu\u00e9 en Madrid Fusi\u00f3n","og_description":"Caf\u00e9s Baqu\u00e9 en Madrid Fusi\u00f3n! Te esperamos en nuestro stand y en las catas de producto que ofreceremos con nuestros mejores baristas.","og_url":"https:\/\/www.baque.com\/es\/blog\/cafes-baque-madrid-fusion-2017\/","og_site_name":"Caf\u00e9s Baqu\u00e9","article_published_time":"2017-01-20T09:13:33+00:00","article_modified_time":"2018-03-21T11:50:50+00:00","og_image":[{"width":1300,"height":655,"url":"https:\/\/www.baque.com\/wp-content\/uploads\/2017\/01\/El-mejor-cafe-en-Madrid-Fusion-.jpg","type":"image\/jpeg"}],"author":"baque","twitter_card":"summary_large_image","twitter_misc":{"Escrito por":"baque","Tiempo de lectura":"2 minutos"},"schema":{"@context":"https:\/\/schema.org","@graph":[{"@type":"Article","@id":"https:\/\/www.baque.com\/es\/blog\/cafes-baque-madrid-fusion-2017\/#article","isPartOf":{"@id":"https:\/\/www.baque.com\/es\/blog\/cafes-baque-madrid-fusion-2017\/"},"author":{"name":"baque","@id":"https:\/\/www.baque.com\/es\/#\/schema\/person\/32c8c583e6573818274e39ba0178ea0c"},"headline":"Caf\u00e9s Baqu\u00e9 en Madrid Fusi\u00f3n 2017","datePublished":"2017-01-20T09:13:33+00:00","dateModified":"2018-03-21T11:50:50+00:00","mainEntityOfPage":{"@id":"https:\/\/www.baque.com\/es\/blog\/cafes-baque-madrid-fusion-2017\/"},"wordCount":363,"commentCount":3,"image":{"@id":"https:\/\/www.baque.com\/es\/blog\/cafes-baque-madrid-fusion-2017\/#primaryimage"},"thumbnailUrl":"https:\/\/www.baque.com\/wp-content\/uploads\/2017\/01\/El-mejor-cafe-en-Madrid-Fusion-.jpg","keywords":["BaqueXperience","caf\u00e9 fincas","Madrid Fusi\u00f3n"],"articleSection":["Nos gusta el caf\u00e9"],"inLanguage":"es","potentialAction":[{"@type":"CommentAction","name":"Comment","target":["https:\/\/www.baque.com\/es\/blog\/cafes-baque-madrid-fusion-2017\/#respond"]}]},{"@type":"WebPage","@id":"https:\/\/www.baque.com\/es\/blog\/cafes-baque-madrid-fusion-2017\/","url":"https:\/\/www.baque.com\/es\/blog\/cafes-baque-madrid-fusion-2017\/","name":"Caf\u00e9s Baqu\u00e9 en Madrid Fusi\u00f3n","isPartOf":{"@id":"https:\/\/www.baque.com\/es\/#website"},"primaryImageOfPage":{"@id":"https:\/\/www.baque.com\/es\/blog\/cafes-baque-madrid-fusion-2017\/#primaryimage"},"image":{"@id":"https:\/\/www.baque.com\/es\/blog\/cafes-baque-madrid-fusion-2017\/#primaryimage"},"thumbnailUrl":"https:\/\/www.baque.com\/wp-content\/uploads\/2017\/01\/El-mejor-cafe-en-Madrid-Fusion-.jpg","datePublished":"2017-01-20T09:13:33+00:00","dateModified":"2018-03-21T11:50:50+00:00","author":{"@id":"https:\/\/www.baque.com\/es\/#\/schema\/person\/32c8c583e6573818274e39ba0178ea0c"},"description":"Caf\u00e9s Baqu\u00e9 en Madrid Fusi\u00f3n! Te esperamos en nuestro stand y en las catas de producto que ofreceremos con nuestros mejores baristas.","breadcrumb":{"@id":"https:\/\/www.baque.com\/es\/blog\/cafes-baque-madrid-fusion-2017\/#breadcrumb"},"inLanguage":"es","potentialAction":[{"@type":"ReadAction","target":["https:\/\/www.baque.com\/es\/blog\/cafes-baque-madrid-fusion-2017\/"]}]},{"@type":"ImageObject","inLanguage":"es","@id":"https:\/\/www.baque.com\/es\/blog\/cafes-baque-madrid-fusion-2017\/#primaryimage","url":"https:\/\/www.baque.com\/wp-content\/uploads\/2017\/01\/El-mejor-cafe-en-Madrid-Fusion-.jpg","contentUrl":"https:\/\/www.baque.com\/wp-content\/uploads\/2017\/01\/El-mejor-cafe-en-Madrid-Fusion-.jpg","width":1300,"height":655,"caption":"Caf\u00e9s Baqu\u00e9 en Madrid Fusi\u00f3n 2017"},{"@type":"BreadcrumbList","@id":"https:\/\/www.baque.com\/es\/blog\/cafes-baque-madrid-fusion-2017\/#breadcrumb","itemListElement":[{"@type":"ListItem","position":1,"name":"Portada","item":"https:\/\/www.baque.com\/es\/"},{"@type":"ListItem","position":2,"name":"Caf\u00e9s Baqu\u00e9 en Madrid Fusi\u00f3n 2017"}]},{"@type":"WebSite","@id":"https:\/\/www.baque.com\/es\/#website","url":"https:\/\/www.baque.com\/es\/","name":"Caf\u00e9s Baqu\u00e9","description":"Somos l\u00edderes en hosteler\u00eda en Pa\u00eds Vasco y La Rioja y una de las marcas m\u00e1s reconocidas en el mercado nacional. Somos una empresa familiar en constante innovaci\u00f3n en el producto. Tostamos y distribuimos caf\u00e9 molido, en grano y c\u00e1psulas para disfrutar en casa, en el bar y en la oficina.","potentialAction":[{"@type":"SearchAction","target":{"@type":"EntryPoint","urlTemplate":"https:\/\/www.baque.com\/es\/?s={search_term_string}"},"query-input":{"@type":"PropertyValueSpecification","valueRequired":true,"valueName":"search_term_string"}}],"inLanguage":"es"},{"@type":"Person","@id":"https:\/\/www.baque.com\/es\/#\/schema\/person\/32c8c583e6573818274e39ba0178ea0c","name":"baque","image":{"@type":"ImageObject","inLanguage":"es","@id":"https:\/\/secure.gravatar.com\/avatar\/e662fd223ca8a44ab1e60e541b95b68e1a42729b8396361e1232af01ddb23e51?s=96&d=mm&r=g","url":"https:\/\/secure.gravatar.com\/avatar\/e662fd223ca8a44ab1e60e541b95b68e1a42729b8396361e1232af01ddb23e51?s=96&d=mm&r=g","contentUrl":"https:\/\/secure.gravatar.com\/avatar\/e662fd223ca8a44ab1e60e541b95b68e1a42729b8396361e1232af01ddb23e51?s=96&d=mm&r=g","caption":"baque"}}]}},"_links":{"self":[{"href":"https:\/\/www.baque.com\/es\/wp-json\/wp\/v2\/posts\/441","targetHints":{"allow":["GET"]}}],"collection":[{"href":"https:\/\/www.baque.com\/es\/wp-json\/wp\/v2\/posts"}],"about":[{"href":"https:\/\/www.baque.com\/es\/wp-json\/wp\/v2\/types\/post"}],"author":[{"embeddable":true,"href":"https:\/\/www.baque.com\/es\/wp-json\/wp\/v2\/users\/1"}],"replies":[{"embeddable":true,"href":"https:\/\/www.baque.com\/es\/wp-json\/wp\/v2\/comments?post=441"}],"version-history":[{"count":0,"href":"https:\/\/www.baque.com\/es\/wp-json\/wp\/v2\/posts\/441\/revisions"}],"wp:featuredmedia":[{"embeddable":true,"href":"https:\/\/www.baque.com\/es\/wp-json\/wp\/v2\/media\/2391"}],"wp:attachment":[{"href":"https:\/\/www.baque.com\/es\/wp-json\/wp\/v2\/media?parent=441"}],"wp:term":[{"taxonomy":"category","embeddable":true,"href":"https:\/\/www.baque.com\/es\/wp-json\/wp\/v2\/categories?post=441"},{"taxonomy":"post_tag","embeddable":true,"href":"https:\/\/www.baque.com\/es\/wp-json\/wp\/v2\/tags?post=441"}],"curies":[{"name":"wp","href":"https:\/\/api.w.org\/{rel}","templated":true}]}}