
{"id":469231,"date":"2021-06-17T11:13:57","date_gmt":"2021-06-17T09:13:57","guid":{"rendered":"https:\/\/www.baque.com\/?p=469231"},"modified":"2021-06-18T10:43:10","modified_gmt":"2021-06-18T08:43:10","slug":"baque-un-compromiso-de-futuro-con-la-alimentacion-sostenible","status":"publish","type":"post","link":"https:\/\/www.baque.com\/es\/blog\/baque-un-compromiso-de-futuro-con-la-alimentacion-sostenible\/","title":{"rendered":"Baqu\u00e9, un compromiso de futuro con la alimentaci\u00f3n sostenible."},"content":{"rendered":"<p class='entradilla'> Hoy, 18 de junio, se celebra el <strong>D\u00eda Mundial de la Alimentaci\u00f3n Sostenible<\/strong>, una jornada para reivindicar la cocina que tiene en cuenta el origen de los ingredientes, la forma en que se cultivan y c\u00f3mo llegan de nuestros mercados hasta el plato. Por tanto, tambi\u00e9n es un momento id\u00f3neo para hablar de nuestro compromiso con la sostenibilidad econ\u00f3mica, social y ambiental a trav\u00e9s de nuestra gama de caf\u00e9s ecol\u00f3gicos, como contribuci\u00f3n al cuidado del medio ambiente. <\/p>\r\n\r\n<p>En los \u00faltimos a\u00f1os la <strong>sostenibilidad del caf\u00e9<\/strong> se ha mantenido como uno de los principales desaf\u00edos alimenticios pues, con sus m\u00e1s de 9,5 millones de kilos de consumo al a\u00f1o a nivel mundial, el caf\u00e9 es una de las bebidas m\u00e1s populares del mundo con una media, solo en Espa\u00f1a, de 600 tazas por persona al a\u00f1o. A trav\u00e9s de una producci\u00f3n sin sustancias qu\u00edmicas como aditivos, pesticidas o herbicidas, se crea el caf\u00e9 org\u00e1nico, sembrado bajo unas caracter\u00edsticas especiales de altura (que requiere menos gasto en agua, aporta mayor calidad al caf\u00e9 y al suelo donde se produce, reduce el consumo de C02, etc.) que proporcionan al caf\u00e9, no solo un car\u00e1cter sostenible, sino tambi\u00e9n un sabor lleno de matices \u00fanicos.<\/p>\r\n<h3>BAQU\u00c9: Gama de productos org\u00e1nicos.<\/h3>\r\n<p>Nuestras <a href=\"https:\/\/www.baque.com\/es\/para-casa\/cafe\/capsulas-compostables\/\">c\u00e1psulas de caf\u00e9 org\u00e1nico<\/a>, elaboradas a partir de granos de caf\u00e9 cultivados de forma sostenible, son un claro ejemplo sobre c\u00f3mo vemos el futuro del caf\u00e9. Son compatibles con las cafeteras <em>Dolce Gusto<\/em> y <em>Nespresso<\/em>, y en el caso de estas \u00faltimas, adem\u00e1s, son compostables al 100%, es decir, se degradan en contacto con otros residuos org\u00e1nicos convirti\u00e9ndose en compost o abono de gran calidad. Tambi\u00e9n contamos con una amplia gama de <a href=\"https:\/\/www.baque.com\/es\/comprar\/cafe-organico\/\">caf\u00e9 en grano y molido de origen org\u00e1nico<\/a>.<\/p>\r\n<h3>Compromiso con la sostenibilidad.<\/h3>\r\n<p>Adem\u00e1s de la generaci\u00f3n de nuevos productos con los que miramos al futuro de nuestra sociedad y del medio ambiente, en Baqu\u00e9 estamos comprometidos y comprometidas con el fomento de la cultura de la sostenibilidad a trav\u00e9s de Sistemas Integrados de Gesti\u00f3n que buscan potenciar la calidad y seguridad alimentaria de nuestra industria, lograr la mejora ambiental continua a trav\u00e9s, entre otras acciones, de aquellas que protegen nuestro medio ambiente y buscando generar un desarrollo econ\u00f3mico justo, sostenido y sostenible. As\u00ed podemos decir que en Caf\u00e9s Baqu\u00e9 trabajamos en la mejora continua de nuestros procesos y productos mediante la reducci\u00f3n del consumo de combustible en nuestra flota, la disminuci\u00f3n del material envasado en producci\u00f3n, el descenso del consumo energ\u00e9tico en nuestras instalaciones o la valorizaci\u00f3n de m\u00e1s del 80% de nuestros residuos.<\/p>\r\n<h3>BAQU\u00c9 2030, una mirada hacia la pol\u00edtica sostenible.<\/h3>\r\n<p>El impulso de Baqu\u00e9 hacia una pol\u00edtica sostenible tiene su origen en el proyecto B30 (Baqu\u00e9 2030) en el que se realiz\u00f3 un exhaustivo an\u00e1lisis de la cadena de valor de nuestros productos y servicios cuyo objetivo era identificar los puntos cr\u00edticos y trabajar la mejora sobre ellos, desde el origen hasta el consumidor final. Gracias a este proyecto han ido surgiendo nuevos productos o acciones de futuro como la preocupaci\u00f3n por el origen del caf\u00e9 o la b\u00fasqueda de nuevos materiales en packaging. Como un ejemplo podemos ver los nuevos botes de caf\u00e9s solubles que se lanzar\u00e1n al mercado pr\u00f3ximamente realizados con pl\u00e1stico reciclado (rPET) y reciclable. Aunque existe una verdadera dificultad en el desarrollo de nuevos materiales sostenibles que garanticen una conservaci\u00f3n de los productos \u00f3ptima, Baqu\u00e9 se esfuerza cada d\u00eda por lograr sus objetivos en este aspecto. Los d\u00edas como hoy son importantes para reivindicar aspectos puntuales sobre la sostenibilidad, pero el compromiso debe ser continuado e integrado en las acciones de las empresas. \u00a0<\/p>\r\n<p>\r\n\r\n<\/p>\r\n<figure class=\"wp-block-embed-youtube wp-block-embed is-type-video is-provider-youtube wp-embed-aspect-16-9 wp-has-aspect-ratio\">\r\n<div class=\"wp-block-embed__wrapper\">\u00a0<\/div>\r\n<iframe loading=\"lazy\" title=\"YouTube video player\" src=\"https:\/\/www.youtube.com\/embed\/0s2MTRKhPzk\" width=\"560\" height=\"315\" frameborder=\"0\" allowfullscreen=\"allowfullscreen\"><\/iframe>\r\n<div>\u00a0<\/div>\r\n<figcaption>Hoy salimos en Deia con motivo del d\u00eda de la Alimentaci\u00f3n Sostenible<br \/><br \/><a href=\"https:\/\/www.deia.eus\/vivir-on\/gastronomia\/2021\/06\/18\/cafes-baque-alineado-sostenibilidad-economia\/1129280.html\">VER ART\u00cdCULO<\/a><\/figcaption>\r\n<\/figure>\r\n<p><\/p>","protected":false},"excerpt":{"rendered":"<p>En los \u00faltimos a\u00f1os la sostenibilidad del caf\u00e9 se ha mantenido como uno de los principales desaf\u00edos alimenticios pues, con sus m\u00e1s de 9,5 millones de kilos de consumo al a\u00f1o a nivel mundial, el caf\u00e9 es una de las bebidas m\u00e1s populares del mundo con una media, solo en Espa\u00f1a, de 600 tazas por [&hellip;]<\/p>\n","protected":false},"author":5116,"featured_media":469255,"comment_status":"open","ping_status":"open","sticky":false,"template":"","format":"standard","meta":{"_acf_changed":false,"footnotes":""},"categories":[34],"tags":[521,523,522,520],"class_list":["post-469231","post","type-post","status-publish","format-standard","has-post-thumbnail","hentry","category-nos-gusta-el-cafe","tag-alimentacion-sostenible","tag-baque-2030","tag-cafe-sostenible","tag-sostenibilidad"],"acf":[],"yoast_head":"<!-- This site is optimized with the Yoast SEO plugin v27.3 - https:\/\/yoast.com\/product\/yoast-seo-wordpress\/ -->\n<title>Baqu\u00e9, un compromiso de futuro con la alimentaci\u00f3n sostenible. - Caf\u00e9s Baqu\u00e9<\/title>\n<meta name=\"robots\" content=\"index, follow, max-snippet:-1, max-image-preview:large, max-video-preview:-1\" \/>\n<meta property=\"og:locale\" content=\"es_ES\" \/>\n<meta property=\"og:type\" content=\"article\" \/>\n<meta property=\"og:title\" content=\"Baqu\u00e9, un compromiso de futuro con la alimentaci\u00f3n sostenible. - Caf\u00e9s Baqu\u00e9\" \/>\n<meta property=\"og:description\" content=\"En los \u00faltimos a\u00f1os la sostenibilidad del caf\u00e9 se ha mantenido como uno de los principales desaf\u00edos alimenticios pues, con sus m\u00e1s de 9,5 millones de kilos de consumo al a\u00f1o a nivel mundial, el caf\u00e9 es una de las bebidas m\u00e1s populares del mundo con una media, solo en Espa\u00f1a, de 600 tazas por [&hellip;]\" \/>\n<meta property=\"og:url\" content=\"https:\/\/www.baque.com\/es\/blog\/baque-un-compromiso-de-futuro-con-la-alimentacion-sostenible\/\" \/>\n<meta property=\"og:site_name\" content=\"Caf\u00e9s Baqu\u00e9\" \/>\n<meta property=\"article:published_time\" content=\"2021-06-17T09:13:57+00:00\" \/>\n<meta property=\"article:modified_time\" content=\"2021-06-18T08:43:10+00:00\" \/>\n<meta property=\"og:image\" content=\"https:\/\/www.baque.com\/wp-content\/uploads\/2021\/06\/cafeorganico.jpg\" \/>\n\t<meta property=\"og:image:width\" content=\"1208\" \/>\n\t<meta property=\"og:image:height\" content=\"822\" \/>\n\t<meta property=\"og:image:type\" content=\"image\/jpeg\" \/>\n<meta name=\"author\" content=\"Ruben Sirope\" \/>\n<meta name=\"twitter:card\" content=\"summary_large_image\" \/>\n<meta name=\"twitter:label1\" content=\"Escrito por\" \/>\n\t<meta name=\"twitter:data1\" content=\"Ruben Sirope\" \/>\n\t<meta name=\"twitter:label2\" content=\"Tiempo de lectura\" \/>\n\t<meta name=\"twitter:data2\" content=\"3 minutos\" \/>\n<script type=\"application\/ld+json\" class=\"yoast-schema-graph\">{\"@context\":\"https:\\\/\\\/schema.org\",\"@graph\":[{\"@type\":\"Article\",\"@id\":\"https:\\\/\\\/www.baque.com\\\/es\\\/blog\\\/baque-un-compromiso-de-futuro-con-la-alimentacion-sostenible\\\/#article\",\"isPartOf\":{\"@id\":\"https:\\\/\\\/www.baque.com\\\/es\\\/blog\\\/baque-un-compromiso-de-futuro-con-la-alimentacion-sostenible\\\/\"},\"author\":{\"name\":\"Ruben Sirope\",\"@id\":\"https:\\\/\\\/www.baque.com\\\/es\\\/#\\\/schema\\\/person\\\/eeebcc1a7829805bd03294e88a225b36\"},\"headline\":\"Baqu\u00e9, un compromiso de futuro con la alimentaci\u00f3n sostenible.\",\"datePublished\":\"2021-06-17T09:13:57+00:00\",\"dateModified\":\"2021-06-18T08:43:10+00:00\",\"mainEntityOfPage\":{\"@id\":\"https:\\\/\\\/www.baque.com\\\/es\\\/blog\\\/baque-un-compromiso-de-futuro-con-la-alimentacion-sostenible\\\/\"},\"wordCount\":678,\"commentCount\":0,\"image\":{\"@id\":\"https:\\\/\\\/www.baque.com\\\/es\\\/blog\\\/baque-un-compromiso-de-futuro-con-la-alimentacion-sostenible\\\/#primaryimage\"},\"thumbnailUrl\":\"https:\\\/\\\/www.baque.com\\\/wp-content\\\/uploads\\\/2021\\\/06\\\/cafeorganico.jpg\",\"keywords\":[\"alimentaci\u00f3n sostenible\",\"baque 2030\",\"caf\u00e9 sostenible\",\"sostenibilidad\"],\"articleSection\":[\"Nos gusta el caf\u00e9\"],\"inLanguage\":\"es\",\"potentialAction\":[{\"@type\":\"CommentAction\",\"name\":\"Comment\",\"target\":[\"https:\\\/\\\/www.baque.com\\\/es\\\/blog\\\/baque-un-compromiso-de-futuro-con-la-alimentacion-sostenible\\\/#respond\"]}]},{\"@type\":\"WebPage\",\"@id\":\"https:\\\/\\\/www.baque.com\\\/es\\\/blog\\\/baque-un-compromiso-de-futuro-con-la-alimentacion-sostenible\\\/\",\"url\":\"https:\\\/\\\/www.baque.com\\\/es\\\/blog\\\/baque-un-compromiso-de-futuro-con-la-alimentacion-sostenible\\\/\",\"name\":\"Baqu\u00e9, un compromiso de futuro con la alimentaci\u00f3n sostenible. - Caf\u00e9s Baqu\u00e9\",\"isPartOf\":{\"@id\":\"https:\\\/\\\/www.baque.com\\\/es\\\/#website\"},\"primaryImageOfPage\":{\"@id\":\"https:\\\/\\\/www.baque.com\\\/es\\\/blog\\\/baque-un-compromiso-de-futuro-con-la-alimentacion-sostenible\\\/#primaryimage\"},\"image\":{\"@id\":\"https:\\\/\\\/www.baque.com\\\/es\\\/blog\\\/baque-un-compromiso-de-futuro-con-la-alimentacion-sostenible\\\/#primaryimage\"},\"thumbnailUrl\":\"https:\\\/\\\/www.baque.com\\\/wp-content\\\/uploads\\\/2021\\\/06\\\/cafeorganico.jpg\",\"datePublished\":\"2021-06-17T09:13:57+00:00\",\"dateModified\":\"2021-06-18T08:43:10+00:00\",\"author\":{\"@id\":\"https:\\\/\\\/www.baque.com\\\/es\\\/#\\\/schema\\\/person\\\/eeebcc1a7829805bd03294e88a225b36\"},\"breadcrumb\":{\"@id\":\"https:\\\/\\\/www.baque.com\\\/es\\\/blog\\\/baque-un-compromiso-de-futuro-con-la-alimentacion-sostenible\\\/#breadcrumb\"},\"inLanguage\":\"es\",\"potentialAction\":[{\"@type\":\"ReadAction\",\"target\":[\"https:\\\/\\\/www.baque.com\\\/es\\\/blog\\\/baque-un-compromiso-de-futuro-con-la-alimentacion-sostenible\\\/\"]}]},{\"@type\":\"ImageObject\",\"inLanguage\":\"es\",\"@id\":\"https:\\\/\\\/www.baque.com\\\/es\\\/blog\\\/baque-un-compromiso-de-futuro-con-la-alimentacion-sostenible\\\/#primaryimage\",\"url\":\"https:\\\/\\\/www.baque.com\\\/wp-content\\\/uploads\\\/2021\\\/06\\\/cafeorganico.jpg\",\"contentUrl\":\"https:\\\/\\\/www.baque.com\\\/wp-content\\\/uploads\\\/2021\\\/06\\\/cafeorganico.jpg\",\"width\":1208,\"height\":822},{\"@type\":\"BreadcrumbList\",\"@id\":\"https:\\\/\\\/www.baque.com\\\/es\\\/blog\\\/baque-un-compromiso-de-futuro-con-la-alimentacion-sostenible\\\/#breadcrumb\",\"itemListElement\":[{\"@type\":\"ListItem\",\"position\":1,\"name\":\"Portada\",\"item\":\"https:\\\/\\\/www.baque.com\\\/es\\\/\"},{\"@type\":\"ListItem\",\"position\":2,\"name\":\"Baqu\u00e9, un compromiso de futuro con la alimentaci\u00f3n sostenible.\"}]},{\"@type\":\"WebSite\",\"@id\":\"https:\\\/\\\/www.baque.com\\\/es\\\/#website\",\"url\":\"https:\\\/\\\/www.baque.com\\\/es\\\/\",\"name\":\"Caf\u00e9s Baqu\u00e9\",\"description\":\"Somos l\u00edderes en hosteler\u00eda en Pa\u00eds Vasco y La Rioja y una de las marcas m\u00e1s reconocidas en el mercado nacional. Somos una empresa familiar en constante innovaci\u00f3n en el producto. Tostamos y distribuimos caf\u00e9 molido, en grano y c\u00e1psulas para disfrutar en casa, en el bar y en la oficina.\",\"potentialAction\":[{\"@type\":\"SearchAction\",\"target\":{\"@type\":\"EntryPoint\",\"urlTemplate\":\"https:\\\/\\\/www.baque.com\\\/es\\\/?s={search_term_string}\"},\"query-input\":{\"@type\":\"PropertyValueSpecification\",\"valueRequired\":true,\"valueName\":\"search_term_string\"}}],\"inLanguage\":\"es\"},{\"@type\":\"Person\",\"@id\":\"https:\\\/\\\/www.baque.com\\\/es\\\/#\\\/schema\\\/person\\\/eeebcc1a7829805bd03294e88a225b36\",\"name\":\"Ruben Sirope\",\"image\":{\"@type\":\"ImageObject\",\"inLanguage\":\"es\",\"@id\":\"https:\\\/\\\/secure.gravatar.com\\\/avatar\\\/dffc3f6ecfda9ed054a85500c427b0583cbccbffee91c9116649fbd61a94081e?s=96&d=mm&r=g\",\"url\":\"https:\\\/\\\/secure.gravatar.com\\\/avatar\\\/dffc3f6ecfda9ed054a85500c427b0583cbccbffee91c9116649fbd61a94081e?s=96&d=mm&r=g\",\"contentUrl\":\"https:\\\/\\\/secure.gravatar.com\\\/avatar\\\/dffc3f6ecfda9ed054a85500c427b0583cbccbffee91c9116649fbd61a94081e?s=96&d=mm&r=g\",\"caption\":\"Ruben Sirope\"}}]}<\/script>\n<!-- \/ Yoast SEO plugin. -->","yoast_head_json":{"title":"Baqu\u00e9, un compromiso de futuro con la alimentaci\u00f3n sostenible. - Caf\u00e9s Baqu\u00e9","robots":{"index":"index","follow":"follow","max-snippet":"max-snippet:-1","max-image-preview":"max-image-preview:large","max-video-preview":"max-video-preview:-1"},"og_locale":"es_ES","og_type":"article","og_title":"Baqu\u00e9, un compromiso de futuro con la alimentaci\u00f3n sostenible. - Caf\u00e9s Baqu\u00e9","og_description":"En los \u00faltimos a\u00f1os la sostenibilidad del caf\u00e9 se ha mantenido como uno de los principales desaf\u00edos alimenticios pues, con sus m\u00e1s de 9,5 millones de kilos de consumo al a\u00f1o a nivel mundial, el caf\u00e9 es una de las bebidas m\u00e1s populares del mundo con una media, solo en Espa\u00f1a, de 600 tazas por [&hellip;]","og_url":"https:\/\/www.baque.com\/es\/blog\/baque-un-compromiso-de-futuro-con-la-alimentacion-sostenible\/","og_site_name":"Caf\u00e9s Baqu\u00e9","article_published_time":"2021-06-17T09:13:57+00:00","article_modified_time":"2021-06-18T08:43:10+00:00","og_image":[{"width":1208,"height":822,"url":"https:\/\/www.baque.com\/wp-content\/uploads\/2021\/06\/cafeorganico.jpg","type":"image\/jpeg"}],"author":"Ruben Sirope","twitter_card":"summary_large_image","twitter_misc":{"Escrito por":"Ruben Sirope","Tiempo de lectura":"3 minutos"},"schema":{"@context":"https:\/\/schema.org","@graph":[{"@type":"Article","@id":"https:\/\/www.baque.com\/es\/blog\/baque-un-compromiso-de-futuro-con-la-alimentacion-sostenible\/#article","isPartOf":{"@id":"https:\/\/www.baque.com\/es\/blog\/baque-un-compromiso-de-futuro-con-la-alimentacion-sostenible\/"},"author":{"name":"Ruben Sirope","@id":"https:\/\/www.baque.com\/es\/#\/schema\/person\/eeebcc1a7829805bd03294e88a225b36"},"headline":"Baqu\u00e9, un compromiso de futuro con la alimentaci\u00f3n sostenible.","datePublished":"2021-06-17T09:13:57+00:00","dateModified":"2021-06-18T08:43:10+00:00","mainEntityOfPage":{"@id":"https:\/\/www.baque.com\/es\/blog\/baque-un-compromiso-de-futuro-con-la-alimentacion-sostenible\/"},"wordCount":678,"commentCount":0,"image":{"@id":"https:\/\/www.baque.com\/es\/blog\/baque-un-compromiso-de-futuro-con-la-alimentacion-sostenible\/#primaryimage"},"thumbnailUrl":"https:\/\/www.baque.com\/wp-content\/uploads\/2021\/06\/cafeorganico.jpg","keywords":["alimentaci\u00f3n sostenible","baque 2030","caf\u00e9 sostenible","sostenibilidad"],"articleSection":["Nos gusta el caf\u00e9"],"inLanguage":"es","potentialAction":[{"@type":"CommentAction","name":"Comment","target":["https:\/\/www.baque.com\/es\/blog\/baque-un-compromiso-de-futuro-con-la-alimentacion-sostenible\/#respond"]}]},{"@type":"WebPage","@id":"https:\/\/www.baque.com\/es\/blog\/baque-un-compromiso-de-futuro-con-la-alimentacion-sostenible\/","url":"https:\/\/www.baque.com\/es\/blog\/baque-un-compromiso-de-futuro-con-la-alimentacion-sostenible\/","name":"Baqu\u00e9, un compromiso de futuro con la alimentaci\u00f3n sostenible. - Caf\u00e9s Baqu\u00e9","isPartOf":{"@id":"https:\/\/www.baque.com\/es\/#website"},"primaryImageOfPage":{"@id":"https:\/\/www.baque.com\/es\/blog\/baque-un-compromiso-de-futuro-con-la-alimentacion-sostenible\/#primaryimage"},"image":{"@id":"https:\/\/www.baque.com\/es\/blog\/baque-un-compromiso-de-futuro-con-la-alimentacion-sostenible\/#primaryimage"},"thumbnailUrl":"https:\/\/www.baque.com\/wp-content\/uploads\/2021\/06\/cafeorganico.jpg","datePublished":"2021-06-17T09:13:57+00:00","dateModified":"2021-06-18T08:43:10+00:00","author":{"@id":"https:\/\/www.baque.com\/es\/#\/schema\/person\/eeebcc1a7829805bd03294e88a225b36"},"breadcrumb":{"@id":"https:\/\/www.baque.com\/es\/blog\/baque-un-compromiso-de-futuro-con-la-alimentacion-sostenible\/#breadcrumb"},"inLanguage":"es","potentialAction":[{"@type":"ReadAction","target":["https:\/\/www.baque.com\/es\/blog\/baque-un-compromiso-de-futuro-con-la-alimentacion-sostenible\/"]}]},{"@type":"ImageObject","inLanguage":"es","@id":"https:\/\/www.baque.com\/es\/blog\/baque-un-compromiso-de-futuro-con-la-alimentacion-sostenible\/#primaryimage","url":"https:\/\/www.baque.com\/wp-content\/uploads\/2021\/06\/cafeorganico.jpg","contentUrl":"https:\/\/www.baque.com\/wp-content\/uploads\/2021\/06\/cafeorganico.jpg","width":1208,"height":822},{"@type":"BreadcrumbList","@id":"https:\/\/www.baque.com\/es\/blog\/baque-un-compromiso-de-futuro-con-la-alimentacion-sostenible\/#breadcrumb","itemListElement":[{"@type":"ListItem","position":1,"name":"Portada","item":"https:\/\/www.baque.com\/es\/"},{"@type":"ListItem","position":2,"name":"Baqu\u00e9, un compromiso de futuro con la alimentaci\u00f3n sostenible."}]},{"@type":"WebSite","@id":"https:\/\/www.baque.com\/es\/#website","url":"https:\/\/www.baque.com\/es\/","name":"Caf\u00e9s Baqu\u00e9","description":"Somos l\u00edderes en hosteler\u00eda en Pa\u00eds Vasco y La Rioja y una de las marcas m\u00e1s reconocidas en el mercado nacional. Somos una empresa familiar en constante innovaci\u00f3n en el producto. Tostamos y distribuimos caf\u00e9 molido, en grano y c\u00e1psulas para disfrutar en casa, en el bar y en la oficina.","potentialAction":[{"@type":"SearchAction","target":{"@type":"EntryPoint","urlTemplate":"https:\/\/www.baque.com\/es\/?s={search_term_string}"},"query-input":{"@type":"PropertyValueSpecification","valueRequired":true,"valueName":"search_term_string"}}],"inLanguage":"es"},{"@type":"Person","@id":"https:\/\/www.baque.com\/es\/#\/schema\/person\/eeebcc1a7829805bd03294e88a225b36","name":"Ruben Sirope","image":{"@type":"ImageObject","inLanguage":"es","@id":"https:\/\/secure.gravatar.com\/avatar\/dffc3f6ecfda9ed054a85500c427b0583cbccbffee91c9116649fbd61a94081e?s=96&d=mm&r=g","url":"https:\/\/secure.gravatar.com\/avatar\/dffc3f6ecfda9ed054a85500c427b0583cbccbffee91c9116649fbd61a94081e?s=96&d=mm&r=g","contentUrl":"https:\/\/secure.gravatar.com\/avatar\/dffc3f6ecfda9ed054a85500c427b0583cbccbffee91c9116649fbd61a94081e?s=96&d=mm&r=g","caption":"Ruben Sirope"}}]}},"_links":{"self":[{"href":"https:\/\/www.baque.com\/es\/wp-json\/wp\/v2\/posts\/469231","targetHints":{"allow":["GET"]}}],"collection":[{"href":"https:\/\/www.baque.com\/es\/wp-json\/wp\/v2\/posts"}],"about":[{"href":"https:\/\/www.baque.com\/es\/wp-json\/wp\/v2\/types\/post"}],"author":[{"embeddable":true,"href":"https:\/\/www.baque.com\/es\/wp-json\/wp\/v2\/users\/5116"}],"replies":[{"embeddable":true,"href":"https:\/\/www.baque.com\/es\/wp-json\/wp\/v2\/comments?post=469231"}],"version-history":[{"count":10,"href":"https:\/\/www.baque.com\/es\/wp-json\/wp\/v2\/posts\/469231\/revisions"}],"predecessor-version":[{"id":470322,"href":"https:\/\/www.baque.com\/es\/wp-json\/wp\/v2\/posts\/469231\/revisions\/470322"}],"wp:featuredmedia":[{"embeddable":true,"href":"https:\/\/www.baque.com\/es\/wp-json\/wp\/v2\/media\/469255"}],"wp:attachment":[{"href":"https:\/\/www.baque.com\/es\/wp-json\/wp\/v2\/media?parent=469231"}],"wp:term":[{"taxonomy":"category","embeddable":true,"href":"https:\/\/www.baque.com\/es\/wp-json\/wp\/v2\/categories?post=469231"},{"taxonomy":"post_tag","embeddable":true,"href":"https:\/\/www.baque.com\/es\/wp-json\/wp\/v2\/tags?post=469231"}],"curies":[{"name":"wp","href":"https:\/\/api.w.org\/{rel}","templated":true}]}}