
{"id":5636,"date":"2018-12-20T08:04:22","date_gmt":"2018-12-20T06:04:22","guid":{"rendered":"https:\/\/www.baque.com\/?p=5636"},"modified":"2018-12-18T12:19:01","modified_gmt":"2018-12-18T10:19:01","slug":"capsulas-compostables-efecto-barrera","status":"publish","type":"post","link":"https:\/\/www.baque.com\/es\/blog\/capsulas-compostables-efecto-barrera\/","title":{"rendered":"Caf\u00e9s Baqu\u00e9, en su compromiso medioambiental, apuesta por las c\u00e1psulas 100% compostables."},"content":{"rendered":"<p class='entradilla'> En su compromiso medioambiental, Caf\u00e9s Baqu\u00e9 ha lanzado las primeras c\u00e1psulas 100% compostables con efecto barrera. \u00a1Desc\u00fabrelas!<\/p>\n<p>\u00bfSab\u00edas que el caf\u00e9 es el segundo producto m\u00e1s consumido en el mundo y que la venta de c\u00e1psulas crece cada a\u00f1o? Ante esta realidad Caf\u00e9s Baqu\u00e9, apostando por la innovaci\u00f3n, ha lanzando <strong>las primeras c\u00e1psulas compostables con efecto barrera<\/strong>.<\/p>\n<p>A continuaci\u00f3n te contamos qu\u00e9 tienen de especial estas <a href=\"http:\/\/www.baque.com\/es\/comprar\/cafe-capsulas\/\"><strong>c\u00e1psulas de caf\u00e9<\/strong><\/a> y las ventajas de consumirlas.<\/p>\n<h2>Las primeras c\u00e1psulas compostables con efecto barrera del mercado<\/h2>\n<p>Las c\u00e1psulas 100% compostables de Caf\u00e9s Baqu\u00e9 tan solo <strong>tardan 3 meses en degradarse por completo <\/strong>en condiciones \u00f3ptimas de humedad, temperatura y oxigeno. O dicho de otra manera, con su consumo se reduce la cantidad de residuos s\u00f3lidos que se destinan a vertederos o a la incineraci\u00f3n, evitando problemas como la contaminaci\u00f3n de suelos y las emisiones que provoca la transformaci\u00f3n de residuos.<\/p>\n<p>Pero aqu\u00ed no acaba todo. La verdadera innovaci\u00f3n de estas c\u00e1psulas respecto a otras compostables, es que se utilizan materiales barrera para su composici\u00f3n, que a\u00edslan y protegen el caf\u00e9 de cualquier agente externo sin utilizar envoltorios innecesarios como el pl\u00e1stico para su conservaci\u00f3n. De este modo, se evita la oxidaci\u00f3n del caf\u00e9 y se asegura <strong>el aroma y el sabor de tu caf\u00e9 Baqu\u00e9 de siempre<\/strong>.<\/p>\n<p>Es una soluci\u00f3n que respeta al 100% el Medio Ambiente, ya que la c\u00e1psula, adem\u00e1s de ser biodegradable, <strong>termina convirti\u00e9ndose en <\/strong><a href=\"https:\/\/es.wikipedia.org\/wiki\/Compost\" target=\"_blank\" rel=\"noopener\"><strong>compost<\/strong><\/a><strong> o abono<\/strong>. Su consumo contribuye a cerrar el ciclo de la materia org\u00e1nica, as\u00ed como a recuperar y reciclar recursos naturales.<\/p>\n<p>Pero por si te pareciera poco, aqu\u00ed te dejamos otras 7 cosas que debes saber sobre nuestras c\u00e1psulas. Estamos seguros de que terminar\u00e1s queriendo probarlas y sumarte t\u00fa tambi\u00e9n al <a href=\"https:\/\/capsulascompostables.es\/\" target=\"_blank\" rel=\"noopener\"><strong>movimiento <em>ecofriendly<\/em><\/strong><\/a> que Caf\u00e9s Baqu\u00e9 acaba de comenzar con estas innovadoras monodosis de caf\u00e9.<\/p>\n<h3>7 cosas que debes saber sobre las c\u00e1psulas compostables de Caf\u00e9s Baqu\u00e9<\/h3>\n<ul>\n<li>Son c\u00e1psulas 100% compostables.<\/li>\n<li>Son compatibles con la naturaleza.<\/li>\n<li>Desaparecen en 3 meses sin dejar residuos.<\/li>\n<li>Puedes desecharlas en el contenedor marr\u00f3n, el de materia org\u00e1nica.<\/li>\n<li>Son compatibles con todas las cafeteras dom\u00e9sticas de Nespresso\u00ae*.<\/li>\n<li>El envase es diferente, pero el caf\u00e9 sigue siendo el mismo caf\u00e9 Baqu\u00e9 que tanto te gusta.<\/li>\n<li>Tienen el certificado OK COMPOST que asegura la compostabilidad del producto.<\/li>\n<\/ul>\n<p>Las c\u00e1psulas compostables de Caf\u00e9s Baqu\u00e9 puedes encontrarlas en Eroski, BM, Simply, Carrefour, Alcampo y en la <a href=\"http:\/\/www.baque.com\/es\/tienda\/\" target=\"_blank\" rel=\"noopener\"><strong>tienda online<\/strong>\u00a0<\/a>\u00a0de Caf\u00e9s Baqu\u00e9.<\/p>\n<p><a href=\"https:\/\/capsulascompostables.es\/\" target=\"_blank\" rel=\"noopener\"><img loading=\"lazy\" decoding=\"async\" class=\"alignnone wp-image-5680 size-full\" src=\"https:\/\/www.baque.com\/wp-content\/uploads\/2018\/12\/baque-compostables-blog.jpg\" alt=\"C\u00e1psulas compostables CTA\" width=\"1150\" height=\"350\" srcset=\"https:\/\/www.baque.com\/wp-content\/uploads\/2018\/12\/baque-compostables-blog.jpg 1150w, https:\/\/www.baque.com\/wp-content\/uploads\/2018\/12\/baque-compostables-blog-331x101.jpg 331w, https:\/\/www.baque.com\/wp-content\/uploads\/2018\/12\/baque-compostables-blog-768x234.jpg 768w, https:\/\/www.baque.com\/wp-content\/uploads\/2018\/12\/baque-compostables-blog-600x183.jpg 600w\" sizes=\"auto, (max-width: 1150px) 100vw, 1150px\" \/><\/a><\/p>\n","protected":false},"excerpt":{"rendered":"<p>\u00bfSab\u00edas que el caf\u00e9 es el segundo producto m\u00e1s consumido en el mundo y que la venta de c\u00e1psulas crece cada a\u00f1o? Ante esta realidad Caf\u00e9s Baqu\u00e9, apostando por la innovaci\u00f3n, ha lanzando las primeras c\u00e1psulas compostables con efecto barrera. A continuaci\u00f3n te contamos qu\u00e9 tienen de especial estas c\u00e1psulas de caf\u00e9 y las ventajas [&hellip;]<\/p>\n","protected":false},"author":1,"featured_media":5637,"comment_status":"open","ping_status":"open","sticky":false,"template":"","format":"standard","meta":{"_acf_changed":false,"footnotes":""},"categories":[34],"tags":[54,50,382],"class_list":["post-5636","post","type-post","status-publish","format-standard","has-post-thumbnail","hentry","category-nos-gusta-el-cafe","tag-capsulas-baque","tag-capsulas-compostables","tag-ecofriendly"],"acf":[],"yoast_head":"<!-- This site is optimized with the Yoast SEO plugin v27.3 - https:\/\/yoast.com\/product\/yoast-seo-wordpress\/ -->\n<title>Caf\u00e9s Baqu\u00e9 lanza las primeras c\u00e1psulas compostables con efecto barrera<\/title>\n<meta name=\"description\" content=\"En su compromiso por cuidar del planeta Caf\u00e9s Baqu\u00e9 ha lanzado las primeras c\u00e1psulas compostables con efecto barrera. \u00a1Desc\u00fabrelas!\" \/>\n<meta name=\"robots\" content=\"index, follow, max-snippet:-1, max-image-preview:large, max-video-preview:-1\" \/>\n<meta property=\"og:locale\" content=\"es_ES\" \/>\n<meta property=\"og:type\" content=\"article\" \/>\n<meta property=\"og:title\" content=\"Caf\u00e9s Baqu\u00e9 lanza las primeras c\u00e1psulas compostables con efecto barrera\" \/>\n<meta property=\"og:description\" content=\"En su compromiso por cuidar del planeta Caf\u00e9s Baqu\u00e9 ha lanzado las primeras c\u00e1psulas compostables con efecto barrera. \u00a1Desc\u00fabrelas!\" \/>\n<meta property=\"og:url\" content=\"https:\/\/www.baque.com\/es\/blog\/capsulas-compostables-efecto-barrera\/\" \/>\n<meta property=\"og:site_name\" content=\"Caf\u00e9s Baqu\u00e9\" \/>\n<meta property=\"article:published_time\" content=\"2018-12-20T06:04:22+00:00\" \/>\n<meta property=\"og:image\" content=\"https:\/\/www.baque.com\/wp-content\/uploads\/2018\/12\/capsulas-compostables-efecto-barrera.jpg\" \/>\n\t<meta property=\"og:image:width\" content=\"900\" \/>\n\t<meta property=\"og:image:height\" content=\"453\" \/>\n\t<meta property=\"og:image:type\" content=\"image\/jpeg\" \/>\n<meta name=\"author\" content=\"baque\" \/>\n<meta name=\"twitter:card\" content=\"summary_large_image\" \/>\n<meta name=\"twitter:label1\" content=\"Escrito por\" \/>\n\t<meta name=\"twitter:data1\" content=\"baque\" \/>\n\t<meta name=\"twitter:label2\" content=\"Tiempo de lectura\" \/>\n\t<meta name=\"twitter:data2\" content=\"2 minutos\" \/>\n<script type=\"application\/ld+json\" class=\"yoast-schema-graph\">{\"@context\":\"https:\\\/\\\/schema.org\",\"@graph\":[{\"@type\":\"Article\",\"@id\":\"https:\\\/\\\/www.baque.com\\\/es\\\/blog\\\/capsulas-compostables-efecto-barrera\\\/#article\",\"isPartOf\":{\"@id\":\"https:\\\/\\\/www.baque.com\\\/es\\\/blog\\\/capsulas-compostables-efecto-barrera\\\/\"},\"author\":{\"name\":\"baque\",\"@id\":\"https:\\\/\\\/www.baque.com\\\/es\\\/#\\\/schema\\\/person\\\/32c8c583e6573818274e39ba0178ea0c\"},\"headline\":\"Caf\u00e9s Baqu\u00e9, en su compromiso medioambiental, apuesta por las c\u00e1psulas 100% compostables.\",\"datePublished\":\"2018-12-20T06:04:22+00:00\",\"mainEntityOfPage\":{\"@id\":\"https:\\\/\\\/www.baque.com\\\/es\\\/blog\\\/capsulas-compostables-efecto-barrera\\\/\"},\"wordCount\":449,\"commentCount\":0,\"image\":{\"@id\":\"https:\\\/\\\/www.baque.com\\\/es\\\/blog\\\/capsulas-compostables-efecto-barrera\\\/#primaryimage\"},\"thumbnailUrl\":\"https:\\\/\\\/www.baque.com\\\/wp-content\\\/uploads\\\/2018\\\/12\\\/capsulas-compostables-efecto-barrera.jpg\",\"keywords\":[\"c\u00e1psulas baqu\u00e9\",\"c\u00e1psulas compostables\",\"ecofriendly\"],\"articleSection\":[\"Nos gusta el caf\u00e9\"],\"inLanguage\":\"es\",\"potentialAction\":[{\"@type\":\"CommentAction\",\"name\":\"Comment\",\"target\":[\"https:\\\/\\\/www.baque.com\\\/es\\\/blog\\\/capsulas-compostables-efecto-barrera\\\/#respond\"]}]},{\"@type\":\"WebPage\",\"@id\":\"https:\\\/\\\/www.baque.com\\\/es\\\/blog\\\/capsulas-compostables-efecto-barrera\\\/\",\"url\":\"https:\\\/\\\/www.baque.com\\\/es\\\/blog\\\/capsulas-compostables-efecto-barrera\\\/\",\"name\":\"Caf\u00e9s Baqu\u00e9 lanza las primeras c\u00e1psulas compostables con efecto barrera\",\"isPartOf\":{\"@id\":\"https:\\\/\\\/www.baque.com\\\/es\\\/#website\"},\"primaryImageOfPage\":{\"@id\":\"https:\\\/\\\/www.baque.com\\\/es\\\/blog\\\/capsulas-compostables-efecto-barrera\\\/#primaryimage\"},\"image\":{\"@id\":\"https:\\\/\\\/www.baque.com\\\/es\\\/blog\\\/capsulas-compostables-efecto-barrera\\\/#primaryimage\"},\"thumbnailUrl\":\"https:\\\/\\\/www.baque.com\\\/wp-content\\\/uploads\\\/2018\\\/12\\\/capsulas-compostables-efecto-barrera.jpg\",\"datePublished\":\"2018-12-20T06:04:22+00:00\",\"author\":{\"@id\":\"https:\\\/\\\/www.baque.com\\\/es\\\/#\\\/schema\\\/person\\\/32c8c583e6573818274e39ba0178ea0c\"},\"description\":\"En su compromiso por cuidar del planeta Caf\u00e9s Baqu\u00e9 ha lanzado las primeras c\u00e1psulas compostables con efecto barrera. \u00a1Desc\u00fabrelas!\",\"breadcrumb\":{\"@id\":\"https:\\\/\\\/www.baque.com\\\/es\\\/blog\\\/capsulas-compostables-efecto-barrera\\\/#breadcrumb\"},\"inLanguage\":\"es\",\"potentialAction\":[{\"@type\":\"ReadAction\",\"target\":[\"https:\\\/\\\/www.baque.com\\\/es\\\/blog\\\/capsulas-compostables-efecto-barrera\\\/\"]}]},{\"@type\":\"ImageObject\",\"inLanguage\":\"es\",\"@id\":\"https:\\\/\\\/www.baque.com\\\/es\\\/blog\\\/capsulas-compostables-efecto-barrera\\\/#primaryimage\",\"url\":\"https:\\\/\\\/www.baque.com\\\/wp-content\\\/uploads\\\/2018\\\/12\\\/capsulas-compostables-efecto-barrera.jpg\",\"contentUrl\":\"https:\\\/\\\/www.baque.com\\\/wp-content\\\/uploads\\\/2018\\\/12\\\/capsulas-compostables-efecto-barrera.jpg\",\"width\":900,\"height\":453,\"caption\":\"Caf\u00e9s Baqu\u00e9 lanza las primeras c\u00e1psulas compostables con efecto barrera\"},{\"@type\":\"BreadcrumbList\",\"@id\":\"https:\\\/\\\/www.baque.com\\\/es\\\/blog\\\/capsulas-compostables-efecto-barrera\\\/#breadcrumb\",\"itemListElement\":[{\"@type\":\"ListItem\",\"position\":1,\"name\":\"Portada\",\"item\":\"https:\\\/\\\/www.baque.com\\\/es\\\/\"},{\"@type\":\"ListItem\",\"position\":2,\"name\":\"Caf\u00e9s Baqu\u00e9, en su compromiso medioambiental, apuesta por las c\u00e1psulas 100% compostables.\"}]},{\"@type\":\"WebSite\",\"@id\":\"https:\\\/\\\/www.baque.com\\\/es\\\/#website\",\"url\":\"https:\\\/\\\/www.baque.com\\\/es\\\/\",\"name\":\"Caf\u00e9s Baqu\u00e9\",\"description\":\"Somos l\u00edderes en hosteler\u00eda en Pa\u00eds Vasco y La Rioja y una de las marcas m\u00e1s reconocidas en el mercado nacional. Somos una empresa familiar en constante innovaci\u00f3n en el producto. Tostamos y distribuimos caf\u00e9 molido, en grano y c\u00e1psulas para disfrutar en casa, en el bar y en la oficina.\",\"potentialAction\":[{\"@type\":\"SearchAction\",\"target\":{\"@type\":\"EntryPoint\",\"urlTemplate\":\"https:\\\/\\\/www.baque.com\\\/es\\\/?s={search_term_string}\"},\"query-input\":{\"@type\":\"PropertyValueSpecification\",\"valueRequired\":true,\"valueName\":\"search_term_string\"}}],\"inLanguage\":\"es\"},{\"@type\":\"Person\",\"@id\":\"https:\\\/\\\/www.baque.com\\\/es\\\/#\\\/schema\\\/person\\\/32c8c583e6573818274e39ba0178ea0c\",\"name\":\"baque\",\"image\":{\"@type\":\"ImageObject\",\"inLanguage\":\"es\",\"@id\":\"https:\\\/\\\/secure.gravatar.com\\\/avatar\\\/e662fd223ca8a44ab1e60e541b95b68e1a42729b8396361e1232af01ddb23e51?s=96&d=mm&r=g\",\"url\":\"https:\\\/\\\/secure.gravatar.com\\\/avatar\\\/e662fd223ca8a44ab1e60e541b95b68e1a42729b8396361e1232af01ddb23e51?s=96&d=mm&r=g\",\"contentUrl\":\"https:\\\/\\\/secure.gravatar.com\\\/avatar\\\/e662fd223ca8a44ab1e60e541b95b68e1a42729b8396361e1232af01ddb23e51?s=96&d=mm&r=g\",\"caption\":\"baque\"}}]}<\/script>\n<!-- \/ Yoast SEO plugin. -->","yoast_head_json":{"title":"Caf\u00e9s Baqu\u00e9 lanza las primeras c\u00e1psulas compostables con efecto barrera","description":"En su compromiso por cuidar del planeta Caf\u00e9s Baqu\u00e9 ha lanzado las primeras c\u00e1psulas compostables con efecto barrera. \u00a1Desc\u00fabrelas!","robots":{"index":"index","follow":"follow","max-snippet":"max-snippet:-1","max-image-preview":"max-image-preview:large","max-video-preview":"max-video-preview:-1"},"og_locale":"es_ES","og_type":"article","og_title":"Caf\u00e9s Baqu\u00e9 lanza las primeras c\u00e1psulas compostables con efecto barrera","og_description":"En su compromiso por cuidar del planeta Caf\u00e9s Baqu\u00e9 ha lanzado las primeras c\u00e1psulas compostables con efecto barrera. \u00a1Desc\u00fabrelas!","og_url":"https:\/\/www.baque.com\/es\/blog\/capsulas-compostables-efecto-barrera\/","og_site_name":"Caf\u00e9s Baqu\u00e9","article_published_time":"2018-12-20T06:04:22+00:00","og_image":[{"width":900,"height":453,"url":"https:\/\/www.baque.com\/wp-content\/uploads\/2018\/12\/capsulas-compostables-efecto-barrera.jpg","type":"image\/jpeg"}],"author":"baque","twitter_card":"summary_large_image","twitter_misc":{"Escrito por":"baque","Tiempo de lectura":"2 minutos"},"schema":{"@context":"https:\/\/schema.org","@graph":[{"@type":"Article","@id":"https:\/\/www.baque.com\/es\/blog\/capsulas-compostables-efecto-barrera\/#article","isPartOf":{"@id":"https:\/\/www.baque.com\/es\/blog\/capsulas-compostables-efecto-barrera\/"},"author":{"name":"baque","@id":"https:\/\/www.baque.com\/es\/#\/schema\/person\/32c8c583e6573818274e39ba0178ea0c"},"headline":"Caf\u00e9s Baqu\u00e9, en su compromiso medioambiental, apuesta por las c\u00e1psulas 100% compostables.","datePublished":"2018-12-20T06:04:22+00:00","mainEntityOfPage":{"@id":"https:\/\/www.baque.com\/es\/blog\/capsulas-compostables-efecto-barrera\/"},"wordCount":449,"commentCount":0,"image":{"@id":"https:\/\/www.baque.com\/es\/blog\/capsulas-compostables-efecto-barrera\/#primaryimage"},"thumbnailUrl":"https:\/\/www.baque.com\/wp-content\/uploads\/2018\/12\/capsulas-compostables-efecto-barrera.jpg","keywords":["c\u00e1psulas baqu\u00e9","c\u00e1psulas compostables","ecofriendly"],"articleSection":["Nos gusta el caf\u00e9"],"inLanguage":"es","potentialAction":[{"@type":"CommentAction","name":"Comment","target":["https:\/\/www.baque.com\/es\/blog\/capsulas-compostables-efecto-barrera\/#respond"]}]},{"@type":"WebPage","@id":"https:\/\/www.baque.com\/es\/blog\/capsulas-compostables-efecto-barrera\/","url":"https:\/\/www.baque.com\/es\/blog\/capsulas-compostables-efecto-barrera\/","name":"Caf\u00e9s Baqu\u00e9 lanza las primeras c\u00e1psulas compostables con efecto barrera","isPartOf":{"@id":"https:\/\/www.baque.com\/es\/#website"},"primaryImageOfPage":{"@id":"https:\/\/www.baque.com\/es\/blog\/capsulas-compostables-efecto-barrera\/#primaryimage"},"image":{"@id":"https:\/\/www.baque.com\/es\/blog\/capsulas-compostables-efecto-barrera\/#primaryimage"},"thumbnailUrl":"https:\/\/www.baque.com\/wp-content\/uploads\/2018\/12\/capsulas-compostables-efecto-barrera.jpg","datePublished":"2018-12-20T06:04:22+00:00","author":{"@id":"https:\/\/www.baque.com\/es\/#\/schema\/person\/32c8c583e6573818274e39ba0178ea0c"},"description":"En su compromiso por cuidar del planeta Caf\u00e9s Baqu\u00e9 ha lanzado las primeras c\u00e1psulas compostables con efecto barrera. \u00a1Desc\u00fabrelas!","breadcrumb":{"@id":"https:\/\/www.baque.com\/es\/blog\/capsulas-compostables-efecto-barrera\/#breadcrumb"},"inLanguage":"es","potentialAction":[{"@type":"ReadAction","target":["https:\/\/www.baque.com\/es\/blog\/capsulas-compostables-efecto-barrera\/"]}]},{"@type":"ImageObject","inLanguage":"es","@id":"https:\/\/www.baque.com\/es\/blog\/capsulas-compostables-efecto-barrera\/#primaryimage","url":"https:\/\/www.baque.com\/wp-content\/uploads\/2018\/12\/capsulas-compostables-efecto-barrera.jpg","contentUrl":"https:\/\/www.baque.com\/wp-content\/uploads\/2018\/12\/capsulas-compostables-efecto-barrera.jpg","width":900,"height":453,"caption":"Caf\u00e9s Baqu\u00e9 lanza las primeras c\u00e1psulas compostables con efecto barrera"},{"@type":"BreadcrumbList","@id":"https:\/\/www.baque.com\/es\/blog\/capsulas-compostables-efecto-barrera\/#breadcrumb","itemListElement":[{"@type":"ListItem","position":1,"name":"Portada","item":"https:\/\/www.baque.com\/es\/"},{"@type":"ListItem","position":2,"name":"Caf\u00e9s Baqu\u00e9, en su compromiso medioambiental, apuesta por las c\u00e1psulas 100% compostables."}]},{"@type":"WebSite","@id":"https:\/\/www.baque.com\/es\/#website","url":"https:\/\/www.baque.com\/es\/","name":"Caf\u00e9s Baqu\u00e9","description":"Somos l\u00edderes en hosteler\u00eda en Pa\u00eds Vasco y La Rioja y una de las marcas m\u00e1s reconocidas en el mercado nacional. Somos una empresa familiar en constante innovaci\u00f3n en el producto. Tostamos y distribuimos caf\u00e9 molido, en grano y c\u00e1psulas para disfrutar en casa, en el bar y en la oficina.","potentialAction":[{"@type":"SearchAction","target":{"@type":"EntryPoint","urlTemplate":"https:\/\/www.baque.com\/es\/?s={search_term_string}"},"query-input":{"@type":"PropertyValueSpecification","valueRequired":true,"valueName":"search_term_string"}}],"inLanguage":"es"},{"@type":"Person","@id":"https:\/\/www.baque.com\/es\/#\/schema\/person\/32c8c583e6573818274e39ba0178ea0c","name":"baque","image":{"@type":"ImageObject","inLanguage":"es","@id":"https:\/\/secure.gravatar.com\/avatar\/e662fd223ca8a44ab1e60e541b95b68e1a42729b8396361e1232af01ddb23e51?s=96&d=mm&r=g","url":"https:\/\/secure.gravatar.com\/avatar\/e662fd223ca8a44ab1e60e541b95b68e1a42729b8396361e1232af01ddb23e51?s=96&d=mm&r=g","contentUrl":"https:\/\/secure.gravatar.com\/avatar\/e662fd223ca8a44ab1e60e541b95b68e1a42729b8396361e1232af01ddb23e51?s=96&d=mm&r=g","caption":"baque"}}]}},"_links":{"self":[{"href":"https:\/\/www.baque.com\/es\/wp-json\/wp\/v2\/posts\/5636","targetHints":{"allow":["GET"]}}],"collection":[{"href":"https:\/\/www.baque.com\/es\/wp-json\/wp\/v2\/posts"}],"about":[{"href":"https:\/\/www.baque.com\/es\/wp-json\/wp\/v2\/types\/post"}],"author":[{"embeddable":true,"href":"https:\/\/www.baque.com\/es\/wp-json\/wp\/v2\/users\/1"}],"replies":[{"embeddable":true,"href":"https:\/\/www.baque.com\/es\/wp-json\/wp\/v2\/comments?post=5636"}],"version-history":[{"count":6,"href":"https:\/\/www.baque.com\/es\/wp-json\/wp\/v2\/posts\/5636\/revisions"}],"predecessor-version":[{"id":5836,"href":"https:\/\/www.baque.com\/es\/wp-json\/wp\/v2\/posts\/5636\/revisions\/5836"}],"wp:featuredmedia":[{"embeddable":true,"href":"https:\/\/www.baque.com\/es\/wp-json\/wp\/v2\/media\/5637"}],"wp:attachment":[{"href":"https:\/\/www.baque.com\/es\/wp-json\/wp\/v2\/media?parent=5636"}],"wp:term":[{"taxonomy":"category","embeddable":true,"href":"https:\/\/www.baque.com\/es\/wp-json\/wp\/v2\/categories?post=5636"},{"taxonomy":"post_tag","embeddable":true,"href":"https:\/\/www.baque.com\/es\/wp-json\/wp\/v2\/tags?post=5636"}],"curies":[{"name":"wp","href":"https:\/\/api.w.org\/{rel}","templated":true}]}}