
{"id":572740,"date":"2021-09-21T09:22:35","date_gmt":"2021-09-21T07:22:35","guid":{"rendered":"https:\/\/www.baque.com\/?p=572740"},"modified":"2021-09-21T10:04:33","modified_gmt":"2021-09-21T08:04:33","slug":"como-reutilizar-los-posos-del-cafe","status":"publish","type":"post","link":"https:\/\/www.baque.com\/es\/blog\/como-reutilizar-los-posos-del-cafe\/","title":{"rendered":"\u00bfC\u00f3mo reutilizar los posos del caf\u00e9?"},"content":{"rendered":"<p><strong>L_s amantes del caf\u00e9 y de la naturaleza est\u00e1n de enhorabuena ya que, adem\u00e1s de <\/strong><a href=\"https:\/\/www.baque.com\/es\/blog\/beneficios-de-tomar-una-taza-de-cafe-al-dia\/\"><strong>las propiedades beneficiosas del caf\u00e9<\/strong><\/a><strong> de las que ya os hemos hablado en algunas ocasiones, los posos, el residuo generado por el propio caf\u00e9 tiene tambi\u00e9n propiedades m\u00e1s all\u00e1 de <\/strong><a href=\"https:\/\/www.baque.com\/es\/blog\/como-leer-posos-cafe\/#:~:text=Los%20posos%20del%20fondo%20de,al%20dinero%20y%20el%20trabajo.\"><strong>la lectura del futuro<\/strong><\/a><strong> de la que, seguramente, ya habr\u00e9is o\u00eddo hablar. <\/strong><\/p>\n<p><!--more--><\/p>\n<h2><strong>\u00bfQu\u00e9 podemos hacer con los posos del caf\u00e9?<\/strong><\/h2>\n<ol>\n<li><strong>Uso como fertilizante<\/strong>: El caf\u00e9 contiene restos de nitr\u00f3geno, potasio, f\u00f3sforo entre otros micronutrientes que, a\u00f1adidos al compost o tierra en una proporci\u00f3n de no m\u00e1s del 20% pueden proporcionar una mejora de la calidad de la tierra. Pero sus propiedades no se quedan aqu\u00ed, ya que tambi\u00e9n es \u00fatil para repeler insectos y controlar las plagas. Las plantas que mejor toleran los posos del caf\u00e9 son las rosas, los ar\u00e1ndanos, azaleas, zanahorias, rododendros, hortensias, coles\u2026 Todas ellas son plantas que crecen mejor en suelos m\u00e1s \u00e1cidos.<\/li>\n<li><strong>Evitar olores en la nevera: <\/strong>Como veremos a continuaci\u00f3n, los posos de caf\u00e9 ayudan a evitar olores fuertes. Por ello puedes introducirlos en un vaso en la nevera y conservarlos para que absorban los desagradables olores.<\/li>\n<li><strong>Evitar olores en el calzado: <\/strong>Del mismo modo, los posos pueden evitar el olor en el calzado. Para ello debes poner los posos dentro de un filtro (que evitar\u00e1 las manchas en el interior del calzado) y meterlo dentro dejando actuar 24h. Tambi\u00e9n puede servir para eliminar el olor a tabaco o el mal olor de las tuber\u00edas.<\/li>\n<li><strong>Adi\u00f3s a la celulitis:<\/strong> La cafe\u00edna aparece como ingrediente activo en las cremas anticelul\u00edticas. Si mezclas los posos con aceite de coco y masajeas sobre las zonas a tratar puedes obtener resultados espectaculares\u2026 a muy poco precio.<\/li>\n<li><strong>Un exfoliante natural:<\/strong> Los posos de caf\u00e9, mezclados con frutos secos triturados o aceite de coco o de oliva pueden servir para crear un exfoliante casero completamente natural y tan efectivo como los que se compran en farmacias.<\/li>\n<li><strong>Saca brillo a tus muebles:<\/strong> La madera barnizada recobra vida y color gracias a los posos de caf\u00e9. Si pasas un trapo por el mueble con los posos fr\u00edos puedes devolver el brillo a tus muebles.<\/li>\n<li><strong>\u00a1Efectivo antipulgas!:<\/strong> Si tienes mascota, los posos del caf\u00e9 frotados sobre el pelo de tu mascota reci\u00e9n ba\u00f1ada ayudar\u00e1 a evitar las malas pulgas.<\/li>\n<li><strong>Ayuda en la limpieza.<\/strong> Los posos del caf\u00e9 te ayudar\u00e1n a dejar relucientes las zonas m\u00e1s dif\u00edciles de cazuelas y sartenes.<\/li>\n<\/ol>\n<h2><strong>La bebida m\u00e1s consumida del planeta.<\/strong><\/h2>\n<p>El caf\u00e9 se considera la bebida m\u00e1s consumida del planeta con una media de consumo de, aproximadamente, 4,5kg de caf\u00e9 per c\u00e1pita en Espa\u00f1a por persona. El 87% de la poblaci\u00f3n entre 18 y 64 a\u00f1os consume caf\u00e9 y ahora os damos la oportunidad de reutilizar este alimento. Pero si eres del grupo que a\u00fan no se ha dejado seducir por esta bebida, siempre puedes acercarte a un bar y pedir que te guarden un poco de caf\u00e9.<\/p>\n<p>&nbsp;<\/p>\n","protected":false},"excerpt":{"rendered":"<p>L_s amantes del caf\u00e9 y de la naturaleza est\u00e1n de enhorabuena ya que, adem\u00e1s de las propiedades beneficiosas del caf\u00e9 de las que ya os hemos hablado en algunas ocasiones, los posos, el residuo generado por el propio caf\u00e9 tiene tambi\u00e9n propiedades m\u00e1s all\u00e1 de la lectura del futuro de la que, seguramente, ya habr\u00e9is [&hellip;]<\/p>\n","protected":false},"author":5116,"featured_media":572782,"comment_status":"open","ping_status":"open","sticky":false,"template":"","format":"standard","meta":{"_acf_changed":false,"footnotes":""},"categories":[19,519],"tags":[538,545,520,546],"class_list":["post-572740","post","type-post","status-publish","format-standard","has-post-thumbnail","hentry","category-de-aqui","category-sostenibilidad","tag-cafe","tag-posos-del-cafe","tag-sostenibilidad","tag-utilidades"],"acf":[],"yoast_head":"<!-- This site is optimized with the Yoast SEO plugin v27.3 - https:\/\/yoast.com\/product\/yoast-seo-wordpress\/ -->\n<title>\u00bfC\u00f3mo reutilizar los posos del caf\u00e9? - Caf\u00e9s Baqu\u00e9<\/title>\n<meta name=\"description\" content=\"El residuo generado por el caf\u00e9 tiene propiedades m\u00e1s all\u00e1 de la lectura del futuro de la que, seguramente, ya habr\u00e9is o\u00eddo hablar.\" \/>\n<meta name=\"robots\" content=\"index, follow, max-snippet:-1, max-image-preview:large, max-video-preview:-1\" \/>\n<meta property=\"og:locale\" content=\"es_ES\" \/>\n<meta property=\"og:type\" content=\"article\" \/>\n<meta property=\"og:title\" content=\"\u00bfC\u00f3mo reutilizar los posos del caf\u00e9? - Caf\u00e9s Baqu\u00e9\" \/>\n<meta property=\"og:description\" content=\"El residuo generado por el caf\u00e9 tiene propiedades m\u00e1s all\u00e1 de la lectura del futuro de la que, seguramente, ya habr\u00e9is o\u00eddo hablar.\" \/>\n<meta property=\"og:url\" content=\"https:\/\/www.baque.com\/es\/blog\/como-reutilizar-los-posos-del-cafe\/\" \/>\n<meta property=\"og:site_name\" content=\"Caf\u00e9s Baqu\u00e9\" \/>\n<meta property=\"article:published_time\" content=\"2021-09-21T07:22:35+00:00\" \/>\n<meta property=\"article:modified_time\" content=\"2021-09-21T08:04:33+00:00\" \/>\n<meta property=\"og:image\" content=\"https:\/\/www.baque.com\/wp-content\/uploads\/2021\/09\/13583.jpeg\" \/>\n\t<meta property=\"og:image:width\" content=\"1000\" \/>\n\t<meta property=\"og:image:height\" content=\"665\" \/>\n\t<meta property=\"og:image:type\" content=\"image\/jpeg\" \/>\n<meta name=\"author\" content=\"Ruben Sirope\" \/>\n<meta name=\"twitter:card\" content=\"summary_large_image\" \/>\n<meta name=\"twitter:label1\" content=\"Escrito por\" \/>\n\t<meta name=\"twitter:data1\" content=\"Ruben Sirope\" \/>\n\t<meta name=\"twitter:label2\" content=\"Tiempo de lectura\" \/>\n\t<meta name=\"twitter:data2\" content=\"3 minutos\" \/>\n<script type=\"application\/ld+json\" class=\"yoast-schema-graph\">{\"@context\":\"https:\\\/\\\/schema.org\",\"@graph\":[{\"@type\":\"Article\",\"@id\":\"https:\\\/\\\/www.baque.com\\\/es\\\/blog\\\/como-reutilizar-los-posos-del-cafe\\\/#article\",\"isPartOf\":{\"@id\":\"https:\\\/\\\/www.baque.com\\\/es\\\/blog\\\/como-reutilizar-los-posos-del-cafe\\\/\"},\"author\":{\"name\":\"Ruben Sirope\",\"@id\":\"https:\\\/\\\/www.baque.com\\\/es\\\/#\\\/schema\\\/person\\\/eeebcc1a7829805bd03294e88a225b36\"},\"headline\":\"\u00bfC\u00f3mo reutilizar los posos del caf\u00e9?\",\"datePublished\":\"2021-09-21T07:22:35+00:00\",\"dateModified\":\"2021-09-21T08:04:33+00:00\",\"mainEntityOfPage\":{\"@id\":\"https:\\\/\\\/www.baque.com\\\/es\\\/blog\\\/como-reutilizar-los-posos-del-cafe\\\/\"},\"wordCount\":524,\"commentCount\":0,\"image\":{\"@id\":\"https:\\\/\\\/www.baque.com\\\/es\\\/blog\\\/como-reutilizar-los-posos-del-cafe\\\/#primaryimage\"},\"thumbnailUrl\":\"https:\\\/\\\/www.baque.com\\\/wp-content\\\/uploads\\\/2021\\\/09\\\/13583.jpeg\",\"keywords\":[\"caf\u00e9\",\"posos del caf\u00e9\",\"sostenibilidad\",\"utilidades\"],\"articleSection\":[\"De aqu\u00ed\",\"Sostenibilidad\"],\"inLanguage\":\"es\",\"potentialAction\":[{\"@type\":\"CommentAction\",\"name\":\"Comment\",\"target\":[\"https:\\\/\\\/www.baque.com\\\/es\\\/blog\\\/como-reutilizar-los-posos-del-cafe\\\/#respond\"]}]},{\"@type\":\"WebPage\",\"@id\":\"https:\\\/\\\/www.baque.com\\\/es\\\/blog\\\/como-reutilizar-los-posos-del-cafe\\\/\",\"url\":\"https:\\\/\\\/www.baque.com\\\/es\\\/blog\\\/como-reutilizar-los-posos-del-cafe\\\/\",\"name\":\"\u00bfC\u00f3mo reutilizar los posos del caf\u00e9? - Caf\u00e9s Baqu\u00e9\",\"isPartOf\":{\"@id\":\"https:\\\/\\\/www.baque.com\\\/es\\\/#website\"},\"primaryImageOfPage\":{\"@id\":\"https:\\\/\\\/www.baque.com\\\/es\\\/blog\\\/como-reutilizar-los-posos-del-cafe\\\/#primaryimage\"},\"image\":{\"@id\":\"https:\\\/\\\/www.baque.com\\\/es\\\/blog\\\/como-reutilizar-los-posos-del-cafe\\\/#primaryimage\"},\"thumbnailUrl\":\"https:\\\/\\\/www.baque.com\\\/wp-content\\\/uploads\\\/2021\\\/09\\\/13583.jpeg\",\"datePublished\":\"2021-09-21T07:22:35+00:00\",\"dateModified\":\"2021-09-21T08:04:33+00:00\",\"author\":{\"@id\":\"https:\\\/\\\/www.baque.com\\\/es\\\/#\\\/schema\\\/person\\\/eeebcc1a7829805bd03294e88a225b36\"},\"description\":\"El residuo generado por el caf\u00e9 tiene propiedades m\u00e1s all\u00e1 de la lectura del futuro de la que, seguramente, ya habr\u00e9is o\u00eddo hablar.\",\"breadcrumb\":{\"@id\":\"https:\\\/\\\/www.baque.com\\\/es\\\/blog\\\/como-reutilizar-los-posos-del-cafe\\\/#breadcrumb\"},\"inLanguage\":\"es\",\"potentialAction\":[{\"@type\":\"ReadAction\",\"target\":[\"https:\\\/\\\/www.baque.com\\\/es\\\/blog\\\/como-reutilizar-los-posos-del-cafe\\\/\"]}]},{\"@type\":\"ImageObject\",\"inLanguage\":\"es\",\"@id\":\"https:\\\/\\\/www.baque.com\\\/es\\\/blog\\\/como-reutilizar-los-posos-del-cafe\\\/#primaryimage\",\"url\":\"https:\\\/\\\/www.baque.com\\\/wp-content\\\/uploads\\\/2021\\\/09\\\/13583.jpeg\",\"contentUrl\":\"https:\\\/\\\/www.baque.com\\\/wp-content\\\/uploads\\\/2021\\\/09\\\/13583.jpeg\",\"width\":1000,\"height\":665},{\"@type\":\"BreadcrumbList\",\"@id\":\"https:\\\/\\\/www.baque.com\\\/es\\\/blog\\\/como-reutilizar-los-posos-del-cafe\\\/#breadcrumb\",\"itemListElement\":[{\"@type\":\"ListItem\",\"position\":1,\"name\":\"Portada\",\"item\":\"https:\\\/\\\/www.baque.com\\\/es\\\/\"},{\"@type\":\"ListItem\",\"position\":2,\"name\":\"\u00bfC\u00f3mo reutilizar los posos del caf\u00e9?\"}]},{\"@type\":\"WebSite\",\"@id\":\"https:\\\/\\\/www.baque.com\\\/es\\\/#website\",\"url\":\"https:\\\/\\\/www.baque.com\\\/es\\\/\",\"name\":\"Caf\u00e9s Baqu\u00e9\",\"description\":\"Somos l\u00edderes en hosteler\u00eda en Pa\u00eds Vasco y La Rioja y una de las marcas m\u00e1s reconocidas en el mercado nacional. Somos una empresa familiar en constante innovaci\u00f3n en el producto. Tostamos y distribuimos caf\u00e9 molido, en grano y c\u00e1psulas para disfrutar en casa, en el bar y en la oficina.\",\"potentialAction\":[{\"@type\":\"SearchAction\",\"target\":{\"@type\":\"EntryPoint\",\"urlTemplate\":\"https:\\\/\\\/www.baque.com\\\/es\\\/?s={search_term_string}\"},\"query-input\":{\"@type\":\"PropertyValueSpecification\",\"valueRequired\":true,\"valueName\":\"search_term_string\"}}],\"inLanguage\":\"es\"},{\"@type\":\"Person\",\"@id\":\"https:\\\/\\\/www.baque.com\\\/es\\\/#\\\/schema\\\/person\\\/eeebcc1a7829805bd03294e88a225b36\",\"name\":\"Ruben Sirope\",\"image\":{\"@type\":\"ImageObject\",\"inLanguage\":\"es\",\"@id\":\"https:\\\/\\\/secure.gravatar.com\\\/avatar\\\/dffc3f6ecfda9ed054a85500c427b0583cbccbffee91c9116649fbd61a94081e?s=96&d=mm&r=g\",\"url\":\"https:\\\/\\\/secure.gravatar.com\\\/avatar\\\/dffc3f6ecfda9ed054a85500c427b0583cbccbffee91c9116649fbd61a94081e?s=96&d=mm&r=g\",\"contentUrl\":\"https:\\\/\\\/secure.gravatar.com\\\/avatar\\\/dffc3f6ecfda9ed054a85500c427b0583cbccbffee91c9116649fbd61a94081e?s=96&d=mm&r=g\",\"caption\":\"Ruben Sirope\"}}]}<\/script>\n<!-- \/ Yoast SEO plugin. -->","yoast_head_json":{"title":"\u00bfC\u00f3mo reutilizar los posos del caf\u00e9? - Caf\u00e9s Baqu\u00e9","description":"El residuo generado por el caf\u00e9 tiene propiedades m\u00e1s all\u00e1 de la lectura del futuro de la que, seguramente, ya habr\u00e9is o\u00eddo hablar.","robots":{"index":"index","follow":"follow","max-snippet":"max-snippet:-1","max-image-preview":"max-image-preview:large","max-video-preview":"max-video-preview:-1"},"og_locale":"es_ES","og_type":"article","og_title":"\u00bfC\u00f3mo reutilizar los posos del caf\u00e9? - Caf\u00e9s Baqu\u00e9","og_description":"El residuo generado por el caf\u00e9 tiene propiedades m\u00e1s all\u00e1 de la lectura del futuro de la que, seguramente, ya habr\u00e9is o\u00eddo hablar.","og_url":"https:\/\/www.baque.com\/es\/blog\/como-reutilizar-los-posos-del-cafe\/","og_site_name":"Caf\u00e9s Baqu\u00e9","article_published_time":"2021-09-21T07:22:35+00:00","article_modified_time":"2021-09-21T08:04:33+00:00","og_image":[{"width":1000,"height":665,"url":"https:\/\/www.baque.com\/wp-content\/uploads\/2021\/09\/13583.jpeg","type":"image\/jpeg"}],"author":"Ruben Sirope","twitter_card":"summary_large_image","twitter_misc":{"Escrito por":"Ruben Sirope","Tiempo de lectura":"3 minutos"},"schema":{"@context":"https:\/\/schema.org","@graph":[{"@type":"Article","@id":"https:\/\/www.baque.com\/es\/blog\/como-reutilizar-los-posos-del-cafe\/#article","isPartOf":{"@id":"https:\/\/www.baque.com\/es\/blog\/como-reutilizar-los-posos-del-cafe\/"},"author":{"name":"Ruben Sirope","@id":"https:\/\/www.baque.com\/es\/#\/schema\/person\/eeebcc1a7829805bd03294e88a225b36"},"headline":"\u00bfC\u00f3mo reutilizar los posos del caf\u00e9?","datePublished":"2021-09-21T07:22:35+00:00","dateModified":"2021-09-21T08:04:33+00:00","mainEntityOfPage":{"@id":"https:\/\/www.baque.com\/es\/blog\/como-reutilizar-los-posos-del-cafe\/"},"wordCount":524,"commentCount":0,"image":{"@id":"https:\/\/www.baque.com\/es\/blog\/como-reutilizar-los-posos-del-cafe\/#primaryimage"},"thumbnailUrl":"https:\/\/www.baque.com\/wp-content\/uploads\/2021\/09\/13583.jpeg","keywords":["caf\u00e9","posos del caf\u00e9","sostenibilidad","utilidades"],"articleSection":["De aqu\u00ed","Sostenibilidad"],"inLanguage":"es","potentialAction":[{"@type":"CommentAction","name":"Comment","target":["https:\/\/www.baque.com\/es\/blog\/como-reutilizar-los-posos-del-cafe\/#respond"]}]},{"@type":"WebPage","@id":"https:\/\/www.baque.com\/es\/blog\/como-reutilizar-los-posos-del-cafe\/","url":"https:\/\/www.baque.com\/es\/blog\/como-reutilizar-los-posos-del-cafe\/","name":"\u00bfC\u00f3mo reutilizar los posos del caf\u00e9? - Caf\u00e9s Baqu\u00e9","isPartOf":{"@id":"https:\/\/www.baque.com\/es\/#website"},"primaryImageOfPage":{"@id":"https:\/\/www.baque.com\/es\/blog\/como-reutilizar-los-posos-del-cafe\/#primaryimage"},"image":{"@id":"https:\/\/www.baque.com\/es\/blog\/como-reutilizar-los-posos-del-cafe\/#primaryimage"},"thumbnailUrl":"https:\/\/www.baque.com\/wp-content\/uploads\/2021\/09\/13583.jpeg","datePublished":"2021-09-21T07:22:35+00:00","dateModified":"2021-09-21T08:04:33+00:00","author":{"@id":"https:\/\/www.baque.com\/es\/#\/schema\/person\/eeebcc1a7829805bd03294e88a225b36"},"description":"El residuo generado por el caf\u00e9 tiene propiedades m\u00e1s all\u00e1 de la lectura del futuro de la que, seguramente, ya habr\u00e9is o\u00eddo hablar.","breadcrumb":{"@id":"https:\/\/www.baque.com\/es\/blog\/como-reutilizar-los-posos-del-cafe\/#breadcrumb"},"inLanguage":"es","potentialAction":[{"@type":"ReadAction","target":["https:\/\/www.baque.com\/es\/blog\/como-reutilizar-los-posos-del-cafe\/"]}]},{"@type":"ImageObject","inLanguage":"es","@id":"https:\/\/www.baque.com\/es\/blog\/como-reutilizar-los-posos-del-cafe\/#primaryimage","url":"https:\/\/www.baque.com\/wp-content\/uploads\/2021\/09\/13583.jpeg","contentUrl":"https:\/\/www.baque.com\/wp-content\/uploads\/2021\/09\/13583.jpeg","width":1000,"height":665},{"@type":"BreadcrumbList","@id":"https:\/\/www.baque.com\/es\/blog\/como-reutilizar-los-posos-del-cafe\/#breadcrumb","itemListElement":[{"@type":"ListItem","position":1,"name":"Portada","item":"https:\/\/www.baque.com\/es\/"},{"@type":"ListItem","position":2,"name":"\u00bfC\u00f3mo reutilizar los posos del caf\u00e9?"}]},{"@type":"WebSite","@id":"https:\/\/www.baque.com\/es\/#website","url":"https:\/\/www.baque.com\/es\/","name":"Caf\u00e9s Baqu\u00e9","description":"Somos l\u00edderes en hosteler\u00eda en Pa\u00eds Vasco y La Rioja y una de las marcas m\u00e1s reconocidas en el mercado nacional. Somos una empresa familiar en constante innovaci\u00f3n en el producto. Tostamos y distribuimos caf\u00e9 molido, en grano y c\u00e1psulas para disfrutar en casa, en el bar y en la oficina.","potentialAction":[{"@type":"SearchAction","target":{"@type":"EntryPoint","urlTemplate":"https:\/\/www.baque.com\/es\/?s={search_term_string}"},"query-input":{"@type":"PropertyValueSpecification","valueRequired":true,"valueName":"search_term_string"}}],"inLanguage":"es"},{"@type":"Person","@id":"https:\/\/www.baque.com\/es\/#\/schema\/person\/eeebcc1a7829805bd03294e88a225b36","name":"Ruben Sirope","image":{"@type":"ImageObject","inLanguage":"es","@id":"https:\/\/secure.gravatar.com\/avatar\/dffc3f6ecfda9ed054a85500c427b0583cbccbffee91c9116649fbd61a94081e?s=96&d=mm&r=g","url":"https:\/\/secure.gravatar.com\/avatar\/dffc3f6ecfda9ed054a85500c427b0583cbccbffee91c9116649fbd61a94081e?s=96&d=mm&r=g","contentUrl":"https:\/\/secure.gravatar.com\/avatar\/dffc3f6ecfda9ed054a85500c427b0583cbccbffee91c9116649fbd61a94081e?s=96&d=mm&r=g","caption":"Ruben Sirope"}}]}},"_links":{"self":[{"href":"https:\/\/www.baque.com\/es\/wp-json\/wp\/v2\/posts\/572740","targetHints":{"allow":["GET"]}}],"collection":[{"href":"https:\/\/www.baque.com\/es\/wp-json\/wp\/v2\/posts"}],"about":[{"href":"https:\/\/www.baque.com\/es\/wp-json\/wp\/v2\/types\/post"}],"author":[{"embeddable":true,"href":"https:\/\/www.baque.com\/es\/wp-json\/wp\/v2\/users\/5116"}],"replies":[{"embeddable":true,"href":"https:\/\/www.baque.com\/es\/wp-json\/wp\/v2\/comments?post=572740"}],"version-history":[{"count":2,"href":"https:\/\/www.baque.com\/es\/wp-json\/wp\/v2\/posts\/572740\/revisions"}],"predecessor-version":[{"id":572757,"href":"https:\/\/www.baque.com\/es\/wp-json\/wp\/v2\/posts\/572740\/revisions\/572757"}],"wp:featuredmedia":[{"embeddable":true,"href":"https:\/\/www.baque.com\/es\/wp-json\/wp\/v2\/media\/572782"}],"wp:attachment":[{"href":"https:\/\/www.baque.com\/es\/wp-json\/wp\/v2\/media?parent=572740"}],"wp:term":[{"taxonomy":"category","embeddable":true,"href":"https:\/\/www.baque.com\/es\/wp-json\/wp\/v2\/categories?post=572740"},{"taxonomy":"post_tag","embeddable":true,"href":"https:\/\/www.baque.com\/es\/wp-json\/wp\/v2\/tags?post=572740"}],"curies":[{"name":"wp","href":"https:\/\/api.w.org\/{rel}","templated":true}]}}