
{"id":634,"date":"2017-04-10T10:13:46","date_gmt":"2017-04-10T08:13:46","guid":{"rendered":"http:\/\/blog.baque.com\/?p=634"},"modified":"2018-03-20T15:56:02","modified_gmt":"2018-03-20T15:56:02","slug":"ciclismo-baque-bh-team-2017","status":"publish","type":"post","link":"https:\/\/www.baque.com\/es\/blog\/ciclismo-baque-bh-team-2017\/","title":{"rendered":"Baqu\u00e9 BH Team: el ciclismo de cantera a la b\u00fasqueda del 40 aniversario"},"content":{"rendered":"<p class='entradilla'>El Caf\u00e9s Baqu\u00e9 \u2013 BH cumple su 39\u00aa temporada en la \u00e9lite del ciclismo del Estado espa\u00f1ol con un equipo renovado, de nuevo, \u00fanicamente de corredores Sub 23.<\/p>\n<p>El a\u00f1o que viene se cumplir\u00e1n <strong>40 a\u00f1os de la presencia ininterrumpida de Baqu\u00e9 en el pelot\u00f3n<\/strong>, ahora asociada como copatrocinador de BH, otra <strong>marca hist\u00f3rica en el mundo del ciclismo<\/strong>, con victorias en las carreras m\u00e1s grandes del mundo.<\/p>\n<p>Bajo la responsabilidad de la Sociedad Elkar Kirolak y del m\u00e1nager general, Javier Garc\u00eda, el <strong>Baqu\u00e9 \u2013 BH Team<\/strong> cuenta como director deportivo, por tercer a\u00f1o consecutivo, con un excorredor que ha pasado por todas las categor\u00edas de Elkar, desde escuelas hasta Sub23, Alex Garc\u00eda Celaya.<\/p>\n<p>Alex estar\u00e1 acompa\u00f1ado puntualmente en la direcci\u00f3n por otros dos exprofesionales de gran prestigio muy vinculados siempre a Baqu\u00e9 y a Elkar Kirolak: <strong>Marino Lejarreta y Rub\u00e9n Gorospe<\/strong>. El responsable de la biomec\u00e1nica es nuevamente David Herrero, otro exprofesional que aporta su experiencia al trabajo del conjunto.<\/p>\n<h2>Plantilla 2017 Baqu\u00e9 BH Team<\/h2>\n<p>El <a href=\"http:\/\/blog.baque.com\/equipo-ciclista-baque-bh-team\/\">Baqu\u00e9 &#8211; BH Team<\/a>, el equipo Sub23 de la sociedad ciclista de Berango, Erandio y Leioa, Elkar Kirolak, que cuenta con <strong>equipos desde la categor\u00eda de Escuelas hasta Aficionados<\/strong>, tiene 16 corredores en la temporada 2017 en la que cubre un amplio calendario internacional, adem\u00e1s, de la Copa de Espa\u00f1a, los <a href=\"http:\/\/blog.baque.com\/baque-bh-team-comienza-39-temporada-ciclismo\/\">Torneos Euskaldun<\/a> y Lehendakari y un buen n\u00famero de Vueltas en todo el Estado.<\/p>\n<p>Contin\u00faan 8 corredores:<\/p>\n<ul>\n<li>Txomin Juaristi 20\/07\/1995 Markina (Bizkaia)<\/li>\n<li>Diego P\u00e9rez 17\/12\/1996 Bilbao (Bizkaia)<\/li>\n<li>Oskar Urkiola 10\/11\/1995 Leioa (Bizkaia)<\/li>\n<li>Iker Elortegi 7\/10\/1997 Gatika (Bizkaia)<\/li>\n<li>\u00c1ngel Fuentes 5\/11\/96 Burgos<\/li>\n<li>Marcos Gonz\u00e1lez 10\/12\/1996 Le\u00f3n<\/li>\n<li>Ismael Pascua 19\/03\/1997 Alcorisa (Teruel)<\/li>\n<li>Carlos Ariel Samudio 05\/10\/1997. David \u2013 Chiriqu\u00ed (Panam\u00e1)<\/li>\n<\/ul>\n<p>8 son reci\u00e9n llegados en 2017:<\/p>\n<ul>\n<li>Pablo Salido 06\/10\/1995. \u00dabeda (Ja\u00e9n)<\/li>\n<li>Jos\u00e9 Luciano Mart\u00ednez 10\/03\/1997. C\u00f3rdoba (Argentina)<\/li>\n<li>Xavier Pastall\u00e9 17\/03\/1995. Vilanova i la Geltr\u00fa (Barcelona)<\/li>\n<li>Luis Miguel M\u00e1rquez 21\/05\/1998. Marbella (M\u00e1laga)<\/li>\n<li>Yerai Valdivia 05\/08\/1996. Vitoria.Gasteiz (Araba)<\/li>\n<li>Maurizio Graziani 06\/08\/1996. San Juan (Argentina)<\/li>\n<li>Javier Gil 16\/09\/1996. Orihuela (Alicante)<\/li>\n<li>Aitor Altuna Ir\u00fan 22\/08\/1998 (Gipuzkoa)<\/li>\n<\/ul>\n<p>Directores:<\/p>\n<p>Alex Garc\u00eda Celaya, Marino Lejarreta y Rub\u00e9n Gorospe.<\/p>\n<p><img loading=\"lazy\" decoding=\"async\" class=\"size-full wp-image-648\" src=\"http:\/\/www.baque.com\/wp-content\/uploads\/2017\/04\/BAQUE\u0301-4.jpg\" alt=\"\" width=\"533\" height=\"800\" \/><\/p>\n<p>Aqu\u00ed puedes ver algunas <strong>im\u00e1genes de la presentaci\u00f3n del equipo el pasado 10 de abril en Durango<\/strong>.<\/p>\n<p><img loading=\"lazy\" decoding=\"async\" class=\"size-full wp-image-651\" src=\"http:\/\/www.baque.com\/wp-content\/uploads\/2017\/04\/BAQUE\u0301-13.jpg\" alt=\"\" width=\"800\" height=\"461\" \/><\/p>\n<p><img loading=\"lazy\" decoding=\"async\" class=\"size-full wp-image-647\" src=\"http:\/\/www.baque.com\/wp-content\/uploads\/2017\/04\/BAQUE\u0301-15.jpg\" alt=\"\" width=\"800\" height=\"530\" \/><\/p>\n<p><img loading=\"lazy\" decoding=\"async\" class=\"size-full wp-image-649\" src=\"http:\/\/www.baque.com\/wp-content\/uploads\/2017\/04\/BAQUE\u0301-6.jpg\" alt=\"\" width=\"800\" height=\"585\" \/><\/p>\n<p>Fotograf\u00edas:\u00a0Txetxu Berruezo Z\u00e1rate<\/p>\n<h3>El Caf\u00e9s Baqu\u00e9 \u2013 BH, de nuevo, en el panorama internacional<\/h3>\n<p>El Caf\u00e9s Baqu\u00e9 \u2013 BH volver\u00e1 a ofrecer a sus corredores experiencia internacional y, como ya hiciera los tres \u00faltimos a\u00f1os, va a completar un generoso programa internacional que incluye carreras en varios pa\u00edses de a Uni\u00f3n Europea, adem\u00e1s de la Copa de Espa\u00f1a, las pruebas de los Torneos Lehendakari y Euskaldun, y varias Vueltas por etapas en todo el Estado.<\/p>\n<p>La <strong>Volta a Portugal do Futuro<\/strong>, que se disputa en julio, en la que el <strong>Baqu\u00e9-BH Team ha tenido excelentes actuaciones los \u00faltimos a\u00f1os<\/strong>, con victorias en etapas y en la general, ser\u00e1 la estrella nuevamente en un calendario que cuenta con pruebas en Francia e Italia.<\/p>\n<h3>Habla el director: \u201cTodos los a\u00f1os nos reinventamos\u201d<\/h3>\n<p>Alex Garc\u00eda Celaya, primer director del equipo Baqu\u00e9 \u2013 BH, habla de su equipo: \u201cEstoy muy ilusionado con este nuevo equipo. Todos los a\u00f1os tenemos que reinventarnos, y ya son casi cuarenta, porque nuestra filosof\u00eda actual es la de correr con Sub23 y eso hace que haya corredores que, siendo como nuestra familia, tienen que dejarnos para seguir su carrera en otro lugar\u201d.<\/p>\n<p>Garc\u00eda define as\u00ed a su equipo 2017: \u201c<strong>Se complementan muy bien entre ellos, es un equipo joven ya que todos son sub23 y tienen margen de mejora y poco a poco se ve que pueden hacer grandes cosas juntos<\/strong>. Eso da motivaci\u00f3n a todos para hacerlo lo mejor posible. Yo, en lo personal, estoy muy contento con el grupo por c\u00f3mo est\u00e1n corriendo y por la forma de ser que tienen ya que se ve mucha complicidad y espero que pronto llegue la victoria para que salga a relucir todo el trabajo que hemos realizado\u201d.<\/p>\n<p>La Vuelta a Bidasoa es un punto interesante para el inter\u00e9s del equipo: \u201cNuestro pr\u00f3ximo objetivo a corto plazo es <strong>Bidasoa<\/strong> \u2013 afirma Alex Garc\u00eda &#8211; ya que es <strong>una vuelta muy atractiva y de gran prestigio y de donde tenemos muy buenos recuerdos<\/strong>. Nos gustar\u00eda tener un gran protagonismo, tanto en las fugas como en la general ya que es un buen escaparate a nivel nacional e internacional. Nosotros intentamos formar a los corredores en todos los \u00e1mbitos y para eso hay que competir al m\u00e1ximo nivel que se pueda\u201d.<\/p>\n<p><iframe loading=\"lazy\" width=\"750\" height=\"450\" src=\"https:\/\/www.youtube.com\/embed\/L8MljmcsLGU\" frameborder=\"0\" allow=\"autoplay; encrypted-media\" allowfullscreen><\/iframe><\/p>\n<p>&nbsp;<\/p>\n","protected":false},"excerpt":{"rendered":"<p>El Caf\u00e9s Baqu\u00e9 \u2013 BH cumple su 39\u00aa temporada en la \u00e9lite del ciclismo del Estado espa\u00f1ol con un equipo renovado, de nuevo, \u00fanicamente de corredores Sub 23.<\/p>\n","protected":false},"author":1,"featured_media":2366,"comment_status":"open","ping_status":"open","sticky":false,"template":"","format":"standard","meta":{"_acf_changed":false,"footnotes":""},"categories":[40],"tags":[41,42],"class_list":["post-634","post","type-post","status-publish","format-standard","has-post-thumbnail","hentry","category-apoyamos-el-deporte","tag-cantera-ciclismo","tag-equipo-ciclista"],"acf":[],"yoast_head":"<!-- This site is optimized with the Yoast SEO plugin v27.3 - https:\/\/yoast.com\/product\/yoast-seo-wordpress\/ -->\n<title>Baqu\u00e9 BH Team: el ciclismo de cantera a la b\u00fasqueda del 40 aniversario<\/title>\n<meta name=\"description\" content=\"El equipo ciclista Baqu\u00e9 - BH Team se presenta en este 2017 con gran ambici\u00f3n y cargado de energ\u00eda para dar lo mejor de si mismo en esta 40 temporada.\" \/>\n<meta name=\"robots\" content=\"index, follow, max-snippet:-1, max-image-preview:large, max-video-preview:-1\" \/>\n<meta property=\"og:locale\" content=\"es_ES\" \/>\n<meta property=\"og:type\" content=\"article\" \/>\n<meta property=\"og:title\" content=\"Baqu\u00e9 BH Team: el ciclismo de cantera a la b\u00fasqueda del 40 aniversario\" \/>\n<meta property=\"og:description\" content=\"El equipo ciclista Baqu\u00e9 - BH Team se presenta en este 2017 con gran ambici\u00f3n y cargado de energ\u00eda para dar lo mejor de si mismo en esta 40 temporada.\" \/>\n<meta property=\"og:url\" content=\"https:\/\/www.baque.com\/es\/blog\/ciclismo-baque-bh-team-2017\/\" \/>\n<meta property=\"og:site_name\" content=\"Caf\u00e9s Baqu\u00e9\" \/>\n<meta property=\"article:published_time\" content=\"2017-04-10T08:13:46+00:00\" \/>\n<meta property=\"article:modified_time\" content=\"2018-03-20T15:56:02+00:00\" \/>\n<meta property=\"og:image\" content=\"https:\/\/www.baque.com\/wp-content\/uploads\/2017\/04\/baque-bh-team-2017.jpg\" \/>\n\t<meta property=\"og:image:width\" content=\"1300\" \/>\n\t<meta property=\"og:image:height\" content=\"655\" \/>\n\t<meta property=\"og:image:type\" content=\"image\/jpeg\" \/>\n<meta name=\"author\" content=\"baque\" \/>\n<meta name=\"twitter:card\" content=\"summary_large_image\" \/>\n<meta name=\"twitter:label1\" content=\"Escrito por\" \/>\n\t<meta name=\"twitter:data1\" content=\"baque\" \/>\n\t<meta name=\"twitter:label2\" content=\"Tiempo de lectura\" \/>\n\t<meta name=\"twitter:data2\" content=\"4 minutos\" \/>\n<script type=\"application\/ld+json\" class=\"yoast-schema-graph\">{\"@context\":\"https:\\\/\\\/schema.org\",\"@graph\":[{\"@type\":\"Article\",\"@id\":\"https:\\\/\\\/www.baque.com\\\/es\\\/blog\\\/ciclismo-baque-bh-team-2017\\\/#article\",\"isPartOf\":{\"@id\":\"https:\\\/\\\/www.baque.com\\\/es\\\/blog\\\/ciclismo-baque-bh-team-2017\\\/\"},\"author\":{\"name\":\"baque\",\"@id\":\"https:\\\/\\\/www.baque.com\\\/es\\\/#\\\/schema\\\/person\\\/32c8c583e6573818274e39ba0178ea0c\"},\"headline\":\"Baqu\u00e9 BH Team: el ciclismo de cantera a la b\u00fasqueda del 40 aniversario\",\"datePublished\":\"2017-04-10T08:13:46+00:00\",\"dateModified\":\"2018-03-20T15:56:02+00:00\",\"mainEntityOfPage\":{\"@id\":\"https:\\\/\\\/www.baque.com\\\/es\\\/blog\\\/ciclismo-baque-bh-team-2017\\\/\"},\"wordCount\":777,\"commentCount\":0,\"image\":{\"@id\":\"https:\\\/\\\/www.baque.com\\\/es\\\/blog\\\/ciclismo-baque-bh-team-2017\\\/#primaryimage\"},\"thumbnailUrl\":\"https:\\\/\\\/www.baque.com\\\/wp-content\\\/uploads\\\/2017\\\/04\\\/baque-bh-team-2017.jpg\",\"keywords\":[\"cantera ciclismo\",\"equipo ciclista\"],\"articleSection\":[\"Apoyamos el deporte\"],\"inLanguage\":\"es\",\"potentialAction\":[{\"@type\":\"CommentAction\",\"name\":\"Comment\",\"target\":[\"https:\\\/\\\/www.baque.com\\\/es\\\/blog\\\/ciclismo-baque-bh-team-2017\\\/#respond\"]}]},{\"@type\":\"WebPage\",\"@id\":\"https:\\\/\\\/www.baque.com\\\/es\\\/blog\\\/ciclismo-baque-bh-team-2017\\\/\",\"url\":\"https:\\\/\\\/www.baque.com\\\/es\\\/blog\\\/ciclismo-baque-bh-team-2017\\\/\",\"name\":\"Baqu\u00e9 BH Team: el ciclismo de cantera a la b\u00fasqueda del 40 aniversario\",\"isPartOf\":{\"@id\":\"https:\\\/\\\/www.baque.com\\\/es\\\/#website\"},\"primaryImageOfPage\":{\"@id\":\"https:\\\/\\\/www.baque.com\\\/es\\\/blog\\\/ciclismo-baque-bh-team-2017\\\/#primaryimage\"},\"image\":{\"@id\":\"https:\\\/\\\/www.baque.com\\\/es\\\/blog\\\/ciclismo-baque-bh-team-2017\\\/#primaryimage\"},\"thumbnailUrl\":\"https:\\\/\\\/www.baque.com\\\/wp-content\\\/uploads\\\/2017\\\/04\\\/baque-bh-team-2017.jpg\",\"datePublished\":\"2017-04-10T08:13:46+00:00\",\"dateModified\":\"2018-03-20T15:56:02+00:00\",\"author\":{\"@id\":\"https:\\\/\\\/www.baque.com\\\/es\\\/#\\\/schema\\\/person\\\/32c8c583e6573818274e39ba0178ea0c\"},\"description\":\"El equipo ciclista Baqu\u00e9 - BH Team se presenta en este 2017 con gran ambici\u00f3n y cargado de energ\u00eda para dar lo mejor de si mismo en esta 40 temporada.\",\"breadcrumb\":{\"@id\":\"https:\\\/\\\/www.baque.com\\\/es\\\/blog\\\/ciclismo-baque-bh-team-2017\\\/#breadcrumb\"},\"inLanguage\":\"es\",\"potentialAction\":[{\"@type\":\"ReadAction\",\"target\":[\"https:\\\/\\\/www.baque.com\\\/es\\\/blog\\\/ciclismo-baque-bh-team-2017\\\/\"]}]},{\"@type\":\"ImageObject\",\"inLanguage\":\"es\",\"@id\":\"https:\\\/\\\/www.baque.com\\\/es\\\/blog\\\/ciclismo-baque-bh-team-2017\\\/#primaryimage\",\"url\":\"https:\\\/\\\/www.baque.com\\\/wp-content\\\/uploads\\\/2017\\\/04\\\/baque-bh-team-2017.jpg\",\"contentUrl\":\"https:\\\/\\\/www.baque.com\\\/wp-content\\\/uploads\\\/2017\\\/04\\\/baque-bh-team-2017.jpg\",\"width\":1300,\"height\":655,\"caption\":\"baque bh team 2017\"},{\"@type\":\"BreadcrumbList\",\"@id\":\"https:\\\/\\\/www.baque.com\\\/es\\\/blog\\\/ciclismo-baque-bh-team-2017\\\/#breadcrumb\",\"itemListElement\":[{\"@type\":\"ListItem\",\"position\":1,\"name\":\"Portada\",\"item\":\"https:\\\/\\\/www.baque.com\\\/es\\\/\"},{\"@type\":\"ListItem\",\"position\":2,\"name\":\"Baqu\u00e9 BH Team: el ciclismo de cantera a la b\u00fasqueda del 40 aniversario\"}]},{\"@type\":\"WebSite\",\"@id\":\"https:\\\/\\\/www.baque.com\\\/es\\\/#website\",\"url\":\"https:\\\/\\\/www.baque.com\\\/es\\\/\",\"name\":\"Caf\u00e9s Baqu\u00e9\",\"description\":\"Somos l\u00edderes en hosteler\u00eda en Pa\u00eds Vasco y La Rioja y una de las marcas m\u00e1s reconocidas en el mercado nacional. Somos una empresa familiar en constante innovaci\u00f3n en el producto. Tostamos y distribuimos caf\u00e9 molido, en grano y c\u00e1psulas para disfrutar en casa, en el bar y en la oficina.\",\"potentialAction\":[{\"@type\":\"SearchAction\",\"target\":{\"@type\":\"EntryPoint\",\"urlTemplate\":\"https:\\\/\\\/www.baque.com\\\/es\\\/?s={search_term_string}\"},\"query-input\":{\"@type\":\"PropertyValueSpecification\",\"valueRequired\":true,\"valueName\":\"search_term_string\"}}],\"inLanguage\":\"es\"},{\"@type\":\"Person\",\"@id\":\"https:\\\/\\\/www.baque.com\\\/es\\\/#\\\/schema\\\/person\\\/32c8c583e6573818274e39ba0178ea0c\",\"name\":\"baque\",\"image\":{\"@type\":\"ImageObject\",\"inLanguage\":\"es\",\"@id\":\"https:\\\/\\\/secure.gravatar.com\\\/avatar\\\/e662fd223ca8a44ab1e60e541b95b68e1a42729b8396361e1232af01ddb23e51?s=96&d=mm&r=g\",\"url\":\"https:\\\/\\\/secure.gravatar.com\\\/avatar\\\/e662fd223ca8a44ab1e60e541b95b68e1a42729b8396361e1232af01ddb23e51?s=96&d=mm&r=g\",\"contentUrl\":\"https:\\\/\\\/secure.gravatar.com\\\/avatar\\\/e662fd223ca8a44ab1e60e541b95b68e1a42729b8396361e1232af01ddb23e51?s=96&d=mm&r=g\",\"caption\":\"baque\"}}]}<\/script>\n<!-- \/ Yoast SEO plugin. -->","yoast_head_json":{"title":"Baqu\u00e9 BH Team: el ciclismo de cantera a la b\u00fasqueda del 40 aniversario","description":"El equipo ciclista Baqu\u00e9 - BH Team se presenta en este 2017 con gran ambici\u00f3n y cargado de energ\u00eda para dar lo mejor de si mismo en esta 40 temporada.","robots":{"index":"index","follow":"follow","max-snippet":"max-snippet:-1","max-image-preview":"max-image-preview:large","max-video-preview":"max-video-preview:-1"},"og_locale":"es_ES","og_type":"article","og_title":"Baqu\u00e9 BH Team: el ciclismo de cantera a la b\u00fasqueda del 40 aniversario","og_description":"El equipo ciclista Baqu\u00e9 - BH Team se presenta en este 2017 con gran ambici\u00f3n y cargado de energ\u00eda para dar lo mejor de si mismo en esta 40 temporada.","og_url":"https:\/\/www.baque.com\/es\/blog\/ciclismo-baque-bh-team-2017\/","og_site_name":"Caf\u00e9s Baqu\u00e9","article_published_time":"2017-04-10T08:13:46+00:00","article_modified_time":"2018-03-20T15:56:02+00:00","og_image":[{"width":1300,"height":655,"url":"https:\/\/www.baque.com\/wp-content\/uploads\/2017\/04\/baque-bh-team-2017.jpg","type":"image\/jpeg"}],"author":"baque","twitter_card":"summary_large_image","twitter_misc":{"Escrito por":"baque","Tiempo de lectura":"4 minutos"},"schema":{"@context":"https:\/\/schema.org","@graph":[{"@type":"Article","@id":"https:\/\/www.baque.com\/es\/blog\/ciclismo-baque-bh-team-2017\/#article","isPartOf":{"@id":"https:\/\/www.baque.com\/es\/blog\/ciclismo-baque-bh-team-2017\/"},"author":{"name":"baque","@id":"https:\/\/www.baque.com\/es\/#\/schema\/person\/32c8c583e6573818274e39ba0178ea0c"},"headline":"Baqu\u00e9 BH Team: el ciclismo de cantera a la b\u00fasqueda del 40 aniversario","datePublished":"2017-04-10T08:13:46+00:00","dateModified":"2018-03-20T15:56:02+00:00","mainEntityOfPage":{"@id":"https:\/\/www.baque.com\/es\/blog\/ciclismo-baque-bh-team-2017\/"},"wordCount":777,"commentCount":0,"image":{"@id":"https:\/\/www.baque.com\/es\/blog\/ciclismo-baque-bh-team-2017\/#primaryimage"},"thumbnailUrl":"https:\/\/www.baque.com\/wp-content\/uploads\/2017\/04\/baque-bh-team-2017.jpg","keywords":["cantera ciclismo","equipo ciclista"],"articleSection":["Apoyamos el deporte"],"inLanguage":"es","potentialAction":[{"@type":"CommentAction","name":"Comment","target":["https:\/\/www.baque.com\/es\/blog\/ciclismo-baque-bh-team-2017\/#respond"]}]},{"@type":"WebPage","@id":"https:\/\/www.baque.com\/es\/blog\/ciclismo-baque-bh-team-2017\/","url":"https:\/\/www.baque.com\/es\/blog\/ciclismo-baque-bh-team-2017\/","name":"Baqu\u00e9 BH Team: el ciclismo de cantera a la b\u00fasqueda del 40 aniversario","isPartOf":{"@id":"https:\/\/www.baque.com\/es\/#website"},"primaryImageOfPage":{"@id":"https:\/\/www.baque.com\/es\/blog\/ciclismo-baque-bh-team-2017\/#primaryimage"},"image":{"@id":"https:\/\/www.baque.com\/es\/blog\/ciclismo-baque-bh-team-2017\/#primaryimage"},"thumbnailUrl":"https:\/\/www.baque.com\/wp-content\/uploads\/2017\/04\/baque-bh-team-2017.jpg","datePublished":"2017-04-10T08:13:46+00:00","dateModified":"2018-03-20T15:56:02+00:00","author":{"@id":"https:\/\/www.baque.com\/es\/#\/schema\/person\/32c8c583e6573818274e39ba0178ea0c"},"description":"El equipo ciclista Baqu\u00e9 - BH Team se presenta en este 2017 con gran ambici\u00f3n y cargado de energ\u00eda para dar lo mejor de si mismo en esta 40 temporada.","breadcrumb":{"@id":"https:\/\/www.baque.com\/es\/blog\/ciclismo-baque-bh-team-2017\/#breadcrumb"},"inLanguage":"es","potentialAction":[{"@type":"ReadAction","target":["https:\/\/www.baque.com\/es\/blog\/ciclismo-baque-bh-team-2017\/"]}]},{"@type":"ImageObject","inLanguage":"es","@id":"https:\/\/www.baque.com\/es\/blog\/ciclismo-baque-bh-team-2017\/#primaryimage","url":"https:\/\/www.baque.com\/wp-content\/uploads\/2017\/04\/baque-bh-team-2017.jpg","contentUrl":"https:\/\/www.baque.com\/wp-content\/uploads\/2017\/04\/baque-bh-team-2017.jpg","width":1300,"height":655,"caption":"baque bh team 2017"},{"@type":"BreadcrumbList","@id":"https:\/\/www.baque.com\/es\/blog\/ciclismo-baque-bh-team-2017\/#breadcrumb","itemListElement":[{"@type":"ListItem","position":1,"name":"Portada","item":"https:\/\/www.baque.com\/es\/"},{"@type":"ListItem","position":2,"name":"Baqu\u00e9 BH Team: el ciclismo de cantera a la b\u00fasqueda del 40 aniversario"}]},{"@type":"WebSite","@id":"https:\/\/www.baque.com\/es\/#website","url":"https:\/\/www.baque.com\/es\/","name":"Caf\u00e9s Baqu\u00e9","description":"Somos l\u00edderes en hosteler\u00eda en Pa\u00eds Vasco y La Rioja y una de las marcas m\u00e1s reconocidas en el mercado nacional. Somos una empresa familiar en constante innovaci\u00f3n en el producto. Tostamos y distribuimos caf\u00e9 molido, en grano y c\u00e1psulas para disfrutar en casa, en el bar y en la oficina.","potentialAction":[{"@type":"SearchAction","target":{"@type":"EntryPoint","urlTemplate":"https:\/\/www.baque.com\/es\/?s={search_term_string}"},"query-input":{"@type":"PropertyValueSpecification","valueRequired":true,"valueName":"search_term_string"}}],"inLanguage":"es"},{"@type":"Person","@id":"https:\/\/www.baque.com\/es\/#\/schema\/person\/32c8c583e6573818274e39ba0178ea0c","name":"baque","image":{"@type":"ImageObject","inLanguage":"es","@id":"https:\/\/secure.gravatar.com\/avatar\/e662fd223ca8a44ab1e60e541b95b68e1a42729b8396361e1232af01ddb23e51?s=96&d=mm&r=g","url":"https:\/\/secure.gravatar.com\/avatar\/e662fd223ca8a44ab1e60e541b95b68e1a42729b8396361e1232af01ddb23e51?s=96&d=mm&r=g","contentUrl":"https:\/\/secure.gravatar.com\/avatar\/e662fd223ca8a44ab1e60e541b95b68e1a42729b8396361e1232af01ddb23e51?s=96&d=mm&r=g","caption":"baque"}}]}},"_links":{"self":[{"href":"https:\/\/www.baque.com\/es\/wp-json\/wp\/v2\/posts\/634","targetHints":{"allow":["GET"]}}],"collection":[{"href":"https:\/\/www.baque.com\/es\/wp-json\/wp\/v2\/posts"}],"about":[{"href":"https:\/\/www.baque.com\/es\/wp-json\/wp\/v2\/types\/post"}],"author":[{"embeddable":true,"href":"https:\/\/www.baque.com\/es\/wp-json\/wp\/v2\/users\/1"}],"replies":[{"embeddable":true,"href":"https:\/\/www.baque.com\/es\/wp-json\/wp\/v2\/comments?post=634"}],"version-history":[{"count":0,"href":"https:\/\/www.baque.com\/es\/wp-json\/wp\/v2\/posts\/634\/revisions"}],"wp:featuredmedia":[{"embeddable":true,"href":"https:\/\/www.baque.com\/es\/wp-json\/wp\/v2\/media\/2366"}],"wp:attachment":[{"href":"https:\/\/www.baque.com\/es\/wp-json\/wp\/v2\/media?parent=634"}],"wp:term":[{"taxonomy":"category","embeddable":true,"href":"https:\/\/www.baque.com\/es\/wp-json\/wp\/v2\/categories?post=634"},{"taxonomy":"post_tag","embeddable":true,"href":"https:\/\/www.baque.com\/es\/wp-json\/wp\/v2\/tags?post=634"}],"curies":[{"name":"wp","href":"https:\/\/api.w.org\/{rel}","templated":true}]}}