
{"id":6554,"date":"2019-03-26T08:07:56","date_gmt":"2019-03-26T06:07:56","guid":{"rendered":"https:\/\/www.baque.com\/?p=6554"},"modified":"2019-04-03T09:37:05","modified_gmt":"2019-04-03T07:37:05","slug":"propiedades-manzanilla","status":"publish","type":"post","link":"https:\/\/www.baque.com\/es\/blog\/propiedades-manzanilla\/","title":{"rendered":"Cu\u00e1les son las propiedades de la manzanilla y por qu\u00e9 debes consumirla"},"content":{"rendered":"\n<p class='entradilla'> Hay ciertas infusiones que todos conocemos, como la manzanilla. Pero, \u00bfcu\u00e1les son exactamente sus propiedades y por qu\u00e9 debemos consumirla? En este art\u00edculo desentra\u00f1amos todo lo que necesitas saber sobre esta conocida hierba con fines terap\u00e9uticos.<\/p>\n\n\n\n<p>Aunque el uso de esta planta se encuentra relacionado principalmente con la digesti\u00f3n, lo cierto es que <strong>las propiedades de la manzanilla son muchas<\/strong> y existen m\u00e1s razones para consumirla. A continuaci\u00f3n te contamos por qu\u00e9 tomarla y c\u00f3mo contribuye positivamente a tu salud.<\/p>\n\n\n\n<h2 class=\"wp-block-heading\">8 propiedades de la manzanilla que te interesa conocer<\/h2>\n\n\n\n<p>La manzanilla, tambi\u00e9n conocida como camomila, es un remedio para muchas dolencias, de hecho <strong>ya se consum\u00eda hace m\u00e1s de 3000 a\u00f1os en  el Antiguo Egipto<\/strong>.  En el Imperio Romano y en la Edad Media tambi\u00e9n se utilizaba como remedio medicinal. Hasta llegar a nuestros d\u00edas como<strong> <a href=\"https:\/\/www.baque.com\/es\/blog\/infusiones-mejorar-digestion\/\">infusi\u00f3n para el dolor de est\u00f3mago<\/a><\/strong> y la ansiedad. Estas son sus principales propiedades.<\/p>\n\n\n\n<ul class=\"wp-block-list\"><li><strong>Es relajante<\/strong>. Al aumentar los niveles de serotonina y melatonina ayuda a reducir la ansiedad y el estr\u00e9s. Sin embargo, tiene contraindicaciones durante el embarazo.<\/li><li><strong>Antiinflamatoria<\/strong>, por eso se recomienda su uso si se sufre pesadez de est\u00f3mago o si se ha comido en abundancia. Ayuda a reducir los gases, los dolores de la menstruaci\u00f3n y tambi\u00e9n se usa si se tienen los ojos irritados o se sufren eccemas.<\/li><li>Tiene compuestos fen\u00f3licos, que <strong>ayudan al sistema inmunitario<\/strong> a combatir infecciones bacterianas.<\/li><li>Fortifica el bulbo piloso ayudando a <strong><a rel=\"noreferrer noopener\" aria-label=\"fortalecer el cabello (abre en una nueva pesta\u00f1a)\" href=\"https:\/\/okdiario.com\/howto\/como-fortalecer-cabello-remedios-naturales-2434058\" target=\"_blank\">fortalecer el cabello<\/a><\/strong>. Tambi\u00e9n ayuda a eliminar la caspa y provoca que el pelo est\u00e9 m\u00e1s brillante; es un remedio natural para aclararlo sin da\u00f1arlo.<\/li><li><strong>Puede ayudar a controlar el \u00edndice gluc\u00e9mico<\/strong>, por eso se suele recomendar su consumo a personas que padecen diabetes o enfermedades metab\u00f3licas.<\/li><li>Estimula la descomposici\u00f3n de l\u00edpidos, de ah\u00ed que pueda contribuir a <strong>reducir el \u00edndice de colesterol.<\/strong><\/li><li>Puede ser un buen <strong><a rel=\"noreferrer noopener\" aria-label=\"m\u00e9todo exfoliante para la piel (abre en una nueva pesta\u00f1a)\" href=\"https:\/\/mejorconsalud.com\/los-6-mejores-metodos-exfoliar-la-piel-forma-natural\/\" target=\"_blank\">m\u00e9todo exfoliante para la piel<\/a><\/strong>, adem\u00e1s la deja suave y tersa. Reduce las <strong>manchas en la piel<\/strong>.<\/li><li>Tiene efectos <strong>refrescantes sobre los ojos<\/strong>, por eso suele recomendarse su uso cuando uno tiene <strong><a rel=\"noreferrer noopener\" aria-label=\"conjuntivitis (abre en una nueva pesta\u00f1a)\" href=\"https:\/\/www.infosalus.com\/salud-investigacion\/noticia-conjuntivitis-cura-sola-20180621084941.html\" target=\"_blank\">conjuntivitis<\/a><\/strong>. <\/li><\/ul>\n\n\n\n<p>Como ves, la manzanilla es una alternativa natural perfecta para tratar diferentes dolencias. Solamente el hecho de que su uso date desde la antig\u00fcedad nos da qu\u00e9 pensar, \u00bfverdad?<\/p>\n\n\n\n<p>Ahora si quieres hacerte con una buena dosis de manzanilla para tratar alguna de estas dolencias te recomendamos que visites nuestra <strong><a href=\"https:\/\/www.baque.com\/es\/comprar\/tes-infusiones\/\" target=\"_blank\" rel=\"noreferrer noopener\" aria-label=\"tienda online de t\u00e9s e infusiones (abre en una nueva pesta\u00f1a)\">tienda online de t\u00e9s e infusiones<\/a><\/strong>. \u00a1Te esperamos!<\/p>\n\n\n\n<figure class=\"wp-block-image\"><a href=\"http:\/\/www.baque.com\/es\/comprar\/tes-infusiones-organicas\/\" target=\"_blank\" rel=\"noreferrer noopener\"><img loading=\"lazy\" decoding=\"async\" width=\"1400\" height=\"330\" src=\"http:\/\/www.baque.com\/wp-content\/uploads\/2018\/06\/infusiones-piramidales-organicas.jpg\" alt=\"\" class=\"wp-image-3675\" srcset=\"https:\/\/www.baque.com\/wp-content\/uploads\/2018\/06\/infusiones-piramidales-organicas.jpg 1400w, https:\/\/www.baque.com\/wp-content\/uploads\/2018\/06\/infusiones-piramidales-organicas-331x78.jpg 331w, https:\/\/www.baque.com\/wp-content\/uploads\/2018\/06\/infusiones-piramidales-organicas-768x181.jpg 768w, https:\/\/www.baque.com\/wp-content\/uploads\/2018\/06\/infusiones-piramidales-organicas-1320x311.jpg 1320w, https:\/\/www.baque.com\/wp-content\/uploads\/2018\/06\/infusiones-piramidales-organicas-600x141.jpg 600w\" sizes=\"auto, (max-width: 1400px) 100vw, 1400px\" \/><\/a><\/figure>\n","protected":false},"excerpt":{"rendered":"<p>Aunque el uso de esta planta se encuentra relacionado principalmente con la digesti\u00f3n, lo cierto es que las propiedades de la manzanilla son muchas y existen m\u00e1s razones para consumirla. A continuaci\u00f3n te contamos por qu\u00e9 tomarla y c\u00f3mo contribuye positivamente a tu salud. 8 propiedades de la manzanilla que te interesa conocer La manzanilla, [&hellip;]<\/p>\n","protected":false},"author":1,"featured_media":6555,"comment_status":"open","ping_status":"open","sticky":false,"template":"","format":"standard","meta":{"_acf_changed":false,"footnotes":""},"categories":[65],"tags":[378,379,67],"class_list":["post-6554","post","type-post","status-publish","format-standard","has-post-thumbnail","hentry","category-otras-bebidas","tag-amantes-del-te","tag-infusiones","tag-te"],"acf":[],"yoast_head":"<!-- This site is optimized with the Yoast SEO plugin v27.3 - https:\/\/yoast.com\/product\/yoast-seo-wordpress\/ -->\n<title>Cu\u00e1les son las propiedades de la manzanilla y por qu\u00e9 debes consumirla<\/title>\n<meta name=\"description\" content=\"Conoce cu\u00e1les son las propiedades de la manzanilla. Aunque su principal uso est\u00e1 relacionado con la digesti\u00f3n existen otros motivos para tomar esta hierba.\" \/>\n<meta name=\"robots\" content=\"index, follow, max-snippet:-1, max-image-preview:large, max-video-preview:-1\" \/>\n<meta property=\"og:locale\" content=\"es_ES\" \/>\n<meta property=\"og:type\" content=\"article\" \/>\n<meta property=\"og:title\" content=\"Cu\u00e1les son las propiedades de la manzanilla y por qu\u00e9 debes consumirla\" \/>\n<meta property=\"og:description\" content=\"Conoce cu\u00e1les son las propiedades de la manzanilla. Aunque su principal uso est\u00e1 relacionado con la digesti\u00f3n existen otros motivos para tomar esta hierba.\" \/>\n<meta property=\"og:url\" content=\"https:\/\/www.baque.com\/es\/blog\/propiedades-manzanilla\/\" \/>\n<meta property=\"og:site_name\" content=\"Caf\u00e9s Baqu\u00e9\" \/>\n<meta property=\"article:published_time\" content=\"2019-03-26T06:07:56+00:00\" \/>\n<meta property=\"article:modified_time\" content=\"2019-04-03T07:37:05+00:00\" \/>\n<meta property=\"og:image\" content=\"https:\/\/www.baque.com\/wp-content\/uploads\/2019\/03\/propiedades-de-la-manzanilla.jpg\" \/>\n\t<meta property=\"og:image:width\" content=\"1300\" \/>\n\t<meta property=\"og:image:height\" content=\"655\" \/>\n\t<meta property=\"og:image:type\" content=\"image\/jpeg\" \/>\n<meta name=\"author\" content=\"baque\" \/>\n<meta name=\"twitter:card\" content=\"summary_large_image\" \/>\n<meta name=\"twitter:label1\" content=\"Escrito por\" \/>\n\t<meta name=\"twitter:data1\" content=\"baque\" \/>\n\t<meta name=\"twitter:label2\" content=\"Tiempo de lectura\" \/>\n\t<meta name=\"twitter:data2\" content=\"2 minutos\" \/>\n<script type=\"application\/ld+json\" class=\"yoast-schema-graph\">{\"@context\":\"https:\\\/\\\/schema.org\",\"@graph\":[{\"@type\":\"Article\",\"@id\":\"https:\\\/\\\/www.baque.com\\\/es\\\/blog\\\/propiedades-manzanilla\\\/#article\",\"isPartOf\":{\"@id\":\"https:\\\/\\\/www.baque.com\\\/es\\\/blog\\\/propiedades-manzanilla\\\/\"},\"author\":{\"name\":\"baque\",\"@id\":\"https:\\\/\\\/www.baque.com\\\/es\\\/#\\\/schema\\\/person\\\/32c8c583e6573818274e39ba0178ea0c\"},\"headline\":\"Cu\u00e1les son las propiedades de la manzanilla y por qu\u00e9 debes consumirla\",\"datePublished\":\"2019-03-26T06:07:56+00:00\",\"dateModified\":\"2019-04-03T07:37:05+00:00\",\"mainEntityOfPage\":{\"@id\":\"https:\\\/\\\/www.baque.com\\\/es\\\/blog\\\/propiedades-manzanilla\\\/\"},\"wordCount\":440,\"commentCount\":0,\"image\":{\"@id\":\"https:\\\/\\\/www.baque.com\\\/es\\\/blog\\\/propiedades-manzanilla\\\/#primaryimage\"},\"thumbnailUrl\":\"https:\\\/\\\/www.baque.com\\\/wp-content\\\/uploads\\\/2019\\\/03\\\/propiedades-de-la-manzanilla.jpg\",\"keywords\":[\"amantes del t\u00e9\",\"infusiones\",\"t\u00e9\"],\"articleSection\":[\"Otras bebidas\"],\"inLanguage\":\"es\",\"potentialAction\":[{\"@type\":\"CommentAction\",\"name\":\"Comment\",\"target\":[\"https:\\\/\\\/www.baque.com\\\/es\\\/blog\\\/propiedades-manzanilla\\\/#respond\"]}]},{\"@type\":\"WebPage\",\"@id\":\"https:\\\/\\\/www.baque.com\\\/es\\\/blog\\\/propiedades-manzanilla\\\/\",\"url\":\"https:\\\/\\\/www.baque.com\\\/es\\\/blog\\\/propiedades-manzanilla\\\/\",\"name\":\"Cu\u00e1les son las propiedades de la manzanilla y por qu\u00e9 debes consumirla\",\"isPartOf\":{\"@id\":\"https:\\\/\\\/www.baque.com\\\/es\\\/#website\"},\"primaryImageOfPage\":{\"@id\":\"https:\\\/\\\/www.baque.com\\\/es\\\/blog\\\/propiedades-manzanilla\\\/#primaryimage\"},\"image\":{\"@id\":\"https:\\\/\\\/www.baque.com\\\/es\\\/blog\\\/propiedades-manzanilla\\\/#primaryimage\"},\"thumbnailUrl\":\"https:\\\/\\\/www.baque.com\\\/wp-content\\\/uploads\\\/2019\\\/03\\\/propiedades-de-la-manzanilla.jpg\",\"datePublished\":\"2019-03-26T06:07:56+00:00\",\"dateModified\":\"2019-04-03T07:37:05+00:00\",\"author\":{\"@id\":\"https:\\\/\\\/www.baque.com\\\/es\\\/#\\\/schema\\\/person\\\/32c8c583e6573818274e39ba0178ea0c\"},\"description\":\"Conoce cu\u00e1les son las propiedades de la manzanilla. Aunque su principal uso est\u00e1 relacionado con la digesti\u00f3n existen otros motivos para tomar esta hierba.\",\"breadcrumb\":{\"@id\":\"https:\\\/\\\/www.baque.com\\\/es\\\/blog\\\/propiedades-manzanilla\\\/#breadcrumb\"},\"inLanguage\":\"es\",\"potentialAction\":[{\"@type\":\"ReadAction\",\"target\":[\"https:\\\/\\\/www.baque.com\\\/es\\\/blog\\\/propiedades-manzanilla\\\/\"]}]},{\"@type\":\"ImageObject\",\"inLanguage\":\"es\",\"@id\":\"https:\\\/\\\/www.baque.com\\\/es\\\/blog\\\/propiedades-manzanilla\\\/#primaryimage\",\"url\":\"https:\\\/\\\/www.baque.com\\\/wp-content\\\/uploads\\\/2019\\\/03\\\/propiedades-de-la-manzanilla.jpg\",\"contentUrl\":\"https:\\\/\\\/www.baque.com\\\/wp-content\\\/uploads\\\/2019\\\/03\\\/propiedades-de-la-manzanilla.jpg\",\"width\":1300,\"height\":655,\"caption\":\"propiedades de la manzanilla\"},{\"@type\":\"BreadcrumbList\",\"@id\":\"https:\\\/\\\/www.baque.com\\\/es\\\/blog\\\/propiedades-manzanilla\\\/#breadcrumb\",\"itemListElement\":[{\"@type\":\"ListItem\",\"position\":1,\"name\":\"Portada\",\"item\":\"https:\\\/\\\/www.baque.com\\\/es\\\/\"},{\"@type\":\"ListItem\",\"position\":2,\"name\":\"Cu\u00e1les son las propiedades de la manzanilla y por qu\u00e9 debes consumirla\"}]},{\"@type\":\"WebSite\",\"@id\":\"https:\\\/\\\/www.baque.com\\\/es\\\/#website\",\"url\":\"https:\\\/\\\/www.baque.com\\\/es\\\/\",\"name\":\"Caf\u00e9s Baqu\u00e9\",\"description\":\"Somos l\u00edderes en hosteler\u00eda en Pa\u00eds Vasco y La Rioja y una de las marcas m\u00e1s reconocidas en el mercado nacional. Somos una empresa familiar en constante innovaci\u00f3n en el producto. Tostamos y distribuimos caf\u00e9 molido, en grano y c\u00e1psulas para disfrutar en casa, en el bar y en la oficina.\",\"potentialAction\":[{\"@type\":\"SearchAction\",\"target\":{\"@type\":\"EntryPoint\",\"urlTemplate\":\"https:\\\/\\\/www.baque.com\\\/es\\\/?s={search_term_string}\"},\"query-input\":{\"@type\":\"PropertyValueSpecification\",\"valueRequired\":true,\"valueName\":\"search_term_string\"}}],\"inLanguage\":\"es\"},{\"@type\":\"Person\",\"@id\":\"https:\\\/\\\/www.baque.com\\\/es\\\/#\\\/schema\\\/person\\\/32c8c583e6573818274e39ba0178ea0c\",\"name\":\"baque\",\"image\":{\"@type\":\"ImageObject\",\"inLanguage\":\"es\",\"@id\":\"https:\\\/\\\/secure.gravatar.com\\\/avatar\\\/e662fd223ca8a44ab1e60e541b95b68e1a42729b8396361e1232af01ddb23e51?s=96&d=mm&r=g\",\"url\":\"https:\\\/\\\/secure.gravatar.com\\\/avatar\\\/e662fd223ca8a44ab1e60e541b95b68e1a42729b8396361e1232af01ddb23e51?s=96&d=mm&r=g\",\"contentUrl\":\"https:\\\/\\\/secure.gravatar.com\\\/avatar\\\/e662fd223ca8a44ab1e60e541b95b68e1a42729b8396361e1232af01ddb23e51?s=96&d=mm&r=g\",\"caption\":\"baque\"}}]}<\/script>\n<!-- \/ Yoast SEO plugin. -->","yoast_head_json":{"title":"Cu\u00e1les son las propiedades de la manzanilla y por qu\u00e9 debes consumirla","description":"Conoce cu\u00e1les son las propiedades de la manzanilla. Aunque su principal uso est\u00e1 relacionado con la digesti\u00f3n existen otros motivos para tomar esta hierba.","robots":{"index":"index","follow":"follow","max-snippet":"max-snippet:-1","max-image-preview":"max-image-preview:large","max-video-preview":"max-video-preview:-1"},"og_locale":"es_ES","og_type":"article","og_title":"Cu\u00e1les son las propiedades de la manzanilla y por qu\u00e9 debes consumirla","og_description":"Conoce cu\u00e1les son las propiedades de la manzanilla. Aunque su principal uso est\u00e1 relacionado con la digesti\u00f3n existen otros motivos para tomar esta hierba.","og_url":"https:\/\/www.baque.com\/es\/blog\/propiedades-manzanilla\/","og_site_name":"Caf\u00e9s Baqu\u00e9","article_published_time":"2019-03-26T06:07:56+00:00","article_modified_time":"2019-04-03T07:37:05+00:00","og_image":[{"width":1300,"height":655,"url":"https:\/\/www.baque.com\/wp-content\/uploads\/2019\/03\/propiedades-de-la-manzanilla.jpg","type":"image\/jpeg"}],"author":"baque","twitter_card":"summary_large_image","twitter_misc":{"Escrito por":"baque","Tiempo de lectura":"2 minutos"},"schema":{"@context":"https:\/\/schema.org","@graph":[{"@type":"Article","@id":"https:\/\/www.baque.com\/es\/blog\/propiedades-manzanilla\/#article","isPartOf":{"@id":"https:\/\/www.baque.com\/es\/blog\/propiedades-manzanilla\/"},"author":{"name":"baque","@id":"https:\/\/www.baque.com\/es\/#\/schema\/person\/32c8c583e6573818274e39ba0178ea0c"},"headline":"Cu\u00e1les son las propiedades de la manzanilla y por qu\u00e9 debes consumirla","datePublished":"2019-03-26T06:07:56+00:00","dateModified":"2019-04-03T07:37:05+00:00","mainEntityOfPage":{"@id":"https:\/\/www.baque.com\/es\/blog\/propiedades-manzanilla\/"},"wordCount":440,"commentCount":0,"image":{"@id":"https:\/\/www.baque.com\/es\/blog\/propiedades-manzanilla\/#primaryimage"},"thumbnailUrl":"https:\/\/www.baque.com\/wp-content\/uploads\/2019\/03\/propiedades-de-la-manzanilla.jpg","keywords":["amantes del t\u00e9","infusiones","t\u00e9"],"articleSection":["Otras bebidas"],"inLanguage":"es","potentialAction":[{"@type":"CommentAction","name":"Comment","target":["https:\/\/www.baque.com\/es\/blog\/propiedades-manzanilla\/#respond"]}]},{"@type":"WebPage","@id":"https:\/\/www.baque.com\/es\/blog\/propiedades-manzanilla\/","url":"https:\/\/www.baque.com\/es\/blog\/propiedades-manzanilla\/","name":"Cu\u00e1les son las propiedades de la manzanilla y por qu\u00e9 debes consumirla","isPartOf":{"@id":"https:\/\/www.baque.com\/es\/#website"},"primaryImageOfPage":{"@id":"https:\/\/www.baque.com\/es\/blog\/propiedades-manzanilla\/#primaryimage"},"image":{"@id":"https:\/\/www.baque.com\/es\/blog\/propiedades-manzanilla\/#primaryimage"},"thumbnailUrl":"https:\/\/www.baque.com\/wp-content\/uploads\/2019\/03\/propiedades-de-la-manzanilla.jpg","datePublished":"2019-03-26T06:07:56+00:00","dateModified":"2019-04-03T07:37:05+00:00","author":{"@id":"https:\/\/www.baque.com\/es\/#\/schema\/person\/32c8c583e6573818274e39ba0178ea0c"},"description":"Conoce cu\u00e1les son las propiedades de la manzanilla. Aunque su principal uso est\u00e1 relacionado con la digesti\u00f3n existen otros motivos para tomar esta hierba.","breadcrumb":{"@id":"https:\/\/www.baque.com\/es\/blog\/propiedades-manzanilla\/#breadcrumb"},"inLanguage":"es","potentialAction":[{"@type":"ReadAction","target":["https:\/\/www.baque.com\/es\/blog\/propiedades-manzanilla\/"]}]},{"@type":"ImageObject","inLanguage":"es","@id":"https:\/\/www.baque.com\/es\/blog\/propiedades-manzanilla\/#primaryimage","url":"https:\/\/www.baque.com\/wp-content\/uploads\/2019\/03\/propiedades-de-la-manzanilla.jpg","contentUrl":"https:\/\/www.baque.com\/wp-content\/uploads\/2019\/03\/propiedades-de-la-manzanilla.jpg","width":1300,"height":655,"caption":"propiedades de la manzanilla"},{"@type":"BreadcrumbList","@id":"https:\/\/www.baque.com\/es\/blog\/propiedades-manzanilla\/#breadcrumb","itemListElement":[{"@type":"ListItem","position":1,"name":"Portada","item":"https:\/\/www.baque.com\/es\/"},{"@type":"ListItem","position":2,"name":"Cu\u00e1les son las propiedades de la manzanilla y por qu\u00e9 debes consumirla"}]},{"@type":"WebSite","@id":"https:\/\/www.baque.com\/es\/#website","url":"https:\/\/www.baque.com\/es\/","name":"Caf\u00e9s Baqu\u00e9","description":"Somos l\u00edderes en hosteler\u00eda en Pa\u00eds Vasco y La Rioja y una de las marcas m\u00e1s reconocidas en el mercado nacional. Somos una empresa familiar en constante innovaci\u00f3n en el producto. Tostamos y distribuimos caf\u00e9 molido, en grano y c\u00e1psulas para disfrutar en casa, en el bar y en la oficina.","potentialAction":[{"@type":"SearchAction","target":{"@type":"EntryPoint","urlTemplate":"https:\/\/www.baque.com\/es\/?s={search_term_string}"},"query-input":{"@type":"PropertyValueSpecification","valueRequired":true,"valueName":"search_term_string"}}],"inLanguage":"es"},{"@type":"Person","@id":"https:\/\/www.baque.com\/es\/#\/schema\/person\/32c8c583e6573818274e39ba0178ea0c","name":"baque","image":{"@type":"ImageObject","inLanguage":"es","@id":"https:\/\/secure.gravatar.com\/avatar\/e662fd223ca8a44ab1e60e541b95b68e1a42729b8396361e1232af01ddb23e51?s=96&d=mm&r=g","url":"https:\/\/secure.gravatar.com\/avatar\/e662fd223ca8a44ab1e60e541b95b68e1a42729b8396361e1232af01ddb23e51?s=96&d=mm&r=g","contentUrl":"https:\/\/secure.gravatar.com\/avatar\/e662fd223ca8a44ab1e60e541b95b68e1a42729b8396361e1232af01ddb23e51?s=96&d=mm&r=g","caption":"baque"}}]}},"_links":{"self":[{"href":"https:\/\/www.baque.com\/es\/wp-json\/wp\/v2\/posts\/6554","targetHints":{"allow":["GET"]}}],"collection":[{"href":"https:\/\/www.baque.com\/es\/wp-json\/wp\/v2\/posts"}],"about":[{"href":"https:\/\/www.baque.com\/es\/wp-json\/wp\/v2\/types\/post"}],"author":[{"embeddable":true,"href":"https:\/\/www.baque.com\/es\/wp-json\/wp\/v2\/users\/1"}],"replies":[{"embeddable":true,"href":"https:\/\/www.baque.com\/es\/wp-json\/wp\/v2\/comments?post=6554"}],"version-history":[{"count":13,"href":"https:\/\/www.baque.com\/es\/wp-json\/wp\/v2\/posts\/6554\/revisions"}],"predecessor-version":[{"id":6661,"href":"https:\/\/www.baque.com\/es\/wp-json\/wp\/v2\/posts\/6554\/revisions\/6661"}],"wp:featuredmedia":[{"embeddable":true,"href":"https:\/\/www.baque.com\/es\/wp-json\/wp\/v2\/media\/6555"}],"wp:attachment":[{"href":"https:\/\/www.baque.com\/es\/wp-json\/wp\/v2\/media?parent=6554"}],"wp:term":[{"taxonomy":"category","embeddable":true,"href":"https:\/\/www.baque.com\/es\/wp-json\/wp\/v2\/categories?post=6554"},{"taxonomy":"post_tag","embeddable":true,"href":"https:\/\/www.baque.com\/es\/wp-json\/wp\/v2\/tags?post=6554"}],"curies":[{"name":"wp","href":"https:\/\/api.w.org\/{rel}","templated":true}]}}