
{"id":749399,"date":"2022-02-16T09:40:23","date_gmt":"2022-02-16T08:40:23","guid":{"rendered":"https:\/\/www.baque.com\/?p=749399"},"modified":"2022-02-16T09:40:59","modified_gmt":"2022-02-16T08:40:59","slug":"el-cafe-y-la-productividad-laboral","status":"publish","type":"post","link":"https:\/\/www.baque.com\/es\/blog\/el-cafe-y-la-productividad-laboral\/","title":{"rendered":"El caf\u00e9 y la productividad laboral"},"content":{"rendered":"<p>Seg\u00fan diferentes estudios, existe una relaci\u00f3n directa entre el caf\u00e9 y el rendimiento laboral ayudando \u00e9ste en la mejora de los estados de concentraci\u00f3n y la socializaci\u00f3n dentro de las oficinas.<\/p>\n<p><!--more--><\/p>\n<p>Algo m\u00e1s de la mitad de lxs trabajadorxs consume caf\u00e9 de forma habitual en su puesto de trabajo. Ya os hemos hablado de cu\u00e1les son <a href=\"https:\/\/www.baque.com\/es\/blog\/los-distintos-tipos-de-cafe-que-se-toman-en-la-oficina\/\">los tipos de caf\u00e9 m\u00e1s consumidos en el trabajo<\/a> o de <a href=\"https:\/\/www.baque.com\/es\/blog\/descubriendo-el-concepto-coffee-break\/\">las ventajas que tiene el conocido como <em>#CoffeBreak<\/em><\/a>, pero en esta ocasi\u00f3n queremos hablar de la parte m\u00e1s productiva del caf\u00e9, esa capacidad que tiene para mejorar nuestro rendimiento y que va m\u00e1s all\u00e1 de favorecer la convivencia y las relaciones laborales entre compa\u00f1eros.<\/p>\n<p>Aproximadamente 6 de cada 10 personas beben caf\u00e9 de forma diaria en su trabajo. Sobra decir, por tanto, que levantarse al office o a la cocina es uno de los gestos m\u00e1s repetidos dentro de las oficinas. Los expertos consideran que un consumo moderado de caf\u00e9 (entre dos y tres tazas al d\u00eda), provoca en nuestro cuerpo diferentes efectos que ayudan a mejorar la productividad como resultado de la cafe\u00edna que contiene esta bebida. As\u00ed, el caf\u00e9 o el t\u00e9, mejoran el estado de alerta de las personas y pueden contribuir de forma positiva en la toma de decisiones proporcionando, adem\u00e1s, mejoras en el rendimiento motor.<\/p>\n<h2>\u00bfQU\u00c9 ES LA CAFE\u00cdNA?<\/h2>\n<p>La cafe\u00edna es una sustancia amarga que podemos encontrar de forma natural en m\u00e1s de 60 plantas entre las que destaca el caf\u00e9 o el t\u00e9. Una taza de caf\u00e9, de forma general puede contener entre 95 y 200mg de cafe\u00edna mientras que una de t\u00e9 entre 14 y 60mg.<\/p>\n<p>El consumo de cafe\u00edna a trav\u00e9s de estas bebidas puede provocar efectos relacionados con la estimulaci\u00f3n del sistema nervioso, lo que deriva en una sensaci\u00f3n de mayor energ\u00eda y motivaci\u00f3n, convirtiendo a esta bebida en una buena aliada en el trabajo.<\/p>\n<p>La cafe\u00edna alcanza su nivel m\u00e1ximo en la sangre una hora despu\u00e9s de ser consumida y su efecto se puede alargar durante las siguientes cuatro horas aproximadamente.<\/p>\n<h2>LA RELACI\u00d3N ENTRE LA CAFE\u00cdNA Y EL CEREBRO<\/h2>\n<p>Adem\u00e1s de tener un efecto sobre el sistema nervioso, el caf\u00e9 bloquea las sensaciones generadas por la adenosina, una sustancia qu\u00edmica que provoca la somnolencia. La cafe\u00edna impide que la adenosina act\u00fae en nuestras c\u00e9lulas cerebrales. \u201cCuando se bebe cafe\u00edna la atenci\u00f3n es mayor\u201d afirman expertos como la Doctora Marilyn Cornelis. \u201cEsto contribuye a la capacidad de nuestro cerebro para retener informaci\u00f3n y la mejora de las funciones cognitivas a largo plazo\u201d.<\/p>\n<h2>LA CAFE\u00cdNA EN EL TRABAJO<\/h2>\n<p>La capacidad para mantenernos despiertos y atentos y tomar decisiones, la mejora del rendimiento mental, mayor agilidad y productividad\u2026<\/p>\n<p>Como puedes ver, hay un sinf\u00edn de ventajas relacionadas con el consumo de caf\u00e9 en el entorno laboral que nos permiten decir que el uso moderado de esta bebida genera beneficios laborales a corto, medio y largo plazo tanto para los trabajadores como para las empresas.<\/p>\n","protected":false},"excerpt":{"rendered":"<p>Seg\u00fan diferentes estudios, existe una relaci\u00f3n directa entre el caf\u00e9 y el rendimiento laboral ayudando \u00e9ste en la mejora de los estados de concentraci\u00f3n y la socializaci\u00f3n dentro de las oficinas.<\/p>\n","protected":false},"author":5116,"featured_media":739526,"comment_status":"open","ping_status":"open","sticky":false,"template":"","format":"standard","meta":{"_acf_changed":false,"footnotes":""},"categories":[34,540],"tags":[538,567,556,566],"class_list":["post-749399","post","type-post","status-publish","format-standard","has-post-thumbnail","hentry","category-nos-gusta-el-cafe","category-oficinas","tag-cafe","tag-cafeina","tag-oficina","tag-productividad-laboral"],"acf":[],"yoast_head":"<!-- This site is optimized with the Yoast SEO plugin v27.3 - https:\/\/yoast.com\/product\/yoast-seo-wordpress\/ -->\n<title>El caf\u00e9 y la productividad laboral - Caf\u00e9s Baqu\u00e9<\/title>\n<meta name=\"description\" content=\"Existe una relaci\u00f3n directa entre el caf\u00e9 y el rendimiento laboral ayudando \u00e9ste en la mejora de los estados de concentraci\u00f3n.\" \/>\n<meta name=\"robots\" content=\"index, follow, max-snippet:-1, max-image-preview:large, max-video-preview:-1\" \/>\n<meta property=\"og:locale\" content=\"es_ES\" \/>\n<meta property=\"og:type\" content=\"article\" \/>\n<meta property=\"og:title\" content=\"El caf\u00e9 y la productividad laboral\" \/>\n<meta property=\"og:description\" content=\"Seg\u00fan diferentes estudios, existe una relaci\u00f3n directa entre el caf\u00e9 y el rendimiento laboral ayudando \u00e9ste en la mejora de los estados de concentraci\u00f3n y la socializaci\u00f3n dentro de las oficinas.\" \/>\n<meta property=\"og:url\" content=\"https:\/\/www.baque.com\/es\/blog\/el-cafe-y-la-productividad-laboral\/\" \/>\n<meta property=\"og:site_name\" content=\"Caf\u00e9s Baqu\u00e9\" \/>\n<meta property=\"article:published_time\" content=\"2022-02-16T08:40:23+00:00\" \/>\n<meta property=\"article:modified_time\" content=\"2022-02-16T08:40:59+00:00\" \/>\n<meta property=\"og:image\" content=\"https:\/\/www.baque.com\/wp-content\/uploads\/2022\/02\/oficinas.jpg\" \/>\n\t<meta property=\"og:image:width\" content=\"667\" \/>\n\t<meta property=\"og:image:height\" content=\"1000\" \/>\n\t<meta property=\"og:image:type\" content=\"image\/jpeg\" \/>\n<meta name=\"author\" content=\"Ruben Sirope\" \/>\n<meta name=\"twitter:card\" content=\"summary_large_image\" \/>\n<meta name=\"twitter:title\" content=\"El caf\u00e9 y la productividad laboral\" \/>\n<meta name=\"twitter:description\" content=\"Seg\u00fan diferentes estudios, existe una relaci\u00f3n directa entre el caf\u00e9 y el rendimiento laboral ayudando \u00e9ste en la mejora de los estados de concentraci\u00f3n y la socializaci\u00f3n dentro de las oficinas.\" \/>\n<meta name=\"twitter:image\" content=\"https:\/\/www.baque.com\/wp-content\/uploads\/2022\/02\/oficinas.jpg\" \/>\n<meta name=\"twitter:label1\" content=\"Escrito por\" \/>\n\t<meta name=\"twitter:data1\" content=\"Ruben Sirope\" \/>\n\t<meta name=\"twitter:label2\" content=\"Tiempo de lectura\" \/>\n\t<meta name=\"twitter:data2\" content=\"3 minutos\" \/>\n<script type=\"application\/ld+json\" class=\"yoast-schema-graph\">{\"@context\":\"https:\\\/\\\/schema.org\",\"@graph\":[{\"@type\":\"Article\",\"@id\":\"https:\\\/\\\/www.baque.com\\\/es\\\/blog\\\/el-cafe-y-la-productividad-laboral\\\/#article\",\"isPartOf\":{\"@id\":\"https:\\\/\\\/www.baque.com\\\/es\\\/blog\\\/el-cafe-y-la-productividad-laboral\\\/\"},\"author\":{\"name\":\"Ruben Sirope\",\"@id\":\"https:\\\/\\\/www.baque.com\\\/es\\\/#\\\/schema\\\/person\\\/eeebcc1a7829805bd03294e88a225b36\"},\"headline\":\"El caf\u00e9 y la productividad laboral\",\"datePublished\":\"2022-02-16T08:40:23+00:00\",\"dateModified\":\"2022-02-16T08:40:59+00:00\",\"mainEntityOfPage\":{\"@id\":\"https:\\\/\\\/www.baque.com\\\/es\\\/blog\\\/el-cafe-y-la-productividad-laboral\\\/\"},\"wordCount\":530,\"commentCount\":0,\"image\":{\"@id\":\"https:\\\/\\\/www.baque.com\\\/es\\\/blog\\\/el-cafe-y-la-productividad-laboral\\\/#primaryimage\"},\"thumbnailUrl\":\"https:\\\/\\\/www.baque.com\\\/wp-content\\\/uploads\\\/2022\\\/02\\\/cecotec-header.jpg\",\"keywords\":[\"caf\u00e9\",\"cafe\u00edna\",\"oficina\",\"productividad laboral\"],\"articleSection\":[\"Nos gusta el caf\u00e9\",\"Oficinas\"],\"inLanguage\":\"es\",\"potentialAction\":[{\"@type\":\"CommentAction\",\"name\":\"Comment\",\"target\":[\"https:\\\/\\\/www.baque.com\\\/es\\\/blog\\\/el-cafe-y-la-productividad-laboral\\\/#respond\"]}]},{\"@type\":\"WebPage\",\"@id\":\"https:\\\/\\\/www.baque.com\\\/es\\\/blog\\\/el-cafe-y-la-productividad-laboral\\\/\",\"url\":\"https:\\\/\\\/www.baque.com\\\/es\\\/blog\\\/el-cafe-y-la-productividad-laboral\\\/\",\"name\":\"El caf\u00e9 y la productividad laboral - Caf\u00e9s Baqu\u00e9\",\"isPartOf\":{\"@id\":\"https:\\\/\\\/www.baque.com\\\/es\\\/#website\"},\"primaryImageOfPage\":{\"@id\":\"https:\\\/\\\/www.baque.com\\\/es\\\/blog\\\/el-cafe-y-la-productividad-laboral\\\/#primaryimage\"},\"image\":{\"@id\":\"https:\\\/\\\/www.baque.com\\\/es\\\/blog\\\/el-cafe-y-la-productividad-laboral\\\/#primaryimage\"},\"thumbnailUrl\":\"https:\\\/\\\/www.baque.com\\\/wp-content\\\/uploads\\\/2022\\\/02\\\/cecotec-header.jpg\",\"datePublished\":\"2022-02-16T08:40:23+00:00\",\"dateModified\":\"2022-02-16T08:40:59+00:00\",\"author\":{\"@id\":\"https:\\\/\\\/www.baque.com\\\/es\\\/#\\\/schema\\\/person\\\/eeebcc1a7829805bd03294e88a225b36\"},\"description\":\"Existe una relaci\u00f3n directa entre el caf\u00e9 y el rendimiento laboral ayudando \u00e9ste en la mejora de los estados de concentraci\u00f3n.\",\"breadcrumb\":{\"@id\":\"https:\\\/\\\/www.baque.com\\\/es\\\/blog\\\/el-cafe-y-la-productividad-laboral\\\/#breadcrumb\"},\"inLanguage\":\"es\",\"potentialAction\":[{\"@type\":\"ReadAction\",\"target\":[\"https:\\\/\\\/www.baque.com\\\/es\\\/blog\\\/el-cafe-y-la-productividad-laboral\\\/\"]}]},{\"@type\":\"ImageObject\",\"inLanguage\":\"es\",\"@id\":\"https:\\\/\\\/www.baque.com\\\/es\\\/blog\\\/el-cafe-y-la-productividad-laboral\\\/#primaryimage\",\"url\":\"https:\\\/\\\/www.baque.com\\\/wp-content\\\/uploads\\\/2022\\\/02\\\/cecotec-header.jpg\",\"contentUrl\":\"https:\\\/\\\/www.baque.com\\\/wp-content\\\/uploads\\\/2022\\\/02\\\/cecotec-header.jpg\",\"width\":1919,\"height\":906},{\"@type\":\"BreadcrumbList\",\"@id\":\"https:\\\/\\\/www.baque.com\\\/es\\\/blog\\\/el-cafe-y-la-productividad-laboral\\\/#breadcrumb\",\"itemListElement\":[{\"@type\":\"ListItem\",\"position\":1,\"name\":\"Portada\",\"item\":\"https:\\\/\\\/www.baque.com\\\/es\\\/\"},{\"@type\":\"ListItem\",\"position\":2,\"name\":\"El caf\u00e9 y la productividad laboral\"}]},{\"@type\":\"WebSite\",\"@id\":\"https:\\\/\\\/www.baque.com\\\/es\\\/#website\",\"url\":\"https:\\\/\\\/www.baque.com\\\/es\\\/\",\"name\":\"Caf\u00e9s Baqu\u00e9\",\"description\":\"Somos l\u00edderes en hosteler\u00eda en Pa\u00eds Vasco y La Rioja y una de las marcas m\u00e1s reconocidas en el mercado nacional. Somos una empresa familiar en constante innovaci\u00f3n en el producto. Tostamos y distribuimos caf\u00e9 molido, en grano y c\u00e1psulas para disfrutar en casa, en el bar y en la oficina.\",\"potentialAction\":[{\"@type\":\"SearchAction\",\"target\":{\"@type\":\"EntryPoint\",\"urlTemplate\":\"https:\\\/\\\/www.baque.com\\\/es\\\/?s={search_term_string}\"},\"query-input\":{\"@type\":\"PropertyValueSpecification\",\"valueRequired\":true,\"valueName\":\"search_term_string\"}}],\"inLanguage\":\"es\"},{\"@type\":\"Person\",\"@id\":\"https:\\\/\\\/www.baque.com\\\/es\\\/#\\\/schema\\\/person\\\/eeebcc1a7829805bd03294e88a225b36\",\"name\":\"Ruben Sirope\",\"image\":{\"@type\":\"ImageObject\",\"inLanguage\":\"es\",\"@id\":\"https:\\\/\\\/secure.gravatar.com\\\/avatar\\\/dffc3f6ecfda9ed054a85500c427b0583cbccbffee91c9116649fbd61a94081e?s=96&d=mm&r=g\",\"url\":\"https:\\\/\\\/secure.gravatar.com\\\/avatar\\\/dffc3f6ecfda9ed054a85500c427b0583cbccbffee91c9116649fbd61a94081e?s=96&d=mm&r=g\",\"contentUrl\":\"https:\\\/\\\/secure.gravatar.com\\\/avatar\\\/dffc3f6ecfda9ed054a85500c427b0583cbccbffee91c9116649fbd61a94081e?s=96&d=mm&r=g\",\"caption\":\"Ruben Sirope\"}}]}<\/script>\n<!-- \/ Yoast SEO plugin. -->","yoast_head_json":{"title":"El caf\u00e9 y la productividad laboral - Caf\u00e9s Baqu\u00e9","description":"Existe una relaci\u00f3n directa entre el caf\u00e9 y el rendimiento laboral ayudando \u00e9ste en la mejora de los estados de concentraci\u00f3n.","robots":{"index":"index","follow":"follow","max-snippet":"max-snippet:-1","max-image-preview":"max-image-preview:large","max-video-preview":"max-video-preview:-1"},"og_locale":"es_ES","og_type":"article","og_title":"El caf\u00e9 y la productividad laboral","og_description":"Seg\u00fan diferentes estudios, existe una relaci\u00f3n directa entre el caf\u00e9 y el rendimiento laboral ayudando \u00e9ste en la mejora de los estados de concentraci\u00f3n y la socializaci\u00f3n dentro de las oficinas.","og_url":"https:\/\/www.baque.com\/es\/blog\/el-cafe-y-la-productividad-laboral\/","og_site_name":"Caf\u00e9s Baqu\u00e9","article_published_time":"2022-02-16T08:40:23+00:00","article_modified_time":"2022-02-16T08:40:59+00:00","og_image":[{"width":667,"height":1000,"url":"https:\/\/www.baque.com\/wp-content\/uploads\/2022\/02\/oficinas.jpg","type":"image\/jpeg"}],"author":"Ruben Sirope","twitter_card":"summary_large_image","twitter_title":"El caf\u00e9 y la productividad laboral","twitter_description":"Seg\u00fan diferentes estudios, existe una relaci\u00f3n directa entre el caf\u00e9 y el rendimiento laboral ayudando \u00e9ste en la mejora de los estados de concentraci\u00f3n y la socializaci\u00f3n dentro de las oficinas.","twitter_image":"https:\/\/www.baque.com\/wp-content\/uploads\/2022\/02\/oficinas.jpg","twitter_misc":{"Escrito por":"Ruben Sirope","Tiempo de lectura":"3 minutos"},"schema":{"@context":"https:\/\/schema.org","@graph":[{"@type":"Article","@id":"https:\/\/www.baque.com\/es\/blog\/el-cafe-y-la-productividad-laboral\/#article","isPartOf":{"@id":"https:\/\/www.baque.com\/es\/blog\/el-cafe-y-la-productividad-laboral\/"},"author":{"name":"Ruben Sirope","@id":"https:\/\/www.baque.com\/es\/#\/schema\/person\/eeebcc1a7829805bd03294e88a225b36"},"headline":"El caf\u00e9 y la productividad laboral","datePublished":"2022-02-16T08:40:23+00:00","dateModified":"2022-02-16T08:40:59+00:00","mainEntityOfPage":{"@id":"https:\/\/www.baque.com\/es\/blog\/el-cafe-y-la-productividad-laboral\/"},"wordCount":530,"commentCount":0,"image":{"@id":"https:\/\/www.baque.com\/es\/blog\/el-cafe-y-la-productividad-laboral\/#primaryimage"},"thumbnailUrl":"https:\/\/www.baque.com\/wp-content\/uploads\/2022\/02\/cecotec-header.jpg","keywords":["caf\u00e9","cafe\u00edna","oficina","productividad laboral"],"articleSection":["Nos gusta el caf\u00e9","Oficinas"],"inLanguage":"es","potentialAction":[{"@type":"CommentAction","name":"Comment","target":["https:\/\/www.baque.com\/es\/blog\/el-cafe-y-la-productividad-laboral\/#respond"]}]},{"@type":"WebPage","@id":"https:\/\/www.baque.com\/es\/blog\/el-cafe-y-la-productividad-laboral\/","url":"https:\/\/www.baque.com\/es\/blog\/el-cafe-y-la-productividad-laboral\/","name":"El caf\u00e9 y la productividad laboral - Caf\u00e9s Baqu\u00e9","isPartOf":{"@id":"https:\/\/www.baque.com\/es\/#website"},"primaryImageOfPage":{"@id":"https:\/\/www.baque.com\/es\/blog\/el-cafe-y-la-productividad-laboral\/#primaryimage"},"image":{"@id":"https:\/\/www.baque.com\/es\/blog\/el-cafe-y-la-productividad-laboral\/#primaryimage"},"thumbnailUrl":"https:\/\/www.baque.com\/wp-content\/uploads\/2022\/02\/cecotec-header.jpg","datePublished":"2022-02-16T08:40:23+00:00","dateModified":"2022-02-16T08:40:59+00:00","author":{"@id":"https:\/\/www.baque.com\/es\/#\/schema\/person\/eeebcc1a7829805bd03294e88a225b36"},"description":"Existe una relaci\u00f3n directa entre el caf\u00e9 y el rendimiento laboral ayudando \u00e9ste en la mejora de los estados de concentraci\u00f3n.","breadcrumb":{"@id":"https:\/\/www.baque.com\/es\/blog\/el-cafe-y-la-productividad-laboral\/#breadcrumb"},"inLanguage":"es","potentialAction":[{"@type":"ReadAction","target":["https:\/\/www.baque.com\/es\/blog\/el-cafe-y-la-productividad-laboral\/"]}]},{"@type":"ImageObject","inLanguage":"es","@id":"https:\/\/www.baque.com\/es\/blog\/el-cafe-y-la-productividad-laboral\/#primaryimage","url":"https:\/\/www.baque.com\/wp-content\/uploads\/2022\/02\/cecotec-header.jpg","contentUrl":"https:\/\/www.baque.com\/wp-content\/uploads\/2022\/02\/cecotec-header.jpg","width":1919,"height":906},{"@type":"BreadcrumbList","@id":"https:\/\/www.baque.com\/es\/blog\/el-cafe-y-la-productividad-laboral\/#breadcrumb","itemListElement":[{"@type":"ListItem","position":1,"name":"Portada","item":"https:\/\/www.baque.com\/es\/"},{"@type":"ListItem","position":2,"name":"El caf\u00e9 y la productividad laboral"}]},{"@type":"WebSite","@id":"https:\/\/www.baque.com\/es\/#website","url":"https:\/\/www.baque.com\/es\/","name":"Caf\u00e9s Baqu\u00e9","description":"Somos l\u00edderes en hosteler\u00eda en Pa\u00eds Vasco y La Rioja y una de las marcas m\u00e1s reconocidas en el mercado nacional. Somos una empresa familiar en constante innovaci\u00f3n en el producto. Tostamos y distribuimos caf\u00e9 molido, en grano y c\u00e1psulas para disfrutar en casa, en el bar y en la oficina.","potentialAction":[{"@type":"SearchAction","target":{"@type":"EntryPoint","urlTemplate":"https:\/\/www.baque.com\/es\/?s={search_term_string}"},"query-input":{"@type":"PropertyValueSpecification","valueRequired":true,"valueName":"search_term_string"}}],"inLanguage":"es"},{"@type":"Person","@id":"https:\/\/www.baque.com\/es\/#\/schema\/person\/eeebcc1a7829805bd03294e88a225b36","name":"Ruben Sirope","image":{"@type":"ImageObject","inLanguage":"es","@id":"https:\/\/secure.gravatar.com\/avatar\/dffc3f6ecfda9ed054a85500c427b0583cbccbffee91c9116649fbd61a94081e?s=96&d=mm&r=g","url":"https:\/\/secure.gravatar.com\/avatar\/dffc3f6ecfda9ed054a85500c427b0583cbccbffee91c9116649fbd61a94081e?s=96&d=mm&r=g","contentUrl":"https:\/\/secure.gravatar.com\/avatar\/dffc3f6ecfda9ed054a85500c427b0583cbccbffee91c9116649fbd61a94081e?s=96&d=mm&r=g","caption":"Ruben Sirope"}}]}},"_links":{"self":[{"href":"https:\/\/www.baque.com\/es\/wp-json\/wp\/v2\/posts\/749399","targetHints":{"allow":["GET"]}}],"collection":[{"href":"https:\/\/www.baque.com\/es\/wp-json\/wp\/v2\/posts"}],"about":[{"href":"https:\/\/www.baque.com\/es\/wp-json\/wp\/v2\/types\/post"}],"author":[{"embeddable":true,"href":"https:\/\/www.baque.com\/es\/wp-json\/wp\/v2\/users\/5116"}],"replies":[{"embeddable":true,"href":"https:\/\/www.baque.com\/es\/wp-json\/wp\/v2\/comments?post=749399"}],"version-history":[{"count":1,"href":"https:\/\/www.baque.com\/es\/wp-json\/wp\/v2\/posts\/749399\/revisions"}],"predecessor-version":[{"id":749416,"href":"https:\/\/www.baque.com\/es\/wp-json\/wp\/v2\/posts\/749399\/revisions\/749416"}],"wp:featuredmedia":[{"embeddable":true,"href":"https:\/\/www.baque.com\/es\/wp-json\/wp\/v2\/media\/739526"}],"wp:attachment":[{"href":"https:\/\/www.baque.com\/es\/wp-json\/wp\/v2\/media?parent=749399"}],"wp:term":[{"taxonomy":"category","embeddable":true,"href":"https:\/\/www.baque.com\/es\/wp-json\/wp\/v2\/categories?post=749399"},{"taxonomy":"post_tag","embeddable":true,"href":"https:\/\/www.baque.com\/es\/wp-json\/wp\/v2\/tags?post=749399"}],"curies":[{"name":"wp","href":"https:\/\/api.w.org\/{rel}","templated":true}]}}