
{"id":7623,"date":"2019-07-24T15:43:08","date_gmt":"2019-07-24T13:43:08","guid":{"rendered":"https:\/\/www.baque.com\/?p=7623"},"modified":"2019-08-01T12:21:19","modified_gmt":"2019-08-01T10:21:19","slug":"tes-infusiones-aliados-verano","status":"publish","type":"post","link":"https:\/\/www.baque.com\/es\/blog\/tes-infusiones-aliados-verano\/","title":{"rendered":"T\u00e9s e infusiones, nuestros aliados para el verano"},"content":{"rendered":"\n<p class='entradilla'>Llegado el calor, siempre tenemos el mismo dilema: \u00bfqu\u00e9 bebida puedo tomar para seguir cuidando la l\u00ednea ahora que estamos en pleno verano? Aqu\u00ed daremos algunas pistas&nbsp; para tomar bebidas sabrosas, refrescantes y que te ayudar\u00e1n a mantener la l\u00ednea.<\/p>\n\n\n\n<p>Una vez ha llegado el calor, una buena forma de tomar t\u00e9s o infusiones puede ser en fr\u00edo y con hielo, tendremos una <strong>bebida refrescante, con variedad de sabores y muy agradable de tomar<\/strong>. Los beneficios de tomarla en fr\u00edo o caliente, son los mismos, por lo cual puedes beneficiarte de todas las virtudes de las infusiones y t\u00e9s y adem\u00e1s refrescarte.<\/p>\n\n\n\n<p>En cuanto a las propiedades que te aportan estas bebidas, hay t\u00e9s que ayudan a quemar grasas y otros que son los mejores aliados para evitar la retenci\u00f3n de l\u00edquidos, a diferencia de muchos refrescos light con gas, que a pesar de no tener calor\u00edas no son las m\u00e1s indicadas para este fin.<\/p>\n\n\n\n<h2 class=\"wp-block-heading\"><strong>\u00bfQu\u00e9 tipos de t\u00e9 puedo tomar?<\/strong><br><\/h2>\n\n\n\n<h3 class=\"wp-block-heading\"><strong>T\u00e9 Rojo<\/strong><\/h3>\n\n\n\n<p>El t\u00e9 rojo tiene propiedades \u201cquemagrasas\u201d, es antioxidante y disminuye los niveles de colesterol. Lo podemos encontrar como t\u00e9 rojo o Pu erh.<\/p>\n\n\n\n<h3 class=\"wp-block-heading\"><strong>T\u00e9 Verde<\/strong><\/h3>\n\n\n\n<p>Sus propiedades ayudan a reducir el \u00edndice de masa corporal, reduciendo el tejido graso a parte de sus otros muchos beneficios.<\/p>\n\n\n\n<h3 class=\"wp-block-heading\"><strong>Rooibos<\/strong><\/h3>\n\n\n\n<p>El rooibos no contiene te\u00edna, es rico en hierro, calcio, potasio, magnesio, etc..,&nbsp; posee propiedades diur\u00e9ticas con lo que es un buen aliado para evitar la retenci\u00f3n de l\u00edquidos.<\/p>\n\n\n\n<ul class=\"wp-block-gallery columns-1 is-cropped wp-block-gallery-1 is-layout-flex wp-block-gallery-is-layout-flex\"><li class=\"blocks-gallery-item\"><figure><img loading=\"lazy\" decoding=\"async\" width=\"1000\" height=\"667\" src=\"https:\/\/www.baque.com\/wp-content\/uploads\/2019\/07\/shutterstock_311250875.jpg\" alt=\"\" data-id=\"7629\" data-link=\"https:\/\/www.baque.com\/es\/shutterstock_311250875\/\" class=\"wp-image-7629\" srcset=\"https:\/\/www.baque.com\/wp-content\/uploads\/2019\/07\/shutterstock_311250875.jpg 1000w, https:\/\/www.baque.com\/wp-content\/uploads\/2019\/07\/shutterstock_311250875-331x221.jpg 331w, https:\/\/www.baque.com\/wp-content\/uploads\/2019\/07\/shutterstock_311250875-768x512.jpg 768w, https:\/\/www.baque.com\/wp-content\/uploads\/2019\/07\/shutterstock_311250875-600x400.jpg 600w\" sizes=\"auto, (max-width: 1000px) 100vw, 1000px\" \/><\/figure><\/li><\/ul>\n\n\n\n<p>En todas ellas podemos encontrar variedad de sabores y combinaciones para elegir en cada momento la bebida que m\u00e1s nos apetece.<\/p>\n\n\n\n<p>Si tu objetivo es cuidar la l\u00ednea, la mejor forma de tomarlos, es sin a\u00f1adir az\u00facares. En caso de necesitar endulzar la bebida, es preferible a\u00f1adir un poco de miel o alg\u00fan edulcorante natural como la <a href=\"https:\/\/www.baque.com\/es\/tienda\/endulzantes\/stevia-40-uds\/\"><strong>stevia<\/strong>.<\/a> <br><\/p>\n\n\n\n<p>Adem\u00e1s si quieres optar por productos ecol\u00f3gicos, tambi\u00e9n encontrar\u00e1s una amplia gama para disfrutar de estas bebidas en formato bio, ya que la tendencia de productos ecol\u00f3gicos u org\u00e1nicos tambi\u00e9n ha llegado al mundo de los t\u00e9s e infusiones. Nuestras <a href=\"https:\/\/www.baque.com\/es\/comprar\/tes-infusiones-organicas\/\"><strong>Infusiones y t\u00e9s BIO<\/strong><\/a>, son una selecci\u00f3n de t\u00e9s e infusiones de cultivo biol\u00f3gico cuyas bolsitas adem\u00e1s son compostables, por lo que si las desechas en el contenedor de org\u00e1nico desaparecer\u00e1n en 3 meses sin dejar ning\u00fan residuo.<\/p>\n\n\n\n<p>\u00a1An\u00edmate y sigue cuid\u00e1ndote con nuestros t\u00e9s e infusiones tom\u00e1ndolas en fr\u00edo tambi\u00e9n en verano!<br><\/p>\n","protected":false},"excerpt":{"rendered":"<p>Una vez ha llegado el calor, una buena forma de tomar t\u00e9s o infusiones puede ser en fr\u00edo y con hielo, tendremos una bebida refrescante, con variedad de sabores y muy agradable de tomar. Los beneficios de tomarla en fr\u00edo o caliente, son los mismos, por lo cual puedes beneficiarte de todas las virtudes de [&hellip;]<\/p>\n","protected":false},"author":2428,"featured_media":7624,"comment_status":"open","ping_status":"open","sticky":false,"template":"","format":"standard","meta":{"_acf_changed":false,"footnotes":""},"categories":[34],"tags":[378,379,68],"class_list":["post-7623","post","type-post","status-publish","format-standard","has-post-thumbnail","hentry","category-nos-gusta-el-cafe","tag-amantes-del-te","tag-infusiones","tag-tipos-de-te"],"acf":[],"yoast_head":"<!-- This site is optimized with the Yoast SEO plugin v27.3 - https:\/\/yoast.com\/product\/yoast-seo-wordpress\/ -->\n<title>T\u00e9s e infusiones, nuestros aliados para el verano - Caf\u00e9s Baqu\u00e9<\/title>\n<meta name=\"description\" content=\"Llegado el calor, siempre tenemos el mismo dilema: \u00bfqu\u00e9 bebida puedo tomar para seguir cuidando la l\u00ednea ahora que estamos en pleno verano?\" \/>\n<meta name=\"robots\" content=\"index, follow, max-snippet:-1, max-image-preview:large, max-video-preview:-1\" \/>\n<meta property=\"og:locale\" content=\"es_ES\" \/>\n<meta property=\"og:type\" content=\"article\" \/>\n<meta property=\"og:title\" content=\"T\u00e9s e infusiones, nuestros aliados para el verano - Caf\u00e9s Baqu\u00e9\" \/>\n<meta property=\"og:description\" content=\"Llegado el calor, siempre tenemos el mismo dilema: \u00bfqu\u00e9 bebida puedo tomar para seguir cuidando la l\u00ednea ahora que estamos en pleno verano?\" \/>\n<meta property=\"og:url\" content=\"https:\/\/www.baque.com\/es\/blog\/tes-infusiones-aliados-verano\/\" \/>\n<meta property=\"og:site_name\" content=\"Caf\u00e9s Baqu\u00e9\" \/>\n<meta property=\"article:published_time\" content=\"2019-07-24T13:43:08+00:00\" \/>\n<meta property=\"article:modified_time\" content=\"2019-08-01T10:21:19+00:00\" \/>\n<meta property=\"og:image\" content=\"https:\/\/www.baque.com\/wp-content\/uploads\/2019\/07\/shutterstock_413925166-1320x880.jpg\" \/>\n\t<meta property=\"og:image:width\" content=\"1320\" \/>\n\t<meta property=\"og:image:height\" content=\"880\" \/>\n\t<meta property=\"og:image:type\" content=\"image\/jpeg\" \/>\n<meta name=\"author\" content=\"Lorena\" \/>\n<meta name=\"twitter:card\" content=\"summary_large_image\" \/>\n<meta name=\"twitter:label1\" content=\"Escrito por\" \/>\n\t<meta name=\"twitter:data1\" content=\"Lorena\" \/>\n\t<meta name=\"twitter:label2\" content=\"Tiempo de lectura\" \/>\n\t<meta name=\"twitter:data2\" content=\"2 minutos\" \/>\n<script type=\"application\/ld+json\" class=\"yoast-schema-graph\">{\"@context\":\"https:\\\/\\\/schema.org\",\"@graph\":[{\"@type\":\"Article\",\"@id\":\"https:\\\/\\\/www.baque.com\\\/es\\\/blog\\\/tes-infusiones-aliados-verano\\\/#article\",\"isPartOf\":{\"@id\":\"https:\\\/\\\/www.baque.com\\\/es\\\/blog\\\/tes-infusiones-aliados-verano\\\/\"},\"author\":{\"name\":\"Lorena\",\"@id\":\"https:\\\/\\\/www.baque.com\\\/es\\\/#\\\/schema\\\/person\\\/f9b2ac64fc7c2905bd9a4c6bb297afb6\"},\"headline\":\"T\u00e9s e infusiones, nuestros aliados para el verano\",\"datePublished\":\"2019-07-24T13:43:08+00:00\",\"dateModified\":\"2019-08-01T10:21:19+00:00\",\"mainEntityOfPage\":{\"@id\":\"https:\\\/\\\/www.baque.com\\\/es\\\/blog\\\/tes-infusiones-aliados-verano\\\/\"},\"wordCount\":447,\"commentCount\":0,\"image\":{\"@id\":\"https:\\\/\\\/www.baque.com\\\/es\\\/blog\\\/tes-infusiones-aliados-verano\\\/#primaryimage\"},\"thumbnailUrl\":\"https:\\\/\\\/www.baque.com\\\/wp-content\\\/uploads\\\/2019\\\/07\\\/shutterstock_413925166.jpg\",\"keywords\":[\"amantes del t\u00e9\",\"infusiones\",\"tipos de t\u00e9\"],\"articleSection\":[\"Nos gusta el caf\u00e9\"],\"inLanguage\":\"es\",\"potentialAction\":[{\"@type\":\"CommentAction\",\"name\":\"Comment\",\"target\":[\"https:\\\/\\\/www.baque.com\\\/es\\\/blog\\\/tes-infusiones-aliados-verano\\\/#respond\"]}]},{\"@type\":\"WebPage\",\"@id\":\"https:\\\/\\\/www.baque.com\\\/es\\\/blog\\\/tes-infusiones-aliados-verano\\\/\",\"url\":\"https:\\\/\\\/www.baque.com\\\/es\\\/blog\\\/tes-infusiones-aliados-verano\\\/\",\"name\":\"T\u00e9s e infusiones, nuestros aliados para el verano - Caf\u00e9s Baqu\u00e9\",\"isPartOf\":{\"@id\":\"https:\\\/\\\/www.baque.com\\\/es\\\/#website\"},\"primaryImageOfPage\":{\"@id\":\"https:\\\/\\\/www.baque.com\\\/es\\\/blog\\\/tes-infusiones-aliados-verano\\\/#primaryimage\"},\"image\":{\"@id\":\"https:\\\/\\\/www.baque.com\\\/es\\\/blog\\\/tes-infusiones-aliados-verano\\\/#primaryimage\"},\"thumbnailUrl\":\"https:\\\/\\\/www.baque.com\\\/wp-content\\\/uploads\\\/2019\\\/07\\\/shutterstock_413925166.jpg\",\"datePublished\":\"2019-07-24T13:43:08+00:00\",\"dateModified\":\"2019-08-01T10:21:19+00:00\",\"author\":{\"@id\":\"https:\\\/\\\/www.baque.com\\\/es\\\/#\\\/schema\\\/person\\\/f9b2ac64fc7c2905bd9a4c6bb297afb6\"},\"description\":\"Llegado el calor, siempre tenemos el mismo dilema: \u00bfqu\u00e9 bebida puedo tomar para seguir cuidando la l\u00ednea ahora que estamos en pleno verano?\",\"breadcrumb\":{\"@id\":\"https:\\\/\\\/www.baque.com\\\/es\\\/blog\\\/tes-infusiones-aliados-verano\\\/#breadcrumb\"},\"inLanguage\":\"es\",\"potentialAction\":[{\"@type\":\"ReadAction\",\"target\":[\"https:\\\/\\\/www.baque.com\\\/es\\\/blog\\\/tes-infusiones-aliados-verano\\\/\"]}]},{\"@type\":\"ImageObject\",\"inLanguage\":\"es\",\"@id\":\"https:\\\/\\\/www.baque.com\\\/es\\\/blog\\\/tes-infusiones-aliados-verano\\\/#primaryimage\",\"url\":\"https:\\\/\\\/www.baque.com\\\/wp-content\\\/uploads\\\/2019\\\/07\\\/shutterstock_413925166.jpg\",\"contentUrl\":\"https:\\\/\\\/www.baque.com\\\/wp-content\\\/uploads\\\/2019\\\/07\\\/shutterstock_413925166.jpg\",\"width\":4529,\"height\":3020},{\"@type\":\"BreadcrumbList\",\"@id\":\"https:\\\/\\\/www.baque.com\\\/es\\\/blog\\\/tes-infusiones-aliados-verano\\\/#breadcrumb\",\"itemListElement\":[{\"@type\":\"ListItem\",\"position\":1,\"name\":\"Portada\",\"item\":\"https:\\\/\\\/www.baque.com\\\/es\\\/\"},{\"@type\":\"ListItem\",\"position\":2,\"name\":\"T\u00e9s e infusiones, nuestros aliados para el verano\"}]},{\"@type\":\"WebSite\",\"@id\":\"https:\\\/\\\/www.baque.com\\\/es\\\/#website\",\"url\":\"https:\\\/\\\/www.baque.com\\\/es\\\/\",\"name\":\"Caf\u00e9s Baqu\u00e9\",\"description\":\"Somos l\u00edderes en hosteler\u00eda en Pa\u00eds Vasco y La Rioja y una de las marcas m\u00e1s reconocidas en el mercado nacional. Somos una empresa familiar en constante innovaci\u00f3n en el producto. Tostamos y distribuimos caf\u00e9 molido, en grano y c\u00e1psulas para disfrutar en casa, en el bar y en la oficina.\",\"potentialAction\":[{\"@type\":\"SearchAction\",\"target\":{\"@type\":\"EntryPoint\",\"urlTemplate\":\"https:\\\/\\\/www.baque.com\\\/es\\\/?s={search_term_string}\"},\"query-input\":{\"@type\":\"PropertyValueSpecification\",\"valueRequired\":true,\"valueName\":\"search_term_string\"}}],\"inLanguage\":\"es\"},{\"@type\":\"Person\",\"@id\":\"https:\\\/\\\/www.baque.com\\\/es\\\/#\\\/schema\\\/person\\\/f9b2ac64fc7c2905bd9a4c6bb297afb6\",\"name\":\"Lorena\",\"image\":{\"@type\":\"ImageObject\",\"inLanguage\":\"es\",\"@id\":\"https:\\\/\\\/secure.gravatar.com\\\/avatar\\\/37da112a8a1629a76e64080c46253ec42811f7251fab2e0ac510f44ee3d5ccad?s=96&d=mm&r=g\",\"url\":\"https:\\\/\\\/secure.gravatar.com\\\/avatar\\\/37da112a8a1629a76e64080c46253ec42811f7251fab2e0ac510f44ee3d5ccad?s=96&d=mm&r=g\",\"contentUrl\":\"https:\\\/\\\/secure.gravatar.com\\\/avatar\\\/37da112a8a1629a76e64080c46253ec42811f7251fab2e0ac510f44ee3d5ccad?s=96&d=mm&r=g\",\"caption\":\"Lorena\"}}]}<\/script>\n<!-- \/ Yoast SEO plugin. -->","yoast_head_json":{"title":"T\u00e9s e infusiones, nuestros aliados para el verano - Caf\u00e9s Baqu\u00e9","description":"Llegado el calor, siempre tenemos el mismo dilema: \u00bfqu\u00e9 bebida puedo tomar para seguir cuidando la l\u00ednea ahora que estamos en pleno verano?","robots":{"index":"index","follow":"follow","max-snippet":"max-snippet:-1","max-image-preview":"max-image-preview:large","max-video-preview":"max-video-preview:-1"},"og_locale":"es_ES","og_type":"article","og_title":"T\u00e9s e infusiones, nuestros aliados para el verano - Caf\u00e9s Baqu\u00e9","og_description":"Llegado el calor, siempre tenemos el mismo dilema: \u00bfqu\u00e9 bebida puedo tomar para seguir cuidando la l\u00ednea ahora que estamos en pleno verano?","og_url":"https:\/\/www.baque.com\/es\/blog\/tes-infusiones-aliados-verano\/","og_site_name":"Caf\u00e9s Baqu\u00e9","article_published_time":"2019-07-24T13:43:08+00:00","article_modified_time":"2019-08-01T10:21:19+00:00","og_image":[{"width":1320,"height":880,"url":"https:\/\/www.baque.com\/wp-content\/uploads\/2019\/07\/shutterstock_413925166-1320x880.jpg","type":"image\/jpeg"}],"author":"Lorena","twitter_card":"summary_large_image","twitter_misc":{"Escrito por":"Lorena","Tiempo de lectura":"2 minutos"},"schema":{"@context":"https:\/\/schema.org","@graph":[{"@type":"Article","@id":"https:\/\/www.baque.com\/es\/blog\/tes-infusiones-aliados-verano\/#article","isPartOf":{"@id":"https:\/\/www.baque.com\/es\/blog\/tes-infusiones-aliados-verano\/"},"author":{"name":"Lorena","@id":"https:\/\/www.baque.com\/es\/#\/schema\/person\/f9b2ac64fc7c2905bd9a4c6bb297afb6"},"headline":"T\u00e9s e infusiones, nuestros aliados para el verano","datePublished":"2019-07-24T13:43:08+00:00","dateModified":"2019-08-01T10:21:19+00:00","mainEntityOfPage":{"@id":"https:\/\/www.baque.com\/es\/blog\/tes-infusiones-aliados-verano\/"},"wordCount":447,"commentCount":0,"image":{"@id":"https:\/\/www.baque.com\/es\/blog\/tes-infusiones-aliados-verano\/#primaryimage"},"thumbnailUrl":"https:\/\/www.baque.com\/wp-content\/uploads\/2019\/07\/shutterstock_413925166.jpg","keywords":["amantes del t\u00e9","infusiones","tipos de t\u00e9"],"articleSection":["Nos gusta el caf\u00e9"],"inLanguage":"es","potentialAction":[{"@type":"CommentAction","name":"Comment","target":["https:\/\/www.baque.com\/es\/blog\/tes-infusiones-aliados-verano\/#respond"]}]},{"@type":"WebPage","@id":"https:\/\/www.baque.com\/es\/blog\/tes-infusiones-aliados-verano\/","url":"https:\/\/www.baque.com\/es\/blog\/tes-infusiones-aliados-verano\/","name":"T\u00e9s e infusiones, nuestros aliados para el verano - Caf\u00e9s Baqu\u00e9","isPartOf":{"@id":"https:\/\/www.baque.com\/es\/#website"},"primaryImageOfPage":{"@id":"https:\/\/www.baque.com\/es\/blog\/tes-infusiones-aliados-verano\/#primaryimage"},"image":{"@id":"https:\/\/www.baque.com\/es\/blog\/tes-infusiones-aliados-verano\/#primaryimage"},"thumbnailUrl":"https:\/\/www.baque.com\/wp-content\/uploads\/2019\/07\/shutterstock_413925166.jpg","datePublished":"2019-07-24T13:43:08+00:00","dateModified":"2019-08-01T10:21:19+00:00","author":{"@id":"https:\/\/www.baque.com\/es\/#\/schema\/person\/f9b2ac64fc7c2905bd9a4c6bb297afb6"},"description":"Llegado el calor, siempre tenemos el mismo dilema: \u00bfqu\u00e9 bebida puedo tomar para seguir cuidando la l\u00ednea ahora que estamos en pleno verano?","breadcrumb":{"@id":"https:\/\/www.baque.com\/es\/blog\/tes-infusiones-aliados-verano\/#breadcrumb"},"inLanguage":"es","potentialAction":[{"@type":"ReadAction","target":["https:\/\/www.baque.com\/es\/blog\/tes-infusiones-aliados-verano\/"]}]},{"@type":"ImageObject","inLanguage":"es","@id":"https:\/\/www.baque.com\/es\/blog\/tes-infusiones-aliados-verano\/#primaryimage","url":"https:\/\/www.baque.com\/wp-content\/uploads\/2019\/07\/shutterstock_413925166.jpg","contentUrl":"https:\/\/www.baque.com\/wp-content\/uploads\/2019\/07\/shutterstock_413925166.jpg","width":4529,"height":3020},{"@type":"BreadcrumbList","@id":"https:\/\/www.baque.com\/es\/blog\/tes-infusiones-aliados-verano\/#breadcrumb","itemListElement":[{"@type":"ListItem","position":1,"name":"Portada","item":"https:\/\/www.baque.com\/es\/"},{"@type":"ListItem","position":2,"name":"T\u00e9s e infusiones, nuestros aliados para el verano"}]},{"@type":"WebSite","@id":"https:\/\/www.baque.com\/es\/#website","url":"https:\/\/www.baque.com\/es\/","name":"Caf\u00e9s Baqu\u00e9","description":"Somos l\u00edderes en hosteler\u00eda en Pa\u00eds Vasco y La Rioja y una de las marcas m\u00e1s reconocidas en el mercado nacional. Somos una empresa familiar en constante innovaci\u00f3n en el producto. Tostamos y distribuimos caf\u00e9 molido, en grano y c\u00e1psulas para disfrutar en casa, en el bar y en la oficina.","potentialAction":[{"@type":"SearchAction","target":{"@type":"EntryPoint","urlTemplate":"https:\/\/www.baque.com\/es\/?s={search_term_string}"},"query-input":{"@type":"PropertyValueSpecification","valueRequired":true,"valueName":"search_term_string"}}],"inLanguage":"es"},{"@type":"Person","@id":"https:\/\/www.baque.com\/es\/#\/schema\/person\/f9b2ac64fc7c2905bd9a4c6bb297afb6","name":"Lorena","image":{"@type":"ImageObject","inLanguage":"es","@id":"https:\/\/secure.gravatar.com\/avatar\/37da112a8a1629a76e64080c46253ec42811f7251fab2e0ac510f44ee3d5ccad?s=96&d=mm&r=g","url":"https:\/\/secure.gravatar.com\/avatar\/37da112a8a1629a76e64080c46253ec42811f7251fab2e0ac510f44ee3d5ccad?s=96&d=mm&r=g","contentUrl":"https:\/\/secure.gravatar.com\/avatar\/37da112a8a1629a76e64080c46253ec42811f7251fab2e0ac510f44ee3d5ccad?s=96&d=mm&r=g","caption":"Lorena"}}]}},"_links":{"self":[{"href":"https:\/\/www.baque.com\/es\/wp-json\/wp\/v2\/posts\/7623","targetHints":{"allow":["GET"]}}],"collection":[{"href":"https:\/\/www.baque.com\/es\/wp-json\/wp\/v2\/posts"}],"about":[{"href":"https:\/\/www.baque.com\/es\/wp-json\/wp\/v2\/types\/post"}],"author":[{"embeddable":true,"href":"https:\/\/www.baque.com\/es\/wp-json\/wp\/v2\/users\/2428"}],"replies":[{"embeddable":true,"href":"https:\/\/www.baque.com\/es\/wp-json\/wp\/v2\/comments?post=7623"}],"version-history":[{"count":9,"href":"https:\/\/www.baque.com\/es\/wp-json\/wp\/v2\/posts\/7623\/revisions"}],"predecessor-version":[{"id":7696,"href":"https:\/\/www.baque.com\/es\/wp-json\/wp\/v2\/posts\/7623\/revisions\/7696"}],"wp:featuredmedia":[{"embeddable":true,"href":"https:\/\/www.baque.com\/es\/wp-json\/wp\/v2\/media\/7624"}],"wp:attachment":[{"href":"https:\/\/www.baque.com\/es\/wp-json\/wp\/v2\/media?parent=7623"}],"wp:term":[{"taxonomy":"category","embeddable":true,"href":"https:\/\/www.baque.com\/es\/wp-json\/wp\/v2\/categories?post=7623"},{"taxonomy":"post_tag","embeddable":true,"href":"https:\/\/www.baque.com\/es\/wp-json\/wp\/v2\/tags?post=7623"}],"curies":[{"name":"wp","href":"https:\/\/api.w.org\/{rel}","templated":true}]}}