
{"id":768524,"date":"2022-03-03T11:47:18","date_gmt":"2022-03-03T10:47:18","guid":{"rendered":"https:\/\/www.baque.com\/?p=768524"},"modified":"2022-03-03T11:47:18","modified_gmt":"2022-03-03T10:47:18","slug":"baque-da-nuevos-pasos-en-su-plan-de-sostenibilidad","status":"publish","type":"post","link":"https:\/\/www.baque.com\/es\/blog\/baque-da-nuevos-pasos-en-su-plan-de-sostenibilidad\/","title":{"rendered":"Baqu\u00e9 da nuevos pasos en su plan de sostenibilidad"},"content":{"rendered":"<p><strong>Desde Caf\u00e9s Baqu\u00e9 seguimos dando pasos en nuestro plan de sostenibilidad \u00abBaqu\u00e9 2030\u00bb que se articula en tres ejes principales: la compostabilidad, la econom\u00eda circular y la reciclabilidad de los materiales con los que trabajamos.<\/strong><!--more--><\/p>\n<p>Dentro de este proyecto, iniciado en 2021, analizamos toda la cadena de valor de la compa\u00f1\u00eda para mejorarla en los diferentes ejes mencionados y emprendemos acciones como el lanzamiento de c\u00e1psulas compatibles, la apuesta por envases monomateriales o de un reciclado m\u00e1s sencillo y la transici\u00f3n hacia el rPet (reciclado y reciclable) para algunas de sus referencias, como la gama de solubles en los lineales de venta en retail.<\/p>\n<p>Nuestro compromiso se acerca ahora al canal hostelero donde producimos un cambio de envasado de las tolvas de 2kg de caf\u00e9 en grano de nuestra gama gourmet \u00abBaqu\u00e9 Reserva Privada\u00bb que se fabricar\u00e1n a partir de ahora en rPet, un cambio que generar\u00e1 un ahorro de m\u00e1s de 24t de pl\u00e1stico virgen al a\u00f1o. Este nuevo material se acompa\u00f1a de un cambio de imagen en la gama que pretende imprimir elegancia y car\u00e1cter premium al producto.<\/p>\n<p>Del mismo modo, y para el canal hosteler\u00eda, se han lanzado <a href=\"https:\/\/www.baque.com\/es\/blog\/vasos-compostables-reciclables-repulpables\/\">recientemente los vasos compostables y repulpables<\/a> que permiten ser desechados tanto en el contenedor org\u00e1nico como en el de papel, alcanzando la capacidad de reciclaje m\u00e1s alta en este tipo de productos gracias a un cambio del film que impermeabilizaba el vaso por una laca 100% compostable.<\/p>\n","protected":false},"excerpt":{"rendered":"<p>Desde Caf\u00e9s Baqu\u00e9 seguimos dando pasos en nuestro plan de sostenibilidad \u00abBaqu\u00e9 2030\u00bb que se articula en tres ejes principales: la compostabilidad, la econom\u00eda circular y la reciclabilidad de los materiales con los que trabajamos.<\/p>\n","protected":false},"author":5116,"featured_media":768551,"comment_status":"open","ping_status":"open","sticky":false,"template":"","format":"standard","meta":{"_acf_changed":false,"footnotes":""},"categories":[519],"tags":[559,571,570,520],"class_list":["post-768524","post","type-post","status-publish","format-standard","has-post-thumbnail","hentry","category-sostenibilidad","tag-baque","tag-hosteleria","tag-rpet","tag-sostenibilidad"],"acf":[],"yoast_head":"<!-- This site is optimized with the Yoast SEO plugin v27.3 - https:\/\/yoast.com\/product\/yoast-seo-wordpress\/ -->\n<title>Baqu\u00e9 da nuevos pasos en su plan de sostenibilidad - Caf\u00e9s Baqu\u00e9<\/title>\n<meta name=\"description\" content=\"Compostabilidad, econom\u00eda circular y reciclabilidad son nuestros ejes en el plan Baqu\u00e9 2030\" \/>\n<meta name=\"robots\" content=\"index, follow, max-snippet:-1, max-image-preview:large, max-video-preview:-1\" \/>\n<meta property=\"og:locale\" content=\"es_ES\" \/>\n<meta property=\"og:type\" content=\"article\" \/>\n<meta property=\"og:title\" content=\"Nuevos pasos en la sostenibilidad de Baque\" \/>\n<meta property=\"og:description\" content=\"Desde Caf\u00e9s Baqu\u00e9 seguimos dando pasos en nuestro plan de sostenibilidad &quot;Baqu\u00e9 2030&quot; que se articula en tres ejes principales: la compostabilidad, la econom\u00eda circular y la reciclabilidad de los materiales con los que trabajamos.\" \/>\n<meta property=\"og:url\" content=\"https:\/\/www.baque.com\/es\/blog\/baque-da-nuevos-pasos-en-su-plan-de-sostenibilidad\/\" \/>\n<meta property=\"og:site_name\" content=\"Caf\u00e9s Baqu\u00e9\" \/>\n<meta property=\"article:published_time\" content=\"2022-03-03T10:47:18+00:00\" \/>\n<meta property=\"og:image\" content=\"https:\/\/www.baque.com\/wp-content\/uploads\/2022\/03\/deep-green-background-of-leaves-in-jungle-2021-09-04-12-01-39-utc-scaled.jpg\" \/>\n\t<meta property=\"og:image:width\" content=\"2560\" \/>\n\t<meta property=\"og:image:height\" content=\"1703\" \/>\n\t<meta property=\"og:image:type\" content=\"image\/jpeg\" \/>\n<meta name=\"author\" content=\"Ruben Sirope\" \/>\n<meta name=\"twitter:card\" content=\"summary_large_image\" \/>\n<meta name=\"twitter:title\" content=\"Nuevos pasos en la sostenibilidad de Baque\" \/>\n<meta name=\"twitter:description\" content=\"Desde Caf\u00e9s Baqu\u00e9 seguimos dando pasos en nuestro plan de sostenibilidad &quot;Baqu\u00e9 2030&quot; que se articula en tres ejes principales: la compostabilidad, la econom\u00eda circular y la reciclabilidad de los materiales con los que trabajamos.\" \/>\n<meta name=\"twitter:image\" content=\"https:\/\/www.baque.com\/wp-content\/uploads\/2022\/03\/deep-green-background-of-leaves-in-jungle-2021-09-04-12-01-39-utc-scaled.jpg\" \/>\n<meta name=\"twitter:label1\" content=\"Escrito por\" \/>\n\t<meta name=\"twitter:data1\" content=\"Ruben Sirope\" \/>\n\t<meta name=\"twitter:label2\" content=\"Tiempo de lectura\" \/>\n\t<meta name=\"twitter:data2\" content=\"2 minutos\" \/>\n<script type=\"application\/ld+json\" class=\"yoast-schema-graph\">{\"@context\":\"https:\\\/\\\/schema.org\",\"@graph\":[{\"@type\":\"Article\",\"@id\":\"https:\\\/\\\/www.baque.com\\\/es\\\/blog\\\/baque-da-nuevos-pasos-en-su-plan-de-sostenibilidad\\\/#article\",\"isPartOf\":{\"@id\":\"https:\\\/\\\/www.baque.com\\\/es\\\/blog\\\/baque-da-nuevos-pasos-en-su-plan-de-sostenibilidad\\\/\"},\"author\":{\"name\":\"Ruben Sirope\",\"@id\":\"https:\\\/\\\/www.baque.com\\\/es\\\/#\\\/schema\\\/person\\\/eeebcc1a7829805bd03294e88a225b36\"},\"headline\":\"Baqu\u00e9 da nuevos pasos en su plan de sostenibilidad\",\"datePublished\":\"2022-03-03T10:47:18+00:00\",\"mainEntityOfPage\":{\"@id\":\"https:\\\/\\\/www.baque.com\\\/es\\\/blog\\\/baque-da-nuevos-pasos-en-su-plan-de-sostenibilidad\\\/\"},\"wordCount\":259,\"commentCount\":0,\"image\":{\"@id\":\"https:\\\/\\\/www.baque.com\\\/es\\\/blog\\\/baque-da-nuevos-pasos-en-su-plan-de-sostenibilidad\\\/#primaryimage\"},\"thumbnailUrl\":\"https:\\\/\\\/www.baque.com\\\/wp-content\\\/uploads\\\/2022\\\/03\\\/deep-green-background-of-leaves-in-jungle-2021-09-04-12-01-39-utc-scaled.jpg\",\"keywords\":[\"baque\",\"hosteler\u00eda\",\"rpet\",\"sostenibilidad\"],\"articleSection\":[\"Sostenibilidad\"],\"inLanguage\":\"es\",\"potentialAction\":[{\"@type\":\"CommentAction\",\"name\":\"Comment\",\"target\":[\"https:\\\/\\\/www.baque.com\\\/es\\\/blog\\\/baque-da-nuevos-pasos-en-su-plan-de-sostenibilidad\\\/#respond\"]}]},{\"@type\":\"WebPage\",\"@id\":\"https:\\\/\\\/www.baque.com\\\/es\\\/blog\\\/baque-da-nuevos-pasos-en-su-plan-de-sostenibilidad\\\/\",\"url\":\"https:\\\/\\\/www.baque.com\\\/es\\\/blog\\\/baque-da-nuevos-pasos-en-su-plan-de-sostenibilidad\\\/\",\"name\":\"Baqu\u00e9 da nuevos pasos en su plan de sostenibilidad - Caf\u00e9s Baqu\u00e9\",\"isPartOf\":{\"@id\":\"https:\\\/\\\/www.baque.com\\\/es\\\/#website\"},\"primaryImageOfPage\":{\"@id\":\"https:\\\/\\\/www.baque.com\\\/es\\\/blog\\\/baque-da-nuevos-pasos-en-su-plan-de-sostenibilidad\\\/#primaryimage\"},\"image\":{\"@id\":\"https:\\\/\\\/www.baque.com\\\/es\\\/blog\\\/baque-da-nuevos-pasos-en-su-plan-de-sostenibilidad\\\/#primaryimage\"},\"thumbnailUrl\":\"https:\\\/\\\/www.baque.com\\\/wp-content\\\/uploads\\\/2022\\\/03\\\/deep-green-background-of-leaves-in-jungle-2021-09-04-12-01-39-utc-scaled.jpg\",\"datePublished\":\"2022-03-03T10:47:18+00:00\",\"author\":{\"@id\":\"https:\\\/\\\/www.baque.com\\\/es\\\/#\\\/schema\\\/person\\\/eeebcc1a7829805bd03294e88a225b36\"},\"description\":\"Compostabilidad, econom\u00eda circular y reciclabilidad son nuestros ejes en el plan Baqu\u00e9 2030\",\"breadcrumb\":{\"@id\":\"https:\\\/\\\/www.baque.com\\\/es\\\/blog\\\/baque-da-nuevos-pasos-en-su-plan-de-sostenibilidad\\\/#breadcrumb\"},\"inLanguage\":\"es\",\"potentialAction\":[{\"@type\":\"ReadAction\",\"target\":[\"https:\\\/\\\/www.baque.com\\\/es\\\/blog\\\/baque-da-nuevos-pasos-en-su-plan-de-sostenibilidad\\\/\"]}]},{\"@type\":\"ImageObject\",\"inLanguage\":\"es\",\"@id\":\"https:\\\/\\\/www.baque.com\\\/es\\\/blog\\\/baque-da-nuevos-pasos-en-su-plan-de-sostenibilidad\\\/#primaryimage\",\"url\":\"https:\\\/\\\/www.baque.com\\\/wp-content\\\/uploads\\\/2022\\\/03\\\/deep-green-background-of-leaves-in-jungle-2021-09-04-12-01-39-utc-scaled.jpg\",\"contentUrl\":\"https:\\\/\\\/www.baque.com\\\/wp-content\\\/uploads\\\/2022\\\/03\\\/deep-green-background-of-leaves-in-jungle-2021-09-04-12-01-39-utc-scaled.jpg\",\"width\":2560,\"height\":1703},{\"@type\":\"BreadcrumbList\",\"@id\":\"https:\\\/\\\/www.baque.com\\\/es\\\/blog\\\/baque-da-nuevos-pasos-en-su-plan-de-sostenibilidad\\\/#breadcrumb\",\"itemListElement\":[{\"@type\":\"ListItem\",\"position\":1,\"name\":\"Portada\",\"item\":\"https:\\\/\\\/www.baque.com\\\/es\\\/\"},{\"@type\":\"ListItem\",\"position\":2,\"name\":\"Baqu\u00e9 da nuevos pasos en su plan de sostenibilidad\"}]},{\"@type\":\"WebSite\",\"@id\":\"https:\\\/\\\/www.baque.com\\\/es\\\/#website\",\"url\":\"https:\\\/\\\/www.baque.com\\\/es\\\/\",\"name\":\"Caf\u00e9s Baqu\u00e9\",\"description\":\"Somos l\u00edderes en hosteler\u00eda en Pa\u00eds Vasco y La Rioja y una de las marcas m\u00e1s reconocidas en el mercado nacional. Somos una empresa familiar en constante innovaci\u00f3n en el producto. Tostamos y distribuimos caf\u00e9 molido, en grano y c\u00e1psulas para disfrutar en casa, en el bar y en la oficina.\",\"potentialAction\":[{\"@type\":\"SearchAction\",\"target\":{\"@type\":\"EntryPoint\",\"urlTemplate\":\"https:\\\/\\\/www.baque.com\\\/es\\\/?s={search_term_string}\"},\"query-input\":{\"@type\":\"PropertyValueSpecification\",\"valueRequired\":true,\"valueName\":\"search_term_string\"}}],\"inLanguage\":\"es\"},{\"@type\":\"Person\",\"@id\":\"https:\\\/\\\/www.baque.com\\\/es\\\/#\\\/schema\\\/person\\\/eeebcc1a7829805bd03294e88a225b36\",\"name\":\"Ruben Sirope\",\"image\":{\"@type\":\"ImageObject\",\"inLanguage\":\"es\",\"@id\":\"https:\\\/\\\/secure.gravatar.com\\\/avatar\\\/dffc3f6ecfda9ed054a85500c427b0583cbccbffee91c9116649fbd61a94081e?s=96&d=mm&r=g\",\"url\":\"https:\\\/\\\/secure.gravatar.com\\\/avatar\\\/dffc3f6ecfda9ed054a85500c427b0583cbccbffee91c9116649fbd61a94081e?s=96&d=mm&r=g\",\"contentUrl\":\"https:\\\/\\\/secure.gravatar.com\\\/avatar\\\/dffc3f6ecfda9ed054a85500c427b0583cbccbffee91c9116649fbd61a94081e?s=96&d=mm&r=g\",\"caption\":\"Ruben Sirope\"}}]}<\/script>\n<!-- \/ Yoast SEO plugin. -->","yoast_head_json":{"title":"Baqu\u00e9 da nuevos pasos en su plan de sostenibilidad - Caf\u00e9s Baqu\u00e9","description":"Compostabilidad, econom\u00eda circular y reciclabilidad son nuestros ejes en el plan Baqu\u00e9 2030","robots":{"index":"index","follow":"follow","max-snippet":"max-snippet:-1","max-image-preview":"max-image-preview:large","max-video-preview":"max-video-preview:-1"},"og_locale":"es_ES","og_type":"article","og_title":"Nuevos pasos en la sostenibilidad de Baque","og_description":"Desde Caf\u00e9s Baqu\u00e9 seguimos dando pasos en nuestro plan de sostenibilidad \"Baqu\u00e9 2030\" que se articula en tres ejes principales: la compostabilidad, la econom\u00eda circular y la reciclabilidad de los materiales con los que trabajamos.","og_url":"https:\/\/www.baque.com\/es\/blog\/baque-da-nuevos-pasos-en-su-plan-de-sostenibilidad\/","og_site_name":"Caf\u00e9s Baqu\u00e9","article_published_time":"2022-03-03T10:47:18+00:00","og_image":[{"width":2560,"height":1703,"url":"https:\/\/www.baque.com\/wp-content\/uploads\/2022\/03\/deep-green-background-of-leaves-in-jungle-2021-09-04-12-01-39-utc-scaled.jpg","type":"image\/jpeg"}],"author":"Ruben Sirope","twitter_card":"summary_large_image","twitter_title":"Nuevos pasos en la sostenibilidad de Baque","twitter_description":"Desde Caf\u00e9s Baqu\u00e9 seguimos dando pasos en nuestro plan de sostenibilidad \"Baqu\u00e9 2030\" que se articula en tres ejes principales: la compostabilidad, la econom\u00eda circular y la reciclabilidad de los materiales con los que trabajamos.","twitter_image":"https:\/\/www.baque.com\/wp-content\/uploads\/2022\/03\/deep-green-background-of-leaves-in-jungle-2021-09-04-12-01-39-utc-scaled.jpg","twitter_misc":{"Escrito por":"Ruben Sirope","Tiempo de lectura":"2 minutos"},"schema":{"@context":"https:\/\/schema.org","@graph":[{"@type":"Article","@id":"https:\/\/www.baque.com\/es\/blog\/baque-da-nuevos-pasos-en-su-plan-de-sostenibilidad\/#article","isPartOf":{"@id":"https:\/\/www.baque.com\/es\/blog\/baque-da-nuevos-pasos-en-su-plan-de-sostenibilidad\/"},"author":{"name":"Ruben Sirope","@id":"https:\/\/www.baque.com\/es\/#\/schema\/person\/eeebcc1a7829805bd03294e88a225b36"},"headline":"Baqu\u00e9 da nuevos pasos en su plan de sostenibilidad","datePublished":"2022-03-03T10:47:18+00:00","mainEntityOfPage":{"@id":"https:\/\/www.baque.com\/es\/blog\/baque-da-nuevos-pasos-en-su-plan-de-sostenibilidad\/"},"wordCount":259,"commentCount":0,"image":{"@id":"https:\/\/www.baque.com\/es\/blog\/baque-da-nuevos-pasos-en-su-plan-de-sostenibilidad\/#primaryimage"},"thumbnailUrl":"https:\/\/www.baque.com\/wp-content\/uploads\/2022\/03\/deep-green-background-of-leaves-in-jungle-2021-09-04-12-01-39-utc-scaled.jpg","keywords":["baque","hosteler\u00eda","rpet","sostenibilidad"],"articleSection":["Sostenibilidad"],"inLanguage":"es","potentialAction":[{"@type":"CommentAction","name":"Comment","target":["https:\/\/www.baque.com\/es\/blog\/baque-da-nuevos-pasos-en-su-plan-de-sostenibilidad\/#respond"]}]},{"@type":"WebPage","@id":"https:\/\/www.baque.com\/es\/blog\/baque-da-nuevos-pasos-en-su-plan-de-sostenibilidad\/","url":"https:\/\/www.baque.com\/es\/blog\/baque-da-nuevos-pasos-en-su-plan-de-sostenibilidad\/","name":"Baqu\u00e9 da nuevos pasos en su plan de sostenibilidad - Caf\u00e9s Baqu\u00e9","isPartOf":{"@id":"https:\/\/www.baque.com\/es\/#website"},"primaryImageOfPage":{"@id":"https:\/\/www.baque.com\/es\/blog\/baque-da-nuevos-pasos-en-su-plan-de-sostenibilidad\/#primaryimage"},"image":{"@id":"https:\/\/www.baque.com\/es\/blog\/baque-da-nuevos-pasos-en-su-plan-de-sostenibilidad\/#primaryimage"},"thumbnailUrl":"https:\/\/www.baque.com\/wp-content\/uploads\/2022\/03\/deep-green-background-of-leaves-in-jungle-2021-09-04-12-01-39-utc-scaled.jpg","datePublished":"2022-03-03T10:47:18+00:00","author":{"@id":"https:\/\/www.baque.com\/es\/#\/schema\/person\/eeebcc1a7829805bd03294e88a225b36"},"description":"Compostabilidad, econom\u00eda circular y reciclabilidad son nuestros ejes en el plan Baqu\u00e9 2030","breadcrumb":{"@id":"https:\/\/www.baque.com\/es\/blog\/baque-da-nuevos-pasos-en-su-plan-de-sostenibilidad\/#breadcrumb"},"inLanguage":"es","potentialAction":[{"@type":"ReadAction","target":["https:\/\/www.baque.com\/es\/blog\/baque-da-nuevos-pasos-en-su-plan-de-sostenibilidad\/"]}]},{"@type":"ImageObject","inLanguage":"es","@id":"https:\/\/www.baque.com\/es\/blog\/baque-da-nuevos-pasos-en-su-plan-de-sostenibilidad\/#primaryimage","url":"https:\/\/www.baque.com\/wp-content\/uploads\/2022\/03\/deep-green-background-of-leaves-in-jungle-2021-09-04-12-01-39-utc-scaled.jpg","contentUrl":"https:\/\/www.baque.com\/wp-content\/uploads\/2022\/03\/deep-green-background-of-leaves-in-jungle-2021-09-04-12-01-39-utc-scaled.jpg","width":2560,"height":1703},{"@type":"BreadcrumbList","@id":"https:\/\/www.baque.com\/es\/blog\/baque-da-nuevos-pasos-en-su-plan-de-sostenibilidad\/#breadcrumb","itemListElement":[{"@type":"ListItem","position":1,"name":"Portada","item":"https:\/\/www.baque.com\/es\/"},{"@type":"ListItem","position":2,"name":"Baqu\u00e9 da nuevos pasos en su plan de sostenibilidad"}]},{"@type":"WebSite","@id":"https:\/\/www.baque.com\/es\/#website","url":"https:\/\/www.baque.com\/es\/","name":"Caf\u00e9s Baqu\u00e9","description":"Somos l\u00edderes en hosteler\u00eda en Pa\u00eds Vasco y La Rioja y una de las marcas m\u00e1s reconocidas en el mercado nacional. Somos una empresa familiar en constante innovaci\u00f3n en el producto. Tostamos y distribuimos caf\u00e9 molido, en grano y c\u00e1psulas para disfrutar en casa, en el bar y en la oficina.","potentialAction":[{"@type":"SearchAction","target":{"@type":"EntryPoint","urlTemplate":"https:\/\/www.baque.com\/es\/?s={search_term_string}"},"query-input":{"@type":"PropertyValueSpecification","valueRequired":true,"valueName":"search_term_string"}}],"inLanguage":"es"},{"@type":"Person","@id":"https:\/\/www.baque.com\/es\/#\/schema\/person\/eeebcc1a7829805bd03294e88a225b36","name":"Ruben Sirope","image":{"@type":"ImageObject","inLanguage":"es","@id":"https:\/\/secure.gravatar.com\/avatar\/dffc3f6ecfda9ed054a85500c427b0583cbccbffee91c9116649fbd61a94081e?s=96&d=mm&r=g","url":"https:\/\/secure.gravatar.com\/avatar\/dffc3f6ecfda9ed054a85500c427b0583cbccbffee91c9116649fbd61a94081e?s=96&d=mm&r=g","contentUrl":"https:\/\/secure.gravatar.com\/avatar\/dffc3f6ecfda9ed054a85500c427b0583cbccbffee91c9116649fbd61a94081e?s=96&d=mm&r=g","caption":"Ruben Sirope"}}]}},"_links":{"self":[{"href":"https:\/\/www.baque.com\/es\/wp-json\/wp\/v2\/posts\/768524","targetHints":{"allow":["GET"]}}],"collection":[{"href":"https:\/\/www.baque.com\/es\/wp-json\/wp\/v2\/posts"}],"about":[{"href":"https:\/\/www.baque.com\/es\/wp-json\/wp\/v2\/types\/post"}],"author":[{"embeddable":true,"href":"https:\/\/www.baque.com\/es\/wp-json\/wp\/v2\/users\/5116"}],"replies":[{"embeddable":true,"href":"https:\/\/www.baque.com\/es\/wp-json\/wp\/v2\/comments?post=768524"}],"version-history":[{"count":1,"href":"https:\/\/www.baque.com\/es\/wp-json\/wp\/v2\/posts\/768524\/revisions"}],"predecessor-version":[{"id":768554,"href":"https:\/\/www.baque.com\/es\/wp-json\/wp\/v2\/posts\/768524\/revisions\/768554"}],"wp:featuredmedia":[{"embeddable":true,"href":"https:\/\/www.baque.com\/es\/wp-json\/wp\/v2\/media\/768551"}],"wp:attachment":[{"href":"https:\/\/www.baque.com\/es\/wp-json\/wp\/v2\/media?parent=768524"}],"wp:term":[{"taxonomy":"category","embeddable":true,"href":"https:\/\/www.baque.com\/es\/wp-json\/wp\/v2\/categories?post=768524"},{"taxonomy":"post_tag","embeddable":true,"href":"https:\/\/www.baque.com\/es\/wp-json\/wp\/v2\/tags?post=768524"}],"curies":[{"name":"wp","href":"https:\/\/api.w.org\/{rel}","templated":true}]}}