
{"id":811304,"date":"2022-04-07T09:00:44","date_gmt":"2022-04-07T07:00:44","guid":{"rendered":"https:\/\/www.baque.com\/?p=811304"},"modified":"2022-04-06T12:20:54","modified_gmt":"2022-04-06T10:20:54","slug":"cafe-y-salud","status":"publish","type":"post","link":"https:\/\/www.baque.com\/es\/blog\/cafe-y-salud\/","title":{"rendered":"El caf\u00e9 y la salud: una relaci\u00f3n de amor que desconoc\u00edas"},"content":{"rendered":"<p>El caf\u00e9 muchas veces no es s\u00f3lo consumido por su sabor, sino tambi\u00e9n por los efectos que tiene en nosotros y nosotras. Sin embargo, la activaci\u00f3n de nuestro cuerpo y ese de chute energ\u00eda no son los \u00fanicos <strong>beneficios que el caf\u00e9 tiene para nuestra salud<\/strong>.<\/p>\n<h2>\u00bfC\u00f3mo beneficia el caf\u00e9 a la salud?<\/h2>\n<h3>El caf\u00e9 puede mejorar tu memoria a corto plazo<\/h3>\n<p>Consumir caf\u00e9 de forma regular mejora la conexi\u00f3n neuronal de nuestro hipocampo, relacionado con la memoria.<\/p>\n<h3>Permite combatir el deterioro cognitivo<\/h3>\n<p>Las personas que consumen caf\u00e9 de forma regular tienen un 60% menos de posibilidades de padecer enfermedades como el Alzheimer y el P\u00e1rkinson.<\/p>\n<h3>Disminuye el riesgo de padecer diabetes<\/h3>\n<p>Est\u00e1 demostrado que la gente que consume caf\u00e9 tiene un riesgo entre un 23 y un 50 % menor de padecer diabetes del tipo 2, la m\u00e1s com\u00fan.<\/p>\n<h3>El caf\u00e9 es un antidepresivo natural<\/h3>\n<p>El caf\u00e9 bloquea los receptores de dopamina, ese neurotransmisor relacionado con la ansiedad y el estr\u00e9s. As\u00ed, regula nuestro estr\u00e9s evitando que derive en una depresi\u00f3n.<\/p>\n<h3>Protege al h\u00edgado de la cirrosis<\/h3>\n<p>Compuestos qu\u00edmicos del caf\u00e9, independientemente de la cafe\u00edna, ayudan a proteger el h\u00edgado.<\/p>\n<h3>Ayuda a reducir el dolor de cabeza<\/h3>\n<p>De hecho, una de las sustancias presentes en cualquier medicamento que elimina el dolor de cabeza es la cafe\u00edna.<\/p>\n<h3>Mejora el rendimiento f\u00edsico<\/h3>\n<p>La cafe\u00edna tambi\u00e9n aumenta los niveles de adrenalina de nuestro cuerpo ayudando a disminuir la sensaci\u00f3n de fatiga y mejorando nuestro rendimiento.<\/p>\n<h3>Te ayuda a bajar de peso<\/h3>\n<p>El caf\u00e9 nos permite acelerar el metabolismo gracias a su riqueza en antioxidantes.<\/p>\n<h3>Combate el envejecimiento prematuro<\/h3>\n<p>Si por algo es adecuado consumir caf\u00e9 es porque se muestra como una poderosa fuente natural de antioxidantes, combatiendo el envejecimiento prematuro.<\/p>\n<h3>Reduce las probabilidades de sufrir un infarto<\/h3>\n<p>Es conocido que la cafe\u00edna aumenta la presi\u00f3n sangu\u00ednea, pero no aumenta el riesgo de desarrollar una enfermedad cardiovascular, sino todo lo contrario: parece que previene los infartos.<\/p>\n<h2>El caf\u00e9, siempre en su justa medida<\/h2>\n<p>Sin embargo, queremos insistir en que <strong>el caf\u00e9 debemos consumirlo de una forma moderada y controlada<\/strong>. La cafe\u00edna es el estimulante m\u00e1s consumido del mundo y alcanza su nivel m\u00e1ximo en la sangre tras una hora desde su consumo.<\/p>\n<p>Seg\u00fan la Administraci\u00f3n de Alimentos y Medicamentos, la dosis recomendada para las personas adultas sanas es de un m\u00e1ximo de <strong>400 miligramos de cafe\u00edna al d\u00eda<\/strong>, equivalente a <a href=\"https:\/\/www.baque.com\/es\/blog\/beneficios-de-tomar-una-taza-de-cafe-al-dia\/\"><strong>cuatro o cinco tazas de caf\u00e9<\/strong><\/a>.<\/p>\n<p>A\u00fan as\u00ed, hay muchos factores a considerar para determinar cu\u00e1nto es \u201cdemasiado\u201d. Influye el peso, los medicamentos que se toman y, en especial, la sensibilidad personal, pues hay quienes metabolizan la cafe\u00edna m\u00e1s r\u00e1pido.<\/p>\n<p>En definitiva, son muchos y variados los beneficios del caf\u00e9 para la salud siempre y cuando no lo consumamos en exceso.<\/p>\n<p>\u00bfNecesitas m\u00e1s razones para tomar caf\u00e9? \u00a1Empieza a cuidarte!<\/p>\n","protected":false},"excerpt":{"rendered":"<p>El caf\u00e9 muchas veces no es s\u00f3lo consumido por su sabor, sino tambi\u00e9n por los efectos que tiene en nosotros y nosotras. Sin embargo, la activaci\u00f3n de nuestro cuerpo y ese de chute energ\u00eda no son los \u00fanicos beneficios que el caf\u00e9 tiene para nuestra salud. \u00bfC\u00f3mo beneficia el caf\u00e9 a la salud? El caf\u00e9 [&hellip;]<\/p>\n","protected":false},"author":5116,"featured_media":811320,"comment_status":"open","ping_status":"open","sticky":false,"template":"","format":"standard","meta":{"_acf_changed":false,"footnotes":""},"categories":[34],"tags":[575,573,574],"class_list":["post-811304","post","type-post","status-publish","format-standard","has-post-thumbnail","hentry","category-nos-gusta-el-cafe","tag-beneficios-del-cafe","tag-cafe-y-salud","tag-dia-mundial-de-la-salud"],"acf":[],"yoast_head":"<!-- This site is optimized with the Yoast SEO plugin v27.3 - https:\/\/yoast.com\/product\/yoast-seo-wordpress\/ -->\n<title>El caf\u00e9 y la salud: una relaci\u00f3n de amor que desconoc\u00edas | Caf\u00e9s Baqu\u00e9<\/title>\n<meta name=\"description\" content=\"Activar de nuestro cuerpo no es el \u00fanico efecto que el caf\u00e9 tiene para la salud. \u00a1Entra para descubrir los beneficios del caf\u00e9 para la salud!\" \/>\n<meta name=\"robots\" content=\"index, follow, max-snippet:-1, max-image-preview:large, max-video-preview:-1\" \/>\n<meta property=\"og:locale\" content=\"es_ES\" \/>\n<meta property=\"og:type\" content=\"article\" \/>\n<meta property=\"og:title\" content=\"El caf\u00e9 y la salud: una relaci\u00f3n de amor que desconoc\u00edas\" \/>\n<meta property=\"og:description\" content=\"Activar de nuestro cuerpo no es el \u00fanico efecto que el caf\u00e9 tiene para la salud. \u00a1Entra para descubrir los beneficios del caf\u00e9 para la salud!\" \/>\n<meta property=\"og:url\" content=\"https:\/\/www.baque.com\/es\/blog\/cafe-y-salud\/\" \/>\n<meta property=\"og:site_name\" content=\"Caf\u00e9s Baqu\u00e9\" \/>\n<meta property=\"article:published_time\" content=\"2022-04-07T07:00:44+00:00\" \/>\n<meta property=\"og:image\" content=\"https:\/\/www.baque.com\/wp-content\/uploads\/2022\/04\/cafe-y-salud.jpg\" \/>\n\t<meta property=\"og:image:width\" content=\"1000\" \/>\n\t<meta property=\"og:image:height\" content=\"667\" \/>\n\t<meta property=\"og:image:type\" content=\"image\/jpeg\" \/>\n<meta name=\"author\" content=\"Ruben Sirope\" \/>\n<meta name=\"twitter:card\" content=\"summary_large_image\" \/>\n<meta name=\"twitter:title\" content=\"El caf\u00e9 y la salud: una relaci\u00f3n de amor que desconoc\u00edas\" \/>\n<meta name=\"twitter:description\" content=\"Activar de nuestro cuerpo no es el \u00fanico efecto que el caf\u00e9 tiene para la salud. \u00a1Entra para descubrir los beneficios del caf\u00e9 para la salud!\" \/>\n<meta name=\"twitter:image\" content=\"https:\/\/www.baque.com\/wp-content\/uploads\/2022\/04\/cafe-y-salud.jpg\" \/>\n<meta name=\"twitter:label1\" content=\"Escrito por\" \/>\n\t<meta name=\"twitter:data1\" content=\"Ruben Sirope\" \/>\n\t<meta name=\"twitter:label2\" content=\"Tiempo de lectura\" \/>\n\t<meta name=\"twitter:data2\" content=\"3 minutos\" \/>\n<script type=\"application\/ld+json\" class=\"yoast-schema-graph\">{\"@context\":\"https:\\\/\\\/schema.org\",\"@graph\":[{\"@type\":\"Article\",\"@id\":\"https:\\\/\\\/www.baque.com\\\/es\\\/blog\\\/cafe-y-salud\\\/#article\",\"isPartOf\":{\"@id\":\"https:\\\/\\\/www.baque.com\\\/es\\\/blog\\\/cafe-y-salud\\\/\"},\"author\":{\"name\":\"Ruben Sirope\",\"@id\":\"https:\\\/\\\/www.baque.com\\\/es\\\/#\\\/schema\\\/person\\\/eeebcc1a7829805bd03294e88a225b36\"},\"headline\":\"El caf\u00e9 y la salud: una relaci\u00f3n de amor que desconoc\u00edas\",\"datePublished\":\"2022-04-07T07:00:44+00:00\",\"mainEntityOfPage\":{\"@id\":\"https:\\\/\\\/www.baque.com\\\/es\\\/blog\\\/cafe-y-salud\\\/\"},\"wordCount\":512,\"commentCount\":0,\"image\":{\"@id\":\"https:\\\/\\\/www.baque.com\\\/es\\\/blog\\\/cafe-y-salud\\\/#primaryimage\"},\"thumbnailUrl\":\"https:\\\/\\\/www.baque.com\\\/wp-content\\\/uploads\\\/2022\\\/04\\\/cafe-y-salud.jpg\",\"keywords\":[\"Beneficios del caf\u00e9\",\"Caf\u00e9 y salud\",\"D\u00eda Mundial de la Salud\"],\"articleSection\":[\"Nos gusta el caf\u00e9\"],\"inLanguage\":\"es\",\"potentialAction\":[{\"@type\":\"CommentAction\",\"name\":\"Comment\",\"target\":[\"https:\\\/\\\/www.baque.com\\\/es\\\/blog\\\/cafe-y-salud\\\/#respond\"]}]},{\"@type\":\"WebPage\",\"@id\":\"https:\\\/\\\/www.baque.com\\\/es\\\/blog\\\/cafe-y-salud\\\/\",\"url\":\"https:\\\/\\\/www.baque.com\\\/es\\\/blog\\\/cafe-y-salud\\\/\",\"name\":\"El caf\u00e9 y la salud: una relaci\u00f3n de amor que desconoc\u00edas | Caf\u00e9s Baqu\u00e9\",\"isPartOf\":{\"@id\":\"https:\\\/\\\/www.baque.com\\\/es\\\/#website\"},\"primaryImageOfPage\":{\"@id\":\"https:\\\/\\\/www.baque.com\\\/es\\\/blog\\\/cafe-y-salud\\\/#primaryimage\"},\"image\":{\"@id\":\"https:\\\/\\\/www.baque.com\\\/es\\\/blog\\\/cafe-y-salud\\\/#primaryimage\"},\"thumbnailUrl\":\"https:\\\/\\\/www.baque.com\\\/wp-content\\\/uploads\\\/2022\\\/04\\\/cafe-y-salud.jpg\",\"datePublished\":\"2022-04-07T07:00:44+00:00\",\"author\":{\"@id\":\"https:\\\/\\\/www.baque.com\\\/es\\\/#\\\/schema\\\/person\\\/eeebcc1a7829805bd03294e88a225b36\"},\"description\":\"Activar de nuestro cuerpo no es el \u00fanico efecto que el caf\u00e9 tiene para la salud. \u00a1Entra para descubrir los beneficios del caf\u00e9 para la salud!\",\"breadcrumb\":{\"@id\":\"https:\\\/\\\/www.baque.com\\\/es\\\/blog\\\/cafe-y-salud\\\/#breadcrumb\"},\"inLanguage\":\"es\",\"potentialAction\":[{\"@type\":\"ReadAction\",\"target\":[\"https:\\\/\\\/www.baque.com\\\/es\\\/blog\\\/cafe-y-salud\\\/\"]}]},{\"@type\":\"ImageObject\",\"inLanguage\":\"es\",\"@id\":\"https:\\\/\\\/www.baque.com\\\/es\\\/blog\\\/cafe-y-salud\\\/#primaryimage\",\"url\":\"https:\\\/\\\/www.baque.com\\\/wp-content\\\/uploads\\\/2022\\\/04\\\/cafe-y-salud.jpg\",\"contentUrl\":\"https:\\\/\\\/www.baque.com\\\/wp-content\\\/uploads\\\/2022\\\/04\\\/cafe-y-salud.jpg\",\"width\":1000,\"height\":667,\"caption\":\"El caf\u00e9 y la salud: una relaci\u00f3n de amor que desconoc\u00edas\"},{\"@type\":\"BreadcrumbList\",\"@id\":\"https:\\\/\\\/www.baque.com\\\/es\\\/blog\\\/cafe-y-salud\\\/#breadcrumb\",\"itemListElement\":[{\"@type\":\"ListItem\",\"position\":1,\"name\":\"Portada\",\"item\":\"https:\\\/\\\/www.baque.com\\\/es\\\/\"},{\"@type\":\"ListItem\",\"position\":2,\"name\":\"El caf\u00e9 y la salud: una relaci\u00f3n de amor que desconoc\u00edas\"}]},{\"@type\":\"WebSite\",\"@id\":\"https:\\\/\\\/www.baque.com\\\/es\\\/#website\",\"url\":\"https:\\\/\\\/www.baque.com\\\/es\\\/\",\"name\":\"Caf\u00e9s Baqu\u00e9\",\"description\":\"Somos l\u00edderes en hosteler\u00eda en Pa\u00eds Vasco y La Rioja y una de las marcas m\u00e1s reconocidas en el mercado nacional. Somos una empresa familiar en constante innovaci\u00f3n en el producto. Tostamos y distribuimos caf\u00e9 molido, en grano y c\u00e1psulas para disfrutar en casa, en el bar y en la oficina.\",\"potentialAction\":[{\"@type\":\"SearchAction\",\"target\":{\"@type\":\"EntryPoint\",\"urlTemplate\":\"https:\\\/\\\/www.baque.com\\\/es\\\/?s={search_term_string}\"},\"query-input\":{\"@type\":\"PropertyValueSpecification\",\"valueRequired\":true,\"valueName\":\"search_term_string\"}}],\"inLanguage\":\"es\"},{\"@type\":\"Person\",\"@id\":\"https:\\\/\\\/www.baque.com\\\/es\\\/#\\\/schema\\\/person\\\/eeebcc1a7829805bd03294e88a225b36\",\"name\":\"Ruben Sirope\",\"image\":{\"@type\":\"ImageObject\",\"inLanguage\":\"es\",\"@id\":\"https:\\\/\\\/secure.gravatar.com\\\/avatar\\\/dffc3f6ecfda9ed054a85500c427b0583cbccbffee91c9116649fbd61a94081e?s=96&d=mm&r=g\",\"url\":\"https:\\\/\\\/secure.gravatar.com\\\/avatar\\\/dffc3f6ecfda9ed054a85500c427b0583cbccbffee91c9116649fbd61a94081e?s=96&d=mm&r=g\",\"contentUrl\":\"https:\\\/\\\/secure.gravatar.com\\\/avatar\\\/dffc3f6ecfda9ed054a85500c427b0583cbccbffee91c9116649fbd61a94081e?s=96&d=mm&r=g\",\"caption\":\"Ruben Sirope\"}}]}<\/script>\n<!-- \/ Yoast SEO plugin. -->","yoast_head_json":{"title":"El caf\u00e9 y la salud: una relaci\u00f3n de amor que desconoc\u00edas | Caf\u00e9s Baqu\u00e9","description":"Activar de nuestro cuerpo no es el \u00fanico efecto que el caf\u00e9 tiene para la salud. \u00a1Entra para descubrir los beneficios del caf\u00e9 para la salud!","robots":{"index":"index","follow":"follow","max-snippet":"max-snippet:-1","max-image-preview":"max-image-preview:large","max-video-preview":"max-video-preview:-1"},"og_locale":"es_ES","og_type":"article","og_title":"El caf\u00e9 y la salud: una relaci\u00f3n de amor que desconoc\u00edas","og_description":"Activar de nuestro cuerpo no es el \u00fanico efecto que el caf\u00e9 tiene para la salud. \u00a1Entra para descubrir los beneficios del caf\u00e9 para la salud!","og_url":"https:\/\/www.baque.com\/es\/blog\/cafe-y-salud\/","og_site_name":"Caf\u00e9s Baqu\u00e9","article_published_time":"2022-04-07T07:00:44+00:00","og_image":[{"width":1000,"height":667,"url":"https:\/\/www.baque.com\/wp-content\/uploads\/2022\/04\/cafe-y-salud.jpg","type":"image\/jpeg"}],"author":"Ruben Sirope","twitter_card":"summary_large_image","twitter_title":"El caf\u00e9 y la salud: una relaci\u00f3n de amor que desconoc\u00edas","twitter_description":"Activar de nuestro cuerpo no es el \u00fanico efecto que el caf\u00e9 tiene para la salud. \u00a1Entra para descubrir los beneficios del caf\u00e9 para la salud!","twitter_image":"https:\/\/www.baque.com\/wp-content\/uploads\/2022\/04\/cafe-y-salud.jpg","twitter_misc":{"Escrito por":"Ruben Sirope","Tiempo de lectura":"3 minutos"},"schema":{"@context":"https:\/\/schema.org","@graph":[{"@type":"Article","@id":"https:\/\/www.baque.com\/es\/blog\/cafe-y-salud\/#article","isPartOf":{"@id":"https:\/\/www.baque.com\/es\/blog\/cafe-y-salud\/"},"author":{"name":"Ruben Sirope","@id":"https:\/\/www.baque.com\/es\/#\/schema\/person\/eeebcc1a7829805bd03294e88a225b36"},"headline":"El caf\u00e9 y la salud: una relaci\u00f3n de amor que desconoc\u00edas","datePublished":"2022-04-07T07:00:44+00:00","mainEntityOfPage":{"@id":"https:\/\/www.baque.com\/es\/blog\/cafe-y-salud\/"},"wordCount":512,"commentCount":0,"image":{"@id":"https:\/\/www.baque.com\/es\/blog\/cafe-y-salud\/#primaryimage"},"thumbnailUrl":"https:\/\/www.baque.com\/wp-content\/uploads\/2022\/04\/cafe-y-salud.jpg","keywords":["Beneficios del caf\u00e9","Caf\u00e9 y salud","D\u00eda Mundial de la Salud"],"articleSection":["Nos gusta el caf\u00e9"],"inLanguage":"es","potentialAction":[{"@type":"CommentAction","name":"Comment","target":["https:\/\/www.baque.com\/es\/blog\/cafe-y-salud\/#respond"]}]},{"@type":"WebPage","@id":"https:\/\/www.baque.com\/es\/blog\/cafe-y-salud\/","url":"https:\/\/www.baque.com\/es\/blog\/cafe-y-salud\/","name":"El caf\u00e9 y la salud: una relaci\u00f3n de amor que desconoc\u00edas | Caf\u00e9s Baqu\u00e9","isPartOf":{"@id":"https:\/\/www.baque.com\/es\/#website"},"primaryImageOfPage":{"@id":"https:\/\/www.baque.com\/es\/blog\/cafe-y-salud\/#primaryimage"},"image":{"@id":"https:\/\/www.baque.com\/es\/blog\/cafe-y-salud\/#primaryimage"},"thumbnailUrl":"https:\/\/www.baque.com\/wp-content\/uploads\/2022\/04\/cafe-y-salud.jpg","datePublished":"2022-04-07T07:00:44+00:00","author":{"@id":"https:\/\/www.baque.com\/es\/#\/schema\/person\/eeebcc1a7829805bd03294e88a225b36"},"description":"Activar de nuestro cuerpo no es el \u00fanico efecto que el caf\u00e9 tiene para la salud. \u00a1Entra para descubrir los beneficios del caf\u00e9 para la salud!","breadcrumb":{"@id":"https:\/\/www.baque.com\/es\/blog\/cafe-y-salud\/#breadcrumb"},"inLanguage":"es","potentialAction":[{"@type":"ReadAction","target":["https:\/\/www.baque.com\/es\/blog\/cafe-y-salud\/"]}]},{"@type":"ImageObject","inLanguage":"es","@id":"https:\/\/www.baque.com\/es\/blog\/cafe-y-salud\/#primaryimage","url":"https:\/\/www.baque.com\/wp-content\/uploads\/2022\/04\/cafe-y-salud.jpg","contentUrl":"https:\/\/www.baque.com\/wp-content\/uploads\/2022\/04\/cafe-y-salud.jpg","width":1000,"height":667,"caption":"El caf\u00e9 y la salud: una relaci\u00f3n de amor que desconoc\u00edas"},{"@type":"BreadcrumbList","@id":"https:\/\/www.baque.com\/es\/blog\/cafe-y-salud\/#breadcrumb","itemListElement":[{"@type":"ListItem","position":1,"name":"Portada","item":"https:\/\/www.baque.com\/es\/"},{"@type":"ListItem","position":2,"name":"El caf\u00e9 y la salud: una relaci\u00f3n de amor que desconoc\u00edas"}]},{"@type":"WebSite","@id":"https:\/\/www.baque.com\/es\/#website","url":"https:\/\/www.baque.com\/es\/","name":"Caf\u00e9s Baqu\u00e9","description":"Somos l\u00edderes en hosteler\u00eda en Pa\u00eds Vasco y La Rioja y una de las marcas m\u00e1s reconocidas en el mercado nacional. Somos una empresa familiar en constante innovaci\u00f3n en el producto. Tostamos y distribuimos caf\u00e9 molido, en grano y c\u00e1psulas para disfrutar en casa, en el bar y en la oficina.","potentialAction":[{"@type":"SearchAction","target":{"@type":"EntryPoint","urlTemplate":"https:\/\/www.baque.com\/es\/?s={search_term_string}"},"query-input":{"@type":"PropertyValueSpecification","valueRequired":true,"valueName":"search_term_string"}}],"inLanguage":"es"},{"@type":"Person","@id":"https:\/\/www.baque.com\/es\/#\/schema\/person\/eeebcc1a7829805bd03294e88a225b36","name":"Ruben Sirope","image":{"@type":"ImageObject","inLanguage":"es","@id":"https:\/\/secure.gravatar.com\/avatar\/dffc3f6ecfda9ed054a85500c427b0583cbccbffee91c9116649fbd61a94081e?s=96&d=mm&r=g","url":"https:\/\/secure.gravatar.com\/avatar\/dffc3f6ecfda9ed054a85500c427b0583cbccbffee91c9116649fbd61a94081e?s=96&d=mm&r=g","contentUrl":"https:\/\/secure.gravatar.com\/avatar\/dffc3f6ecfda9ed054a85500c427b0583cbccbffee91c9116649fbd61a94081e?s=96&d=mm&r=g","caption":"Ruben Sirope"}}]}},"_links":{"self":[{"href":"https:\/\/www.baque.com\/es\/wp-json\/wp\/v2\/posts\/811304","targetHints":{"allow":["GET"]}}],"collection":[{"href":"https:\/\/www.baque.com\/es\/wp-json\/wp\/v2\/posts"}],"about":[{"href":"https:\/\/www.baque.com\/es\/wp-json\/wp\/v2\/types\/post"}],"author":[{"embeddable":true,"href":"https:\/\/www.baque.com\/es\/wp-json\/wp\/v2\/users\/5116"}],"replies":[{"embeddable":true,"href":"https:\/\/www.baque.com\/es\/wp-json\/wp\/v2\/comments?post=811304"}],"version-history":[{"count":2,"href":"https:\/\/www.baque.com\/es\/wp-json\/wp\/v2\/posts\/811304\/revisions"}],"predecessor-version":[{"id":811306,"href":"https:\/\/www.baque.com\/es\/wp-json\/wp\/v2\/posts\/811304\/revisions\/811306"}],"wp:featuredmedia":[{"embeddable":true,"href":"https:\/\/www.baque.com\/es\/wp-json\/wp\/v2\/media\/811320"}],"wp:attachment":[{"href":"https:\/\/www.baque.com\/es\/wp-json\/wp\/v2\/media?parent=811304"}],"wp:term":[{"taxonomy":"category","embeddable":true,"href":"https:\/\/www.baque.com\/es\/wp-json\/wp\/v2\/categories?post=811304"},{"taxonomy":"post_tag","embeddable":true,"href":"https:\/\/www.baque.com\/es\/wp-json\/wp\/v2\/tags?post=811304"}],"curies":[{"name":"wp","href":"https:\/\/api.w.org\/{rel}","templated":true}]}}