
{"id":866733,"date":"2022-05-20T13:20:26","date_gmt":"2022-05-20T11:20:26","guid":{"rendered":"https:\/\/www.baque.com\/?p=866733"},"modified":"2022-05-20T13:20:26","modified_gmt":"2022-05-20T11:20:26","slug":"nuevas-capsulas-compostables","status":"publish","type":"post","link":"https:\/\/www.baque.com\/es\/blog\/nuevas-capsulas-compostables\/","title":{"rendered":"La c\u00e1psulas compostables, \u00bfson la mejor soluci\u00f3n al caf\u00e9 en c\u00e1psulas?"},"content":{"rendered":"<p>El caf\u00e9 es el segundo producto m\u00e1s consumido al a\u00f1o y la venta de c\u00e1psulas crece periodo tras periodo. Por eso, desde las empresas cafeteras tenemos la obligaci\u00f3n de buscar las opciones m\u00e1s sostenibles que existen para reducir la generaci\u00f3n de residuos y facilitar el reciclaje en casa.<\/p>\n<p>En 2018, hace ya 4 a\u00f1os, lanzamos nuestras <a href=\"https:\/\/www.baque.com\/es\/blog\/capsulas-compostables-efecto-barrera\/\">primeras c\u00e1psulas 100% compostables<\/a> con efecto barrera, las primeras de este tipo en el mercado. \u00bfEso que significa? Por un lado, que nuestro compromiso con la sostenibilidad es real y por otro, que en menos de 3 meses se degradan por completo.<\/p>\n<p>Adem\u00e1s, en su fabricaci\u00f3n se emplean <em>\u2018materiales barrera\u2019<\/em>, componentes que a\u00edslan y protegen al caf\u00e9 para su mejor conservaci\u00f3n evitando la oxidaci\u00f3n de este. Estas c\u00e1psulas son <a href=\"https:\/\/www.baque.com\/es\/comprar\/cafe-capsulas\/compostables-nespresso\/\">compatibles con cafeteras Nespresso\u00ae<\/a> y puedes desecharlas en el contenedor marr\u00f3n de org\u00e1nico para que se puedan compostar en una planta industrial.<\/p>\n<h2>Nuevas c\u00e1psulas compostables<\/h2>\n<p>Desde entonces hasta ahora, la innovaci\u00f3n tecnol\u00f3gica alimentaria ha avanzado mucho y desde Caf\u00e9s Baqu\u00e9 hemos seguido buscando opciones que permitieran un uso sostenible sin renunciar al sabor y calidad de nuestros caf\u00e9s.<\/p>\n<p>En este aspecto, lanzamos <a href=\"https:\/\/capsulascompostables.es\/\">las nuevas c\u00e1psulas compostables<\/a> Caf\u00e9s Baqu\u00e9 que mejoran la experiencia de uso con un nuevo envasado tan compostable como el anterior, pero mejorando la extracci\u00f3n del caf\u00e9, para obtener con estas c\u00e1psulas la mejor crema de nuestro caf\u00e9.<\/p>\n<p>Estas nuevas c\u00e1psulas, respetuosas al 100% con el medioambiente, generan cero residuos de forma f\u00e1cil: simplemente des\u00e9chalas en el contenedor marr\u00f3n y se convertir\u00e1n en abono 100%, pues ser\u00e1n tratadas en una planta de compostaje industrial donde aseguran las condiciones \u00f3ptimas de temperatura, humedad y ox\u00edgeno.<\/p>\n<p>Sus materiales son 100% naturales y renovables: almid\u00f3n, fibras vegetales, aditivos biodegradables, glucosa y materiales de relleno inorg\u00e1nicos que hacen que sea una c\u00e1psula vegana libre de organismos modificados gen\u00e9ticamente (OGM), gluten free y sin aluminio.<\/p>\n<h2>\u00bfY las c\u00e1psulas de aluminio?<\/h2>\n<p>Se estima que cada minuto se desechan alrededor de 15.000 c\u00e1psulas de aluminio y pl\u00e1stico al cubo de los residuos, lo que son m\u00e1s de 7.000 millones de c\u00e1psulas al a\u00f1o. Su desintegraci\u00f3n es muy lenta y pueden alargarse m\u00e1s de 100 a\u00f1os. Esto supone, evidentemente, un problema de gesti\u00f3n de residuos.<\/p>\n<p>El aluminio es un material que se puede reciclar, pero como las c\u00e1psulas contienen caf\u00e9, requieren que el reciclado de las mismas se realice en un contenedor espec\u00edfico, de tal manera que, pese a ser una opci\u00f3n sostenible (si se realiza correctamente), es complicada de llevar a cabo ya que exige un compromiso personal en nuestros hogares para separar estos residuos de forma independiente y desplazarse a los lugares d\u00f3nde disponen de estos contenedores. A penas el 12% de lxs usuarixs deposita las c\u00e1psulas de aluminio en los puntos adecuados, muchas plantas de reciclaje no est\u00e1n a\u00fan preparadas para la gesti\u00f3n de estos peque\u00f1os residuos que acaban muchas veces mezclados con pl\u00e1sticos u otros residuos.<\/p>\n<p>Atendiendo a razones de usabilidad, las nuevas c\u00e1psulas compostables siguen siendo la mejor opci\u00f3n para quienes pretenden cuidar del medioambiente por los materiales con que est\u00e1n elaboradas y la sencillez a la hora de ser recicladas ya que la mayor\u00eda de los municipios ya cuentan con contenedores marrones de materia org\u00e1nica en sus calles.<\/p>\n<p>\u00a1<a href=\"https:\/\/www.baque.com\/es\/conocenos\/calidad-sostenible\/\">\u00danete a la sostenibilidad<\/a> con nuestras c\u00e1psulas compostables!<\/p>\n<p>&nbsp;<\/p>\n","protected":false},"excerpt":{"rendered":"<p>El caf\u00e9 es el segundo producto m\u00e1s consumido al a\u00f1o y la venta de c\u00e1psulas crece periodo tras periodo. Por eso, desde las empresas cafeteras tenemos la obligaci\u00f3n de buscar las opciones m\u00e1s sostenibles que existen para reducir la generaci\u00f3n de residuos y facilitar el reciclaje en casa. En 2018, hace ya 4 a\u00f1os, lanzamos [&hellip;]<\/p>\n","protected":false},"author":5116,"featured_media":866742,"comment_status":"open","ping_status":"open","sticky":false,"template":"","format":"standard","meta":{"_acf_changed":false,"footnotes":""},"categories":[519],"tags":[],"class_list":["post-866733","post","type-post","status-publish","format-standard","has-post-thumbnail","hentry","category-sostenibilidad"],"acf":[],"yoast_head":"<!-- This site is optimized with the Yoast SEO plugin v27.3 - https:\/\/yoast.com\/product\/yoast-seo-wordpress\/ -->\n<title>La c\u00e1psulas compostables, \u00bfson la mejor soluci\u00f3n al caf\u00e9 en c\u00e1psulas? | Cafes Baqu\u00e9<\/title>\n<meta name=\"description\" content=\"\u00a1Lanzamos las nuevas c\u00e1psulas compostables que mejoran la experiencia de uso con un nuevo envasado tan compostable como el anterior!\" \/>\n<meta name=\"robots\" content=\"index, follow, max-snippet:-1, max-image-preview:large, max-video-preview:-1\" \/>\n<meta property=\"og:locale\" content=\"es_ES\" \/>\n<meta property=\"og:type\" content=\"article\" \/>\n<meta property=\"og:title\" content=\"La c\u00e1psulas compostables, \u00bfson la mejor soluci\u00f3n al caf\u00e9 en c\u00e1psulas?\" \/>\n<meta property=\"og:description\" content=\"\u00a1Lanzamos las nuevas c\u00e1psulas compostables que mejoran la experiencia de uso con un nuevo envasado tan compostable como el anterior!\" \/>\n<meta property=\"og:url\" content=\"https:\/\/www.baque.com\/es\/blog\/nuevas-capsulas-compostables\/\" \/>\n<meta property=\"og:site_name\" content=\"Caf\u00e9s Baqu\u00e9\" \/>\n<meta property=\"article:published_time\" content=\"2022-05-20T11:20:26+00:00\" \/>\n<meta property=\"og:image\" content=\"https:\/\/www.baque.com\/wp-content\/uploads\/2022\/05\/nuevas-capsulas-compostables.jpg\" \/>\n\t<meta property=\"og:image:width\" content=\"800\" \/>\n\t<meta property=\"og:image:height\" content=\"533\" \/>\n\t<meta property=\"og:image:type\" content=\"image\/jpeg\" \/>\n<meta name=\"author\" content=\"Ruben Sirope\" \/>\n<meta name=\"twitter:card\" content=\"summary_large_image\" \/>\n<meta name=\"twitter:title\" content=\"La c\u00e1psulas compostables, \u00bfson la mejor soluci\u00f3n al caf\u00e9 en c\u00e1psulas?\" \/>\n<meta name=\"twitter:description\" content=\"\u00a1Lanzamos las nuevas c\u00e1psulas compostables que mejoran la experiencia de uso con un nuevo envasado tan compostable como el anterior!\" \/>\n<meta name=\"twitter:image\" content=\"https:\/\/www.baque.com\/wp-content\/uploads\/2022\/05\/nuevas-capsulas-compostables.jpg\" \/>\n<meta name=\"twitter:label1\" content=\"Escrito por\" \/>\n\t<meta name=\"twitter:data1\" content=\"Ruben Sirope\" \/>\n\t<meta name=\"twitter:label2\" content=\"Tiempo de lectura\" \/>\n\t<meta name=\"twitter:data2\" content=\"3 minutos\" \/>\n<script type=\"application\/ld+json\" class=\"yoast-schema-graph\">{\"@context\":\"https:\\\/\\\/schema.org\",\"@graph\":[{\"@type\":\"Article\",\"@id\":\"https:\\\/\\\/www.baque.com\\\/es\\\/blog\\\/nuevas-capsulas-compostables\\\/#article\",\"isPartOf\":{\"@id\":\"https:\\\/\\\/www.baque.com\\\/es\\\/blog\\\/nuevas-capsulas-compostables\\\/\"},\"author\":{\"name\":\"Ruben Sirope\",\"@id\":\"https:\\\/\\\/www.baque.com\\\/es\\\/#\\\/schema\\\/person\\\/eeebcc1a7829805bd03294e88a225b36\"},\"headline\":\"La c\u00e1psulas compostables, \u00bfson la mejor soluci\u00f3n al caf\u00e9 en c\u00e1psulas?\",\"datePublished\":\"2022-05-20T11:20:26+00:00\",\"mainEntityOfPage\":{\"@id\":\"https:\\\/\\\/www.baque.com\\\/es\\\/blog\\\/nuevas-capsulas-compostables\\\/\"},\"wordCount\":607,\"commentCount\":0,\"image\":{\"@id\":\"https:\\\/\\\/www.baque.com\\\/es\\\/blog\\\/nuevas-capsulas-compostables\\\/#primaryimage\"},\"thumbnailUrl\":\"https:\\\/\\\/www.baque.com\\\/wp-content\\\/uploads\\\/2022\\\/05\\\/nuevas-capsulas-compostables.jpg\",\"articleSection\":[\"Sostenibilidad\"],\"inLanguage\":\"es\",\"potentialAction\":[{\"@type\":\"CommentAction\",\"name\":\"Comment\",\"target\":[\"https:\\\/\\\/www.baque.com\\\/es\\\/blog\\\/nuevas-capsulas-compostables\\\/#respond\"]}]},{\"@type\":\"WebPage\",\"@id\":\"https:\\\/\\\/www.baque.com\\\/es\\\/blog\\\/nuevas-capsulas-compostables\\\/\",\"url\":\"https:\\\/\\\/www.baque.com\\\/es\\\/blog\\\/nuevas-capsulas-compostables\\\/\",\"name\":\"La c\u00e1psulas compostables, \u00bfson la mejor soluci\u00f3n al caf\u00e9 en c\u00e1psulas? | Cafes Baqu\u00e9\",\"isPartOf\":{\"@id\":\"https:\\\/\\\/www.baque.com\\\/es\\\/#website\"},\"primaryImageOfPage\":{\"@id\":\"https:\\\/\\\/www.baque.com\\\/es\\\/blog\\\/nuevas-capsulas-compostables\\\/#primaryimage\"},\"image\":{\"@id\":\"https:\\\/\\\/www.baque.com\\\/es\\\/blog\\\/nuevas-capsulas-compostables\\\/#primaryimage\"},\"thumbnailUrl\":\"https:\\\/\\\/www.baque.com\\\/wp-content\\\/uploads\\\/2022\\\/05\\\/nuevas-capsulas-compostables.jpg\",\"datePublished\":\"2022-05-20T11:20:26+00:00\",\"author\":{\"@id\":\"https:\\\/\\\/www.baque.com\\\/es\\\/#\\\/schema\\\/person\\\/eeebcc1a7829805bd03294e88a225b36\"},\"description\":\"\u00a1Lanzamos las nuevas c\u00e1psulas compostables que mejoran la experiencia de uso con un nuevo envasado tan compostable como el anterior!\",\"breadcrumb\":{\"@id\":\"https:\\\/\\\/www.baque.com\\\/es\\\/blog\\\/nuevas-capsulas-compostables\\\/#breadcrumb\"},\"inLanguage\":\"es\",\"potentialAction\":[{\"@type\":\"ReadAction\",\"target\":[\"https:\\\/\\\/www.baque.com\\\/es\\\/blog\\\/nuevas-capsulas-compostables\\\/\"]}]},{\"@type\":\"ImageObject\",\"inLanguage\":\"es\",\"@id\":\"https:\\\/\\\/www.baque.com\\\/es\\\/blog\\\/nuevas-capsulas-compostables\\\/#primaryimage\",\"url\":\"https:\\\/\\\/www.baque.com\\\/wp-content\\\/uploads\\\/2022\\\/05\\\/nuevas-capsulas-compostables.jpg\",\"contentUrl\":\"https:\\\/\\\/www.baque.com\\\/wp-content\\\/uploads\\\/2022\\\/05\\\/nuevas-capsulas-compostables.jpg\",\"width\":800,\"height\":533,\"caption\":\"Nuevas c\u00e1psulas compostables\"},{\"@type\":\"BreadcrumbList\",\"@id\":\"https:\\\/\\\/www.baque.com\\\/es\\\/blog\\\/nuevas-capsulas-compostables\\\/#breadcrumb\",\"itemListElement\":[{\"@type\":\"ListItem\",\"position\":1,\"name\":\"Portada\",\"item\":\"https:\\\/\\\/www.baque.com\\\/es\\\/\"},{\"@type\":\"ListItem\",\"position\":2,\"name\":\"La c\u00e1psulas compostables, \u00bfson la mejor soluci\u00f3n al caf\u00e9 en c\u00e1psulas?\"}]},{\"@type\":\"WebSite\",\"@id\":\"https:\\\/\\\/www.baque.com\\\/es\\\/#website\",\"url\":\"https:\\\/\\\/www.baque.com\\\/es\\\/\",\"name\":\"Caf\u00e9s Baqu\u00e9\",\"description\":\"Somos l\u00edderes en hosteler\u00eda en Pa\u00eds Vasco y La Rioja y una de las marcas m\u00e1s reconocidas en el mercado nacional. Somos una empresa familiar en constante innovaci\u00f3n en el producto. Tostamos y distribuimos caf\u00e9 molido, en grano y c\u00e1psulas para disfrutar en casa, en el bar y en la oficina.\",\"potentialAction\":[{\"@type\":\"SearchAction\",\"target\":{\"@type\":\"EntryPoint\",\"urlTemplate\":\"https:\\\/\\\/www.baque.com\\\/es\\\/?s={search_term_string}\"},\"query-input\":{\"@type\":\"PropertyValueSpecification\",\"valueRequired\":true,\"valueName\":\"search_term_string\"}}],\"inLanguage\":\"es\"},{\"@type\":\"Person\",\"@id\":\"https:\\\/\\\/www.baque.com\\\/es\\\/#\\\/schema\\\/person\\\/eeebcc1a7829805bd03294e88a225b36\",\"name\":\"Ruben Sirope\",\"image\":{\"@type\":\"ImageObject\",\"inLanguage\":\"es\",\"@id\":\"https:\\\/\\\/secure.gravatar.com\\\/avatar\\\/dffc3f6ecfda9ed054a85500c427b0583cbccbffee91c9116649fbd61a94081e?s=96&d=mm&r=g\",\"url\":\"https:\\\/\\\/secure.gravatar.com\\\/avatar\\\/dffc3f6ecfda9ed054a85500c427b0583cbccbffee91c9116649fbd61a94081e?s=96&d=mm&r=g\",\"contentUrl\":\"https:\\\/\\\/secure.gravatar.com\\\/avatar\\\/dffc3f6ecfda9ed054a85500c427b0583cbccbffee91c9116649fbd61a94081e?s=96&d=mm&r=g\",\"caption\":\"Ruben Sirope\"}}]}<\/script>\n<!-- \/ Yoast SEO plugin. -->","yoast_head_json":{"title":"La c\u00e1psulas compostables, \u00bfson la mejor soluci\u00f3n al caf\u00e9 en c\u00e1psulas? | Cafes Baqu\u00e9","description":"\u00a1Lanzamos las nuevas c\u00e1psulas compostables que mejoran la experiencia de uso con un nuevo envasado tan compostable como el anterior!","robots":{"index":"index","follow":"follow","max-snippet":"max-snippet:-1","max-image-preview":"max-image-preview:large","max-video-preview":"max-video-preview:-1"},"og_locale":"es_ES","og_type":"article","og_title":"La c\u00e1psulas compostables, \u00bfson la mejor soluci\u00f3n al caf\u00e9 en c\u00e1psulas?","og_description":"\u00a1Lanzamos las nuevas c\u00e1psulas compostables que mejoran la experiencia de uso con un nuevo envasado tan compostable como el anterior!","og_url":"https:\/\/www.baque.com\/es\/blog\/nuevas-capsulas-compostables\/","og_site_name":"Caf\u00e9s Baqu\u00e9","article_published_time":"2022-05-20T11:20:26+00:00","og_image":[{"width":800,"height":533,"url":"https:\/\/www.baque.com\/wp-content\/uploads\/2022\/05\/nuevas-capsulas-compostables.jpg","type":"image\/jpeg"}],"author":"Ruben Sirope","twitter_card":"summary_large_image","twitter_title":"La c\u00e1psulas compostables, \u00bfson la mejor soluci\u00f3n al caf\u00e9 en c\u00e1psulas?","twitter_description":"\u00a1Lanzamos las nuevas c\u00e1psulas compostables que mejoran la experiencia de uso con un nuevo envasado tan compostable como el anterior!","twitter_image":"https:\/\/www.baque.com\/wp-content\/uploads\/2022\/05\/nuevas-capsulas-compostables.jpg","twitter_misc":{"Escrito por":"Ruben Sirope","Tiempo de lectura":"3 minutos"},"schema":{"@context":"https:\/\/schema.org","@graph":[{"@type":"Article","@id":"https:\/\/www.baque.com\/es\/blog\/nuevas-capsulas-compostables\/#article","isPartOf":{"@id":"https:\/\/www.baque.com\/es\/blog\/nuevas-capsulas-compostables\/"},"author":{"name":"Ruben Sirope","@id":"https:\/\/www.baque.com\/es\/#\/schema\/person\/eeebcc1a7829805bd03294e88a225b36"},"headline":"La c\u00e1psulas compostables, \u00bfson la mejor soluci\u00f3n al caf\u00e9 en c\u00e1psulas?","datePublished":"2022-05-20T11:20:26+00:00","mainEntityOfPage":{"@id":"https:\/\/www.baque.com\/es\/blog\/nuevas-capsulas-compostables\/"},"wordCount":607,"commentCount":0,"image":{"@id":"https:\/\/www.baque.com\/es\/blog\/nuevas-capsulas-compostables\/#primaryimage"},"thumbnailUrl":"https:\/\/www.baque.com\/wp-content\/uploads\/2022\/05\/nuevas-capsulas-compostables.jpg","articleSection":["Sostenibilidad"],"inLanguage":"es","potentialAction":[{"@type":"CommentAction","name":"Comment","target":["https:\/\/www.baque.com\/es\/blog\/nuevas-capsulas-compostables\/#respond"]}]},{"@type":"WebPage","@id":"https:\/\/www.baque.com\/es\/blog\/nuevas-capsulas-compostables\/","url":"https:\/\/www.baque.com\/es\/blog\/nuevas-capsulas-compostables\/","name":"La c\u00e1psulas compostables, \u00bfson la mejor soluci\u00f3n al caf\u00e9 en c\u00e1psulas? | Cafes Baqu\u00e9","isPartOf":{"@id":"https:\/\/www.baque.com\/es\/#website"},"primaryImageOfPage":{"@id":"https:\/\/www.baque.com\/es\/blog\/nuevas-capsulas-compostables\/#primaryimage"},"image":{"@id":"https:\/\/www.baque.com\/es\/blog\/nuevas-capsulas-compostables\/#primaryimage"},"thumbnailUrl":"https:\/\/www.baque.com\/wp-content\/uploads\/2022\/05\/nuevas-capsulas-compostables.jpg","datePublished":"2022-05-20T11:20:26+00:00","author":{"@id":"https:\/\/www.baque.com\/es\/#\/schema\/person\/eeebcc1a7829805bd03294e88a225b36"},"description":"\u00a1Lanzamos las nuevas c\u00e1psulas compostables que mejoran la experiencia de uso con un nuevo envasado tan compostable como el anterior!","breadcrumb":{"@id":"https:\/\/www.baque.com\/es\/blog\/nuevas-capsulas-compostables\/#breadcrumb"},"inLanguage":"es","potentialAction":[{"@type":"ReadAction","target":["https:\/\/www.baque.com\/es\/blog\/nuevas-capsulas-compostables\/"]}]},{"@type":"ImageObject","inLanguage":"es","@id":"https:\/\/www.baque.com\/es\/blog\/nuevas-capsulas-compostables\/#primaryimage","url":"https:\/\/www.baque.com\/wp-content\/uploads\/2022\/05\/nuevas-capsulas-compostables.jpg","contentUrl":"https:\/\/www.baque.com\/wp-content\/uploads\/2022\/05\/nuevas-capsulas-compostables.jpg","width":800,"height":533,"caption":"Nuevas c\u00e1psulas compostables"},{"@type":"BreadcrumbList","@id":"https:\/\/www.baque.com\/es\/blog\/nuevas-capsulas-compostables\/#breadcrumb","itemListElement":[{"@type":"ListItem","position":1,"name":"Portada","item":"https:\/\/www.baque.com\/es\/"},{"@type":"ListItem","position":2,"name":"La c\u00e1psulas compostables, \u00bfson la mejor soluci\u00f3n al caf\u00e9 en c\u00e1psulas?"}]},{"@type":"WebSite","@id":"https:\/\/www.baque.com\/es\/#website","url":"https:\/\/www.baque.com\/es\/","name":"Caf\u00e9s Baqu\u00e9","description":"Somos l\u00edderes en hosteler\u00eda en Pa\u00eds Vasco y La Rioja y una de las marcas m\u00e1s reconocidas en el mercado nacional. Somos una empresa familiar en constante innovaci\u00f3n en el producto. Tostamos y distribuimos caf\u00e9 molido, en grano y c\u00e1psulas para disfrutar en casa, en el bar y en la oficina.","potentialAction":[{"@type":"SearchAction","target":{"@type":"EntryPoint","urlTemplate":"https:\/\/www.baque.com\/es\/?s={search_term_string}"},"query-input":{"@type":"PropertyValueSpecification","valueRequired":true,"valueName":"search_term_string"}}],"inLanguage":"es"},{"@type":"Person","@id":"https:\/\/www.baque.com\/es\/#\/schema\/person\/eeebcc1a7829805bd03294e88a225b36","name":"Ruben Sirope","image":{"@type":"ImageObject","inLanguage":"es","@id":"https:\/\/secure.gravatar.com\/avatar\/dffc3f6ecfda9ed054a85500c427b0583cbccbffee91c9116649fbd61a94081e?s=96&d=mm&r=g","url":"https:\/\/secure.gravatar.com\/avatar\/dffc3f6ecfda9ed054a85500c427b0583cbccbffee91c9116649fbd61a94081e?s=96&d=mm&r=g","contentUrl":"https:\/\/secure.gravatar.com\/avatar\/dffc3f6ecfda9ed054a85500c427b0583cbccbffee91c9116649fbd61a94081e?s=96&d=mm&r=g","caption":"Ruben Sirope"}}]}},"_links":{"self":[{"href":"https:\/\/www.baque.com\/es\/wp-json\/wp\/v2\/posts\/866733","targetHints":{"allow":["GET"]}}],"collection":[{"href":"https:\/\/www.baque.com\/es\/wp-json\/wp\/v2\/posts"}],"about":[{"href":"https:\/\/www.baque.com\/es\/wp-json\/wp\/v2\/types\/post"}],"author":[{"embeddable":true,"href":"https:\/\/www.baque.com\/es\/wp-json\/wp\/v2\/users\/5116"}],"replies":[{"embeddable":true,"href":"https:\/\/www.baque.com\/es\/wp-json\/wp\/v2\/comments?post=866733"}],"version-history":[{"count":2,"href":"https:\/\/www.baque.com\/es\/wp-json\/wp\/v2\/posts\/866733\/revisions"}],"predecessor-version":[{"id":866750,"href":"https:\/\/www.baque.com\/es\/wp-json\/wp\/v2\/posts\/866733\/revisions\/866750"}],"wp:featuredmedia":[{"embeddable":true,"href":"https:\/\/www.baque.com\/es\/wp-json\/wp\/v2\/media\/866742"}],"wp:attachment":[{"href":"https:\/\/www.baque.com\/es\/wp-json\/wp\/v2\/media?parent=866733"}],"wp:term":[{"taxonomy":"category","embeddable":true,"href":"https:\/\/www.baque.com\/es\/wp-json\/wp\/v2\/categories?post=866733"},{"taxonomy":"post_tag","embeddable":true,"href":"https:\/\/www.baque.com\/es\/wp-json\/wp\/v2\/tags?post=866733"}],"curies":[{"name":"wp","href":"https:\/\/api.w.org\/{rel}","templated":true}]}}